{"id":8317,"date":"2014-02-05T00:00:00","date_gmt":"2014-02-04T23:00:00","guid":{"rendered":"https:\/\/www.musikzeitung.ch\/allgemein\/schattenhafte-klangpoesie\/"},"modified":"2024-10-07T14:53:02","modified_gmt":"2024-10-07T12:53:02","slug":"schattenhafte-klangpoesie","status":"publish","type":"post","link":"https:\/\/www.musikzeitung.ch\/it\/rezensionen\/tontraeger-rezensionen\/2014\/02\/schattenhafte-klangpoesie","title":{"rendered":"Poesia sonora ombrosa"},"content":{"rendered":"<figure style=\"width: 554px\" class=\"wp-caption alignnone\"><img loading=\"lazy\" decoding=\"async\" src=\"https:\/\/www.musikzeitung.ch\/wp-content\/uploads\/2023\/01\/Wohlhauser-1.jpg\" alt=\"\" width=\"554\" height=\"371\" \/><figcaption class=\"wp-caption-text\">Christine Simolka e Ren\u00e9 Wohlhauser. Foto: Martin Spiess<\/figcaption><\/figure>\n<div class=\"text-section\">\n<p>\"Creare microstrutture complesse, lavorare con frammenti di un mondo frammentario che si uniscono per formare nuovi conglomerati sonori che possono aprire nuove esperienze e prospettive per il pubblico\". Queste sono le premesse compositive di Ren\u00e9 Wohlhauser, un artista interdisciplinare attivo come compositore, improvvisatore, pianista, baritono, insegnante di musica, teorico e scrittore. Il poliedrico artista, che insegna all'Accademia di Musica di Basilea, ha ora registrato uno dei suoi cicli di opere centrali con il proprio ensemble: <em>Il ciclo di Marakra <\/em>(2006-2011) - inizio con successo della \"Wohlhauser Edition\" su etichetta Neos.<\/p>\n<p>Titoli come <em>mira schinak<\/em>, <em>'Srang<\/em>, <em>Sokrak<\/em> e <em>Caritina<\/em> sembrano esoterici per esotici, ma si basano sul fatto che questi pezzi sono basati sulla poesia sonora (prodotta internamente, ovviamente). Essi sovrascrivono la musica con una notevole chiarezza di dizione. Webern e Scelsi sembrano aver ispirato Wohlhauser in egual misura.<\/p>\n<p>L'impegno costruttivo caratterizza i brani per soprano, baritono, flauto, clarinetto, violino, violoncello, pianoforte e percussioni (in varie combinazioni tra assolo e ensemble completo), cos\u00ec come gli aspetti del fugace e del momentaneo, che conducono la musica in direzioni sempre nuove, perch\u00e9 i singoli elementi possono acquisire un proprio slancio produttivo in qualsiasi momento.<\/p>\n<p>L'\"esplorazione delle dimensioni profonde del suono\" \u00e8 l'obiettivo dichiarato dell'estetica di Wohlhauser, che si presenta come rumorosa, stazionaria o virtuosa e pu\u00f2 anche essere incentrata sulla pura produzione sonora. Molto importante per l'effetto di queste sonorit\u00e0 \u00e8 il soprano non agitato di Christine Simolka, che trasporta l'ascoltatore verso la <em>Codice Marakra 2<\/em>, il culmine drammatico e il punto finale del ciclo, dove il linguaggio fantastico di Wohlhauser si condensa in significati ingannevoli.<\/p>\n<div class=\"text-section\">\n<dl class=\"picture media photo\">\n<dt><img decoding=\"async\" class=\"media photo aligncenter\" src=\"https:\/\/old.musikzeitung.ch\/imaging\/stk\/musikzeitung\/article-image-left\/website\/de\/rezensionen\/tontraeger\/2014\/02\/wohlhauser-marakra\/content\/01\/imageBinary\/Mara2.jpg\" alt=\"Image \" \/><\/dt>\n<\/dl>\n<\/div>\n<div class=\"text-section\">\n<p><em>Ren\u00e9 Wohlhauser: Il ciclo di Marakra; Ensemble Polysono (Christine Simolka, soprano; Ursula Seiler Kombaratov, flauto; Igor Kombaratov, clarinetto; Markus Stolz, violoncello; Ren\u00e9 Wohlhauser, pianoforte, baritono e direttore; ospiti: Tabea Resin, flauto; Marzena Toczko, violino), Neos 11308<\/em><\/p>\n<\/div>\n<\/div>","protected":false},"excerpt":{"rendered":"<p><strong>Inizio promettente della \"Wohlhauser Edition\" con un ciclo centrale di opere basate sui suoi stessi poemi sonori. <\/strong><\/p>","protected":false},"author":1,"featured_media":8318,"comment_status":"closed","ping_status":"closed","sticky":false,"template":"","format":"standard","meta":{"_acf_changed":false,"_relevanssi_hide_post":"","_relevanssi_hide_content":"","_relevanssi_pin_for_all":"","_relevanssi_pin_keywords":"","_relevanssi_unpin_keywords":"","_relevanssi_related_keywords":"","_relevanssi_related_include_ids":"","_relevanssi_related_exclude_ids":"","_relevanssi_related_no_append":"","_relevanssi_related_not_related":"","_relevanssi_related_posts":"","_relevanssi_noindex_reason":"","pgc_sgb_lightbox_settings":"","footnotes":""},"categories":[29,1420],"tags":[],"class_list":["post-8317","post","type-post","status-publish","format-standard","has-post-thumbnail","hentry","category-rezensionen","category-tontraeger-rezensionen"],"acf":[],"yoast_head":"<!-- This site is optimized with the Yoast SEO plugin v27.4 - https:\/\/yoast.com\/product\/yoast-seo-wordpress\/ -->\n<title>Schattenhafte Klangpoesie - Schweizer Musikzeitung<\/title>\n<meta name=\"robots\" content=\"index, follow, max-snippet:-1, max-image-preview:large, max-video-preview:-1\" \/>\n<link rel=\"canonical\" href=\"https:\/\/www.musikzeitung.ch\/it\/rezensionen\/tontraeger-rezensionen\/2014\/02\/schattenhafte-klangpoesie\/\" \/>\n<meta property=\"og:locale\" content=\"it_IT\" \/>\n<meta property=\"og:type\" content=\"article\" \/>\n<meta property=\"og:title\" content=\"Schattenhafte Klangpoesie - Schweizer Musikzeitung\" \/>\n<meta property=\"og:description\" content=\"Vielverprechender Beginn der \u00abWohlhauser-Edition\u00bb mit einem zentralen Werkzyklus, der auf eignen Lautgedichten basiert.\" \/>\n<meta property=\"og:url\" content=\"https:\/\/www.musikzeitung.ch\/it\/rezensionen\/tontraeger-rezensionen\/2014\/02\/schattenhafte-klangpoesie\/\" \/>\n<meta property=\"og:site_name\" content=\"Schweizer Musikzeitung\" \/>\n<meta property=\"article:publisher\" content=\"https:\/\/www.facebook.com\/SchweizerMusikzeitung\/\" \/>\n<meta property=\"article:published_time\" content=\"2014-02-04T23:00:00+00:00\" \/>\n<meta property=\"article:modified_time\" content=\"2024-10-07T12:53:02+00:00\" \/>\n<meta property=\"og:image\" content=\"https:\/\/www.musikzeitung.ch\/wp-content\/uploads\/2023\/01\/Wohlhauser-1.jpg\" \/>\n\t<meta property=\"og:image:width\" content=\"554\" \/>\n\t<meta property=\"og:image:height\" content=\"371\" \/>\n\t<meta property=\"og:image:type\" content=\"image\/jpeg\" \/>\n<meta name=\"author\" content=\"Musikzeitung-Redaktion\" \/>\n<meta name=\"twitter:card\" content=\"summary_large_image\" \/>\n<meta name=\"twitter:creator\" content=\"@smusikzeitung\" \/>\n<meta name=\"twitter:site\" content=\"@smusikzeitung\" \/>\n<meta name=\"twitter:label1\" content=\"Scritto da\" \/>\n\t<meta name=\"twitter:data1\" content=\"Musikzeitung-Redaktion\" \/>\n\t<meta name=\"twitter:label2\" content=\"Tempo di lettura stimato\" \/>\n\t<meta name=\"twitter:data2\" content=\"3 minuti\" \/>\n<script type=\"application\/ld+json\" class=\"yoast-schema-graph\">{\"@context\":\"https:\\\/\\\/schema.org\",\"@graph\":[{\"@type\":\"Article\",\"@id\":\"https:\\\/\\\/www.musikzeitung.ch\\\/rezensionen\\\/tontraeger-rezensionen\\\/2014\\\/02\\\/schattenhafte-klangpoesie#article\",\"isPartOf\":{\"@id\":\"https:\\\/\\\/www.musikzeitung.ch\\\/rezensionen\\\/tontraeger-rezensionen\\\/2014\\\/02\\\/schattenhafte-klangpoesie\"},\"author\":{\"name\":\"Musikzeitung-Redaktion\",\"@id\":\"https:\\\/\\\/www.musikzeitung.ch\\\/#\\\/schema\\\/person\\\/b2fd892c800856270b9dcc6001265712\"},\"headline\":\"Schattenhafte Klangpoesie\",\"datePublished\":\"2014-02-04T23:00:00+00:00\",\"dateModified\":\"2024-10-07T12:53:02+00:00\",\"mainEntityOfPage\":{\"@id\":\"https:\\\/\\\/www.musikzeitung.ch\\\/rezensionen\\\/tontraeger-rezensionen\\\/2014\\\/02\\\/schattenhafte-klangpoesie\"},\"wordCount\":311,\"publisher\":{\"@id\":\"https:\\\/\\\/www.musikzeitung.ch\\\/#organization\"},\"image\":{\"@id\":\"https:\\\/\\\/www.musikzeitung.ch\\\/rezensionen\\\/tontraeger-rezensionen\\\/2014\\\/02\\\/schattenhafte-klangpoesie#primaryimage\"},\"thumbnailUrl\":\"https:\\\/\\\/www.musikzeitung.ch\\\/wp-content\\\/uploads\\\/2023\\\/01\\\/Wohlhauser-1.jpg\",\"articleSection\":[\"Rezensionen\",\"Tontr\u00e4ger\"],\"inLanguage\":\"it-IT\"},{\"@type\":\"WebPage\",\"@id\":\"https:\\\/\\\/www.musikzeitung.ch\\\/rezensionen\\\/tontraeger-rezensionen\\\/2014\\\/02\\\/schattenhafte-klangpoesie\",\"url\":\"https:\\\/\\\/www.musikzeitung.ch\\\/rezensionen\\\/tontraeger-rezensionen\\\/2014\\\/02\\\/schattenhafte-klangpoesie\",\"name\":\"Schattenhafte Klangpoesie - Schweizer Musikzeitung\",\"isPartOf\":{\"@id\":\"https:\\\/\\\/www.musikzeitung.ch\\\/#website\"},\"primaryImageOfPage\":{\"@id\":\"https:\\\/\\\/www.musikzeitung.ch\\\/rezensionen\\\/tontraeger-rezensionen\\\/2014\\\/02\\\/schattenhafte-klangpoesie#primaryimage\"},\"image\":{\"@id\":\"https:\\\/\\\/www.musikzeitung.ch\\\/rezensionen\\\/tontraeger-rezensionen\\\/2014\\\/02\\\/schattenhafte-klangpoesie#primaryimage\"},\"thumbnailUrl\":\"https:\\\/\\\/www.musikzeitung.ch\\\/wp-content\\\/uploads\\\/2023\\\/01\\\/Wohlhauser-1.jpg\",\"datePublished\":\"2014-02-04T23:00:00+00:00\",\"dateModified\":\"2024-10-07T12:53:02+00:00\",\"breadcrumb\":{\"@id\":\"https:\\\/\\\/www.musikzeitung.ch\\\/rezensionen\\\/tontraeger-rezensionen\\\/2014\\\/02\\\/schattenhafte-klangpoesie#breadcrumb\"},\"inLanguage\":\"it-IT\",\"potentialAction\":[{\"@type\":\"ReadAction\",\"target\":[\"https:\\\/\\\/www.musikzeitung.ch\\\/rezensionen\\\/tontraeger-rezensionen\\\/2014\\\/02\\\/schattenhafte-klangpoesie\"]}]},{\"@type\":\"ImageObject\",\"inLanguage\":\"it-IT\",\"@id\":\"https:\\\/\\\/www.musikzeitung.ch\\\/rezensionen\\\/tontraeger-rezensionen\\\/2014\\\/02\\\/schattenhafte-klangpoesie#primaryimage\",\"url\":\"https:\\\/\\\/www.musikzeitung.ch\\\/wp-content\\\/uploads\\\/2023\\\/01\\\/Wohlhauser-1.jpg\",\"contentUrl\":\"https:\\\/\\\/www.musikzeitung.ch\\\/wp-content\\\/uploads\\\/2023\\\/01\\\/Wohlhauser-1.jpg\",\"width\":554,\"height\":371},{\"@type\":\"BreadcrumbList\",\"@id\":\"https:\\\/\\\/www.musikzeitung.ch\\\/rezensionen\\\/tontraeger-rezensionen\\\/2014\\\/02\\\/schattenhafte-klangpoesie#breadcrumb\",\"itemListElement\":[{\"@type\":\"ListItem\",\"position\":1,\"name\":\"Home\",\"item\":\"https:\\\/\\\/www.musikzeitung.ch\\\/\"},{\"@type\":\"ListItem\",\"position\":2,\"name\":\"Schattenhafte Klangpoesie\"}]},{\"@type\":\"WebSite\",\"@id\":\"https:\\\/\\\/www.musikzeitung.ch\\\/#website\",\"url\":\"https:\\\/\\\/www.musikzeitung.ch\\\/\",\"name\":\"Schweizer Musikzeitung\",\"description\":\"Die f\u00fchrende sparten\u00fcbergreifende Monatszeitung in der Schweiz f\u00fcr musikalische Fragen.\",\"publisher\":{\"@id\":\"https:\\\/\\\/www.musikzeitung.ch\\\/#organization\"},\"potentialAction\":[{\"@type\":\"SearchAction\",\"target\":{\"@type\":\"EntryPoint\",\"urlTemplate\":\"https:\\\/\\\/www.musikzeitung.ch\\\/?s={search_term_string}\"},\"query-input\":{\"@type\":\"PropertyValueSpecification\",\"valueRequired\":true,\"valueName\":\"search_term_string\"}}],\"inLanguage\":\"it-IT\"},{\"@type\":\"Organization\",\"@id\":\"https:\\\/\\\/www.musikzeitung.ch\\\/#organization\",\"name\":\"Schweizer Musikzeitung\",\"url\":\"https:\\\/\\\/www.musikzeitung.ch\\\/\",\"logo\":{\"@type\":\"ImageObject\",\"inLanguage\":\"it-IT\",\"@id\":\"https:\\\/\\\/www.musikzeitung.ch\\\/#\\\/schema\\\/logo\\\/image\\\/\",\"url\":\"https:\\\/\\\/www.musikzeitung.ch\\\/wp-content\\\/uploads\\\/2023\\\/01\\\/SMZ_Schriftzug_Sprache.png\",\"contentUrl\":\"https:\\\/\\\/www.musikzeitung.ch\\\/wp-content\\\/uploads\\\/2023\\\/01\\\/SMZ_Schriftzug_Sprache.png\",\"width\":1400,\"height\":279,\"caption\":\"Schweizer Musikzeitung\"},\"image\":{\"@id\":\"https:\\\/\\\/www.musikzeitung.ch\\\/#\\\/schema\\\/logo\\\/image\\\/\"},\"sameAs\":[\"https:\\\/\\\/www.facebook.com\\\/SchweizerMusikzeitung\\\/\",\"https:\\\/\\\/x.com\\\/smusikzeitung\",\"https:\\\/\\\/www.instagram.com\\\/musikzeitung.ch\\\/\"]},{\"@type\":\"Person\",\"@id\":\"https:\\\/\\\/www.musikzeitung.ch\\\/#\\\/schema\\\/person\\\/b2fd892c800856270b9dcc6001265712\",\"name\":\"Musikzeitung-Redaktion\",\"image\":{\"@type\":\"ImageObject\",\"inLanguage\":\"it-IT\",\"@id\":\"https:\\\/\\\/www.musikzeitung.ch\\\/wp-content\\\/uploads\\\/2022\\\/05\\\/usericon_musikzeitung-96x96.jpg\",\"url\":\"https:\\\/\\\/www.musikzeitung.ch\\\/wp-content\\\/uploads\\\/2022\\\/05\\\/usericon_musikzeitung-96x96.jpg\",\"contentUrl\":\"https:\\\/\\\/www.musikzeitung.ch\\\/wp-content\\\/uploads\\\/2022\\\/05\\\/usericon_musikzeitung-96x96.jpg\",\"caption\":\"Musikzeitung-Redaktion\"},\"url\":\"https:\\\/\\\/www.musikzeitung.ch\\\/it\\\/author\\\/admin\"}]}<\/script>\n<!-- \/ Yoast SEO plugin. -->","yoast_head_json":{"title":"Poesia sonora ombrosa - Schweizer Musikzeitung","robots":{"index":"index","follow":"follow","max-snippet":"max-snippet:-1","max-image-preview":"max-image-preview:large","max-video-preview":"max-video-preview:-1"},"canonical":"https:\/\/www.musikzeitung.ch\/it\/rezensionen\/tontraeger-rezensionen\/2014\/02\/schattenhafte-klangpoesie\/","og_locale":"it_IT","og_type":"article","og_title":"Schattenhafte Klangpoesie - Schweizer Musikzeitung","og_description":"Vielverprechender Beginn der \u00abWohlhauser-Edition\u00bb mit einem zentralen Werkzyklus, der auf eignen Lautgedichten basiert.","og_url":"https:\/\/www.musikzeitung.ch\/it\/rezensionen\/tontraeger-rezensionen\/2014\/02\/schattenhafte-klangpoesie\/","og_site_name":"Schweizer Musikzeitung","article_publisher":"https:\/\/www.facebook.com\/SchweizerMusikzeitung\/","article_published_time":"2014-02-04T23:00:00+00:00","article_modified_time":"2024-10-07T12:53:02+00:00","og_image":[{"width":554,"height":371,"url":"https:\/\/www.musikzeitung.ch\/wp-content\/uploads\/2023\/01\/Wohlhauser-1.jpg","type":"image\/jpeg"}],"author":"Musikzeitung-Redaktion","twitter_card":"summary_large_image","twitter_creator":"@smusikzeitung","twitter_site":"@smusikzeitung","twitter_misc":{"Scritto da":"Musikzeitung-Redaktion","Tempo di lettura stimato":"3 minuti"},"schema":{"@context":"https:\/\/schema.org","@graph":[{"@type":"Article","@id":"https:\/\/www.musikzeitung.ch\/rezensionen\/tontraeger-rezensionen\/2014\/02\/schattenhafte-klangpoesie#article","isPartOf":{"@id":"https:\/\/www.musikzeitung.ch\/rezensionen\/tontraeger-rezensionen\/2014\/02\/schattenhafte-klangpoesie"},"author":{"name":"Musikzeitung-Redaktion","@id":"https:\/\/www.musikzeitung.ch\/#\/schema\/person\/b2fd892c800856270b9dcc6001265712"},"headline":"Schattenhafte Klangpoesie","datePublished":"2014-02-04T23:00:00+00:00","dateModified":"2024-10-07T12:53:02+00:00","mainEntityOfPage":{"@id":"https:\/\/www.musikzeitung.ch\/rezensionen\/tontraeger-rezensionen\/2014\/02\/schattenhafte-klangpoesie"},"wordCount":311,"publisher":{"@id":"https:\/\/www.musikzeitung.ch\/#organization"},"image":{"@id":"https:\/\/www.musikzeitung.ch\/rezensionen\/tontraeger-rezensionen\/2014\/02\/schattenhafte-klangpoesie#primaryimage"},"thumbnailUrl":"https:\/\/www.musikzeitung.ch\/wp-content\/uploads\/2023\/01\/Wohlhauser-1.jpg","articleSection":["Rezensionen","Tontr\u00e4ger"],"inLanguage":"it-IT"},{"@type":"WebPage","@id":"https:\/\/www.musikzeitung.ch\/rezensionen\/tontraeger-rezensionen\/2014\/02\/schattenhafte-klangpoesie","url":"https:\/\/www.musikzeitung.ch\/rezensionen\/tontraeger-rezensionen\/2014\/02\/schattenhafte-klangpoesie","name":"Poesia sonora ombrosa - Schweizer Musikzeitung","isPartOf":{"@id":"https:\/\/www.musikzeitung.ch\/#website"},"primaryImageOfPage":{"@id":"https:\/\/www.musikzeitung.ch\/rezensionen\/tontraeger-rezensionen\/2014\/02\/schattenhafte-klangpoesie#primaryimage"},"image":{"@id":"https:\/\/www.musikzeitung.ch\/rezensionen\/tontraeger-rezensionen\/2014\/02\/schattenhafte-klangpoesie#primaryimage"},"thumbnailUrl":"https:\/\/www.musikzeitung.ch\/wp-content\/uploads\/2023\/01\/Wohlhauser-1.jpg","datePublished":"2014-02-04T23:00:00+00:00","dateModified":"2024-10-07T12:53:02+00:00","breadcrumb":{"@id":"https:\/\/www.musikzeitung.ch\/rezensionen\/tontraeger-rezensionen\/2014\/02\/schattenhafte-klangpoesie#breadcrumb"},"inLanguage":"it-IT","potentialAction":[{"@type":"ReadAction","target":["https:\/\/www.musikzeitung.ch\/rezensionen\/tontraeger-rezensionen\/2014\/02\/schattenhafte-klangpoesie"]}]},{"@type":"ImageObject","inLanguage":"it-IT","@id":"https:\/\/www.musikzeitung.ch\/rezensionen\/tontraeger-rezensionen\/2014\/02\/schattenhafte-klangpoesie#primaryimage","url":"https:\/\/www.musikzeitung.ch\/wp-content\/uploads\/2023\/01\/Wohlhauser-1.jpg","contentUrl":"https:\/\/www.musikzeitung.ch\/wp-content\/uploads\/2023\/01\/Wohlhauser-1.jpg","width":554,"height":371},{"@type":"BreadcrumbList","@id":"https:\/\/www.musikzeitung.ch\/rezensionen\/tontraeger-rezensionen\/2014\/02\/schattenhafte-klangpoesie#breadcrumb","itemListElement":[{"@type":"ListItem","position":1,"name":"Home","item":"https:\/\/www.musikzeitung.ch\/"},{"@type":"ListItem","position":2,"name":"Schattenhafte Klangpoesie"}]},{"@type":"WebSite","@id":"https:\/\/www.musikzeitung.ch\/#website","url":"https:\/\/www.musikzeitung.ch\/","name":"Giornale musicale svizzero","description":"Il principale mensile interdisciplinare della Svizzera per le questioni musicali.","publisher":{"@id":"https:\/\/www.musikzeitung.ch\/#organization"},"potentialAction":[{"@type":"SearchAction","target":{"@type":"EntryPoint","urlTemplate":"https:\/\/www.musikzeitung.ch\/?s={search_term_string}"},"query-input":{"@type":"PropertyValueSpecification","valueRequired":true,"valueName":"search_term_string"}}],"inLanguage":"it-IT"},{"@type":"Organization","@id":"https:\/\/www.musikzeitung.ch\/#organization","name":"Giornale musicale svizzero","url":"https:\/\/www.musikzeitung.ch\/","logo":{"@type":"ImageObject","inLanguage":"it-IT","@id":"https:\/\/www.musikzeitung.ch\/#\/schema\/logo\/image\/","url":"https:\/\/www.musikzeitung.ch\/wp-content\/uploads\/2023\/01\/SMZ_Schriftzug_Sprache.png","contentUrl":"https:\/\/www.musikzeitung.ch\/wp-content\/uploads\/2023\/01\/SMZ_Schriftzug_Sprache.png","width":1400,"height":279,"caption":"Schweizer Musikzeitung"},"image":{"@id":"https:\/\/www.musikzeitung.ch\/#\/schema\/logo\/image\/"},"sameAs":["https:\/\/www.facebook.com\/SchweizerMusikzeitung\/","https:\/\/x.com\/smusikzeitung","https:\/\/www.instagram.com\/musikzeitung.ch\/"]},{"@type":"Person","@id":"https:\/\/www.musikzeitung.ch\/#\/schema\/person\/b2fd892c800856270b9dcc6001265712","name":"Redazione Musikzeitung","image":{"@type":"ImageObject","inLanguage":"it-IT","@id":"https:\/\/www.musikzeitung.ch\/wp-content\/uploads\/2022\/05\/usericon_musikzeitung-96x96.jpg","url":"https:\/\/www.musikzeitung.ch\/wp-content\/uploads\/2022\/05\/usericon_musikzeitung-96x96.jpg","contentUrl":"https:\/\/www.musikzeitung.ch\/wp-content\/uploads\/2022\/05\/usericon_musikzeitung-96x96.jpg","caption":"Musikzeitung-Redaktion"},"url":"https:\/\/www.musikzeitung.ch\/it\/author\/admin"}]}},"publishpress_future_workflow_manual_trigger":{"enabledWorkflows":[]},"_links":{"self":[{"href":"https:\/\/www.musikzeitung.ch\/it\/wp-json\/wp\/v2\/posts\/8317","targetHints":{"allow":["GET"]}}],"collection":[{"href":"https:\/\/www.musikzeitung.ch\/it\/wp-json\/wp\/v2\/posts"}],"about":[{"href":"https:\/\/www.musikzeitung.ch\/it\/wp-json\/wp\/v2\/types\/post"}],"author":[{"embeddable":true,"href":"https:\/\/www.musikzeitung.ch\/it\/wp-json\/wp\/v2\/users\/1"}],"replies":[{"embeddable":true,"href":"https:\/\/www.musikzeitung.ch\/it\/wp-json\/wp\/v2\/comments?post=8317"}],"version-history":[{"count":2,"href":"https:\/\/www.musikzeitung.ch\/it\/wp-json\/wp\/v2\/posts\/8317\/revisions"}],"predecessor-version":[{"id":59275,"href":"https:\/\/www.musikzeitung.ch\/it\/wp-json\/wp\/v2\/posts\/8317\/revisions\/59275"}],"wp:featuredmedia":[{"embeddable":true,"href":"https:\/\/www.musikzeitung.ch\/it\/wp-json\/wp\/v2\/media\/8318"}],"wp:attachment":[{"href":"https:\/\/www.musikzeitung.ch\/it\/wp-json\/wp\/v2\/media?parent=8317"}],"wp:term":[{"taxonomy":"category","embeddable":true,"href":"https:\/\/www.musikzeitung.ch\/it\/wp-json\/wp\/v2\/categories?post=8317"},{"taxonomy":"post_tag","embeddable":true,"href":"https:\/\/www.musikzeitung.ch\/it\/wp-json\/wp\/v2\/tags?post=8317"}],"curies":[{"name":"wp","href":"https:\/\/api.w.org\/{rel}","templated":true}]}}