{"id":8377,"date":"2020-09-01T00:00:00","date_gmt":"2020-08-31T23:00:00","guid":{"rendered":"https:\/\/www.musikzeitung.ch\/allgemein\/bach-im-netz\/"},"modified":"2024-08-15T10:30:36","modified_gmt":"2024-08-15T08:30:36","slug":"bach-im-netz","status":"publish","type":"post","link":"https:\/\/www.musikzeitung.ch\/it\/rezensionen\/web\/2020\/09\/bach-im-netz","title":{"rendered":"Bach in rete"},"content":{"rendered":"<figure style=\"width: 554px\" class=\"wp-caption alignnone\"><img loading=\"lazy\" decoding=\"async\" src=\"https:\/\/www.musikzeitung.ch\/wp-content\/uploads\/2023\/01\/Videostill.png\" alt=\"\" width=\"554\" height=\"342\" \/><figcaption class=\"wp-caption-text\">Video still da \"Quello che avete sempre voluto sapere sull'improvvisazione\", Xo\u00e1n Casti\u00f1eira, Rudolf Lutz<\/figcaption><\/figure>\n<div class=\"text-section\">\n<p>\"Esecuzioni di cantate impossibili - ma noi siamo in streaming lo stesso!\". \u00c8 cos\u00ec che la Fondazione Bach di San Gallo accoglie i visitatori del suo sito web <em>bachipedia.org<\/em>. La crisi del coronavirus ha temporaneamente interrotto il suo programma di eseguire tutte le cantate di Bach in concerti dialogati entro il 2027 e di rendere accessibili le registrazioni dal vivo in tutto il mondo. Per colmare la lacuna, ha trasformato il suo portale web in una vetrina per le attivit\u00e0 di streaming in corso. Allo stesso modo, l'Accademia Internazionale di Bach di Stoccarda sta trasmettendo i suoi concerti in streaming con il titolo <em>Barocco@casa<\/em> sostituiti da interessantissimi podcast mensili su opere chiave della musica barocca. Sia Stoccarda che San Gallo si presentano con contenuti di alta qualit\u00e0, prodotti in modo assolutamente professionale dal punto di vista tecnico e drammaturgico. Entrambi fanno un uso sapiente delle opportunit\u00e0 educative offerte dai nuovi media e si rivolgono esplicitamente alle giovani generazioni. La disciplina storica della musica barocca si \u00e8 affermata su Internet.<\/p>\n<p>\"Tutto quello che avreste sempre voluto sapere sull'improvvisazione\" \u00e8 il titolo di un libro pubblicato di recente. <em>bachipedia.org<\/em> pubblicato in streaming con una conversazione musicale tra il talentuoso direttore generale Xo\u00e1n Casti\u00f1eira e Rudolf Lutz, direttore artistico e mente dell'intera compagnia. In inglese, tedesco e spagnolo, i due danno una rilassata e fondata introduzione alla pratica dell'improvvisazione barocca nella chiesa vuota di Stein\/AR. Il pubblico rimane incantato mentre Lutz improvvisa una fuga in do diesis minore sul tema in re minore dell'\"Arte della fuga\" o rappresenta musicalmente diverse emozioni quando viene chiamato in causa. Creativit\u00e0 nata dalla necessit\u00e0 - il lontano passato viene riportato in vita in modo accattivante. Non \u00e8 l'unico contributo di questo portale web che vi stupir\u00e0. <em>Bachipedia.org <\/em>\u00e8 accessibile al grande pubblico e chi vi entra si trova in un vero e proprio scrigno di cultura musicale barocca.<\/p>\n<p><em><a href=\"https:\/\/www.bachipedia.org\" target=\"_blank\" rel=\"noopener\">https:\/\/www.bachipedia.org <\/a><br \/>\n<a href=\"https:\/\/www.bachipedia.org\/live_stream\/improvisation-20200619\/\" target=\"_blank\" rel=\"noopener\">https:\/\/www.bachipedia.org\/live_stream\/improvisation-20200619\/<\/a><br \/>\n<a href=\"https:\/\/mediathek.bachakademie.de\/\" target=\"_blank\" rel=\"noopener\">https:\/\/mediathek.bachakademie.de\/<\/a><\/em><\/p>\n<\/div>","protected":false},"excerpt":{"rendered":"<p><strong>La Fondazione Bach di San Gallo permette agli interessati di partecipare alle sue esecuzioni di cantate online. Di recente \u00e8 stata introdotta anche un'introduzione all'improvvisazione barocca da scoprire. La Bachakademie di Stoccarda offre un formato simile.<\/p>\n<p><\/strong>.<\/p>","protected":false},"author":1,"featured_media":8378,"comment_status":"closed","ping_status":"closed","sticky":false,"template":"","format":"standard","meta":{"_acf_changed":false,"_relevanssi_hide_post":"","_relevanssi_hide_content":"","_relevanssi_pin_for_all":"","_relevanssi_pin_keywords":"","_relevanssi_unpin_keywords":"","_relevanssi_related_keywords":"","_relevanssi_related_include_ids":"","_relevanssi_related_exclude_ids":"","_relevanssi_related_no_append":"","_relevanssi_related_not_related":"","_relevanssi_related_posts":"","_relevanssi_noindex_reason":"","pgc_sgb_lightbox_settings":"","footnotes":""},"categories":[29,1518],"tags":[1717,1733,1734,1732],"class_list":["post-8377","post","type-post","status-publish","format-standard","has-post-thumbnail","hentry","category-rezensionen","category-web","tag-bach","tag-kantaten","tag-lutz","tag-st-galler-bachstiftung"],"acf":[],"yoast_head":"<!-- This site is optimized with the Yoast SEO plugin v27.4 - https:\/\/yoast.com\/product\/yoast-seo-wordpress\/ -->\n<title>Bach im Netz - Schweizer Musikzeitung<\/title>\n<meta name=\"robots\" content=\"index, follow, max-snippet:-1, max-image-preview:large, max-video-preview:-1\" \/>\n<link rel=\"canonical\" href=\"https:\/\/www.musikzeitung.ch\/it\/rezensionen\/web\/2020\/09\/bach-im-netz\/\" \/>\n<meta property=\"og:locale\" content=\"it_IT\" \/>\n<meta property=\"og:type\" content=\"article\" \/>\n<meta property=\"og:title\" content=\"Bach im Netz - Schweizer Musikzeitung\" \/>\n<meta property=\"og:description\" content=\"Die St. Galler Bachstiftung l\u00e4sst Interessierte online an ihren Kantatenauff\u00fchrungen teilhaben. J\u00fcngst gibt es auch eine Einf\u00fchrung in die barocke Improvisation zu entdecken. Ein verwandtes Format bietet die Bachakademie Stuttgart.\" \/>\n<meta property=\"og:url\" content=\"https:\/\/www.musikzeitung.ch\/it\/rezensionen\/web\/2020\/09\/bach-im-netz\/\" \/>\n<meta property=\"og:site_name\" content=\"Schweizer Musikzeitung\" \/>\n<meta property=\"article:publisher\" content=\"https:\/\/www.facebook.com\/SchweizerMusikzeitung\/\" \/>\n<meta property=\"article:published_time\" content=\"2020-08-31T23:00:00+00:00\" \/>\n<meta property=\"article:modified_time\" content=\"2024-08-15T08:30:36+00:00\" \/>\n<meta property=\"og:image\" content=\"https:\/\/www.musikzeitung.ch\/wp-content\/uploads\/2023\/01\/Videostill.png\" \/>\n\t<meta property=\"og:image:width\" content=\"554\" \/>\n\t<meta property=\"og:image:height\" content=\"342\" \/>\n\t<meta property=\"og:image:type\" content=\"image\/png\" \/>\n<meta name=\"author\" content=\"Musikzeitung-Redaktion\" \/>\n<meta name=\"twitter:card\" content=\"summary_large_image\" \/>\n<meta name=\"twitter:creator\" content=\"@smusikzeitung\" \/>\n<meta name=\"twitter:site\" content=\"@smusikzeitung\" \/>\n<meta name=\"twitter:label1\" content=\"Scritto da\" \/>\n\t<meta name=\"twitter:data1\" content=\"Musikzeitung-Redaktion\" \/>\n\t<meta name=\"twitter:label2\" content=\"Tempo di lettura stimato\" \/>\n\t<meta name=\"twitter:data2\" content=\"2 minuti\" \/>\n<script type=\"application\/ld+json\" class=\"yoast-schema-graph\">{\"@context\":\"https:\\\/\\\/schema.org\",\"@graph\":[{\"@type\":\"Article\",\"@id\":\"https:\\\/\\\/www.musikzeitung.ch\\\/rezensionen\\\/web\\\/2020\\\/09\\\/bach-im-netz#article\",\"isPartOf\":{\"@id\":\"https:\\\/\\\/www.musikzeitung.ch\\\/rezensionen\\\/web\\\/2020\\\/09\\\/bach-im-netz\"},\"author\":{\"name\":\"Musikzeitung-Redaktion\",\"@id\":\"https:\\\/\\\/www.musikzeitung.ch\\\/#\\\/schema\\\/person\\\/b2fd892c800856270b9dcc6001265712\"},\"headline\":\"Bach im Netz\",\"datePublished\":\"2020-08-31T23:00:00+00:00\",\"dateModified\":\"2024-08-15T08:30:36+00:00\",\"mainEntityOfPage\":{\"@id\":\"https:\\\/\\\/www.musikzeitung.ch\\\/rezensionen\\\/web\\\/2020\\\/09\\\/bach-im-netz\"},\"wordCount\":313,\"publisher\":{\"@id\":\"https:\\\/\\\/www.musikzeitung.ch\\\/#organization\"},\"image\":{\"@id\":\"https:\\\/\\\/www.musikzeitung.ch\\\/rezensionen\\\/web\\\/2020\\\/09\\\/bach-im-netz#primaryimage\"},\"thumbnailUrl\":\"https:\\\/\\\/www.musikzeitung.ch\\\/wp-content\\\/uploads\\\/2023\\\/01\\\/Videostill.png\",\"keywords\":[\"Bach\",\"Kantaten\",\"Lutz\",\"St.Galler Bachstiftung\"],\"articleSection\":[\"Rezensionen\",\"Web\"],\"inLanguage\":\"it-IT\"},{\"@type\":\"WebPage\",\"@id\":\"https:\\\/\\\/www.musikzeitung.ch\\\/rezensionen\\\/web\\\/2020\\\/09\\\/bach-im-netz\",\"url\":\"https:\\\/\\\/www.musikzeitung.ch\\\/rezensionen\\\/web\\\/2020\\\/09\\\/bach-im-netz\",\"name\":\"Bach im Netz - Schweizer Musikzeitung\",\"isPartOf\":{\"@id\":\"https:\\\/\\\/www.musikzeitung.ch\\\/#website\"},\"primaryImageOfPage\":{\"@id\":\"https:\\\/\\\/www.musikzeitung.ch\\\/rezensionen\\\/web\\\/2020\\\/09\\\/bach-im-netz#primaryimage\"},\"image\":{\"@id\":\"https:\\\/\\\/www.musikzeitung.ch\\\/rezensionen\\\/web\\\/2020\\\/09\\\/bach-im-netz#primaryimage\"},\"thumbnailUrl\":\"https:\\\/\\\/www.musikzeitung.ch\\\/wp-content\\\/uploads\\\/2023\\\/01\\\/Videostill.png\",\"datePublished\":\"2020-08-31T23:00:00+00:00\",\"dateModified\":\"2024-08-15T08:30:36+00:00\",\"breadcrumb\":{\"@id\":\"https:\\\/\\\/www.musikzeitung.ch\\\/rezensionen\\\/web\\\/2020\\\/09\\\/bach-im-netz#breadcrumb\"},\"inLanguage\":\"it-IT\",\"potentialAction\":[{\"@type\":\"ReadAction\",\"target\":[\"https:\\\/\\\/www.musikzeitung.ch\\\/rezensionen\\\/web\\\/2020\\\/09\\\/bach-im-netz\"]}]},{\"@type\":\"ImageObject\",\"inLanguage\":\"it-IT\",\"@id\":\"https:\\\/\\\/www.musikzeitung.ch\\\/rezensionen\\\/web\\\/2020\\\/09\\\/bach-im-netz#primaryimage\",\"url\":\"https:\\\/\\\/www.musikzeitung.ch\\\/wp-content\\\/uploads\\\/2023\\\/01\\\/Videostill.png\",\"contentUrl\":\"https:\\\/\\\/www.musikzeitung.ch\\\/wp-content\\\/uploads\\\/2023\\\/01\\\/Videostill.png\",\"width\":554,\"height\":342},{\"@type\":\"BreadcrumbList\",\"@id\":\"https:\\\/\\\/www.musikzeitung.ch\\\/rezensionen\\\/web\\\/2020\\\/09\\\/bach-im-netz#breadcrumb\",\"itemListElement\":[{\"@type\":\"ListItem\",\"position\":1,\"name\":\"Home\",\"item\":\"https:\\\/\\\/www.musikzeitung.ch\\\/\"},{\"@type\":\"ListItem\",\"position\":2,\"name\":\"Bach im Netz\"}]},{\"@type\":\"WebSite\",\"@id\":\"https:\\\/\\\/www.musikzeitung.ch\\\/#website\",\"url\":\"https:\\\/\\\/www.musikzeitung.ch\\\/\",\"name\":\"Schweizer Musikzeitung\",\"description\":\"Die f\u00fchrende sparten\u00fcbergreifende Monatszeitung in der Schweiz f\u00fcr musikalische Fragen.\",\"publisher\":{\"@id\":\"https:\\\/\\\/www.musikzeitung.ch\\\/#organization\"},\"potentialAction\":[{\"@type\":\"SearchAction\",\"target\":{\"@type\":\"EntryPoint\",\"urlTemplate\":\"https:\\\/\\\/www.musikzeitung.ch\\\/?s={search_term_string}\"},\"query-input\":{\"@type\":\"PropertyValueSpecification\",\"valueRequired\":true,\"valueName\":\"search_term_string\"}}],\"inLanguage\":\"it-IT\"},{\"@type\":\"Organization\",\"@id\":\"https:\\\/\\\/www.musikzeitung.ch\\\/#organization\",\"name\":\"Schweizer Musikzeitung\",\"url\":\"https:\\\/\\\/www.musikzeitung.ch\\\/\",\"logo\":{\"@type\":\"ImageObject\",\"inLanguage\":\"it-IT\",\"@id\":\"https:\\\/\\\/www.musikzeitung.ch\\\/#\\\/schema\\\/logo\\\/image\\\/\",\"url\":\"https:\\\/\\\/www.musikzeitung.ch\\\/wp-content\\\/uploads\\\/2023\\\/01\\\/SMZ_Schriftzug_Sprache.png\",\"contentUrl\":\"https:\\\/\\\/www.musikzeitung.ch\\\/wp-content\\\/uploads\\\/2023\\\/01\\\/SMZ_Schriftzug_Sprache.png\",\"width\":1400,\"height\":279,\"caption\":\"Schweizer Musikzeitung\"},\"image\":{\"@id\":\"https:\\\/\\\/www.musikzeitung.ch\\\/#\\\/schema\\\/logo\\\/image\\\/\"},\"sameAs\":[\"https:\\\/\\\/www.facebook.com\\\/SchweizerMusikzeitung\\\/\",\"https:\\\/\\\/x.com\\\/smusikzeitung\",\"https:\\\/\\\/www.instagram.com\\\/musikzeitung.ch\\\/\"]},{\"@type\":\"Person\",\"@id\":\"https:\\\/\\\/www.musikzeitung.ch\\\/#\\\/schema\\\/person\\\/b2fd892c800856270b9dcc6001265712\",\"name\":\"Musikzeitung-Redaktion\",\"image\":{\"@type\":\"ImageObject\",\"inLanguage\":\"it-IT\",\"@id\":\"https:\\\/\\\/www.musikzeitung.ch\\\/wp-content\\\/uploads\\\/2022\\\/05\\\/usericon_musikzeitung-96x96.jpg\",\"url\":\"https:\\\/\\\/www.musikzeitung.ch\\\/wp-content\\\/uploads\\\/2022\\\/05\\\/usericon_musikzeitung-96x96.jpg\",\"contentUrl\":\"https:\\\/\\\/www.musikzeitung.ch\\\/wp-content\\\/uploads\\\/2022\\\/05\\\/usericon_musikzeitung-96x96.jpg\",\"caption\":\"Musikzeitung-Redaktion\"},\"url\":\"https:\\\/\\\/www.musikzeitung.ch\\\/it\\\/author\\\/admin\"}]}<\/script>\n<!-- \/ Yoast SEO plugin. -->","yoast_head_json":{"title":"Bach in rete - Giornale musicale svizzero","robots":{"index":"index","follow":"follow","max-snippet":"max-snippet:-1","max-image-preview":"max-image-preview:large","max-video-preview":"max-video-preview:-1"},"canonical":"https:\/\/www.musikzeitung.ch\/it\/rezensionen\/web\/2020\/09\/bach-im-netz\/","og_locale":"it_IT","og_type":"article","og_title":"Bach im Netz - Schweizer Musikzeitung","og_description":"Die St. Galler Bachstiftung l\u00e4sst Interessierte online an ihren Kantatenauff\u00fchrungen teilhaben. J\u00fcngst gibt es auch eine Einf\u00fchrung in die barocke Improvisation zu entdecken. Ein verwandtes Format bietet die Bachakademie Stuttgart.","og_url":"https:\/\/www.musikzeitung.ch\/it\/rezensionen\/web\/2020\/09\/bach-im-netz\/","og_site_name":"Schweizer Musikzeitung","article_publisher":"https:\/\/www.facebook.com\/SchweizerMusikzeitung\/","article_published_time":"2020-08-31T23:00:00+00:00","article_modified_time":"2024-08-15T08:30:36+00:00","og_image":[{"width":554,"height":342,"url":"https:\/\/www.musikzeitung.ch\/wp-content\/uploads\/2023\/01\/Videostill.png","type":"image\/png"}],"author":"Musikzeitung-Redaktion","twitter_card":"summary_large_image","twitter_creator":"@smusikzeitung","twitter_site":"@smusikzeitung","twitter_misc":{"Scritto da":"Musikzeitung-Redaktion","Tempo di lettura stimato":"2 minuti"},"schema":{"@context":"https:\/\/schema.org","@graph":[{"@type":"Article","@id":"https:\/\/www.musikzeitung.ch\/rezensionen\/web\/2020\/09\/bach-im-netz#article","isPartOf":{"@id":"https:\/\/www.musikzeitung.ch\/rezensionen\/web\/2020\/09\/bach-im-netz"},"author":{"name":"Musikzeitung-Redaktion","@id":"https:\/\/www.musikzeitung.ch\/#\/schema\/person\/b2fd892c800856270b9dcc6001265712"},"headline":"Bach im Netz","datePublished":"2020-08-31T23:00:00+00:00","dateModified":"2024-08-15T08:30:36+00:00","mainEntityOfPage":{"@id":"https:\/\/www.musikzeitung.ch\/rezensionen\/web\/2020\/09\/bach-im-netz"},"wordCount":313,"publisher":{"@id":"https:\/\/www.musikzeitung.ch\/#organization"},"image":{"@id":"https:\/\/www.musikzeitung.ch\/rezensionen\/web\/2020\/09\/bach-im-netz#primaryimage"},"thumbnailUrl":"https:\/\/www.musikzeitung.ch\/wp-content\/uploads\/2023\/01\/Videostill.png","keywords":["Bach","Kantaten","Lutz","St.Galler Bachstiftung"],"articleSection":["Rezensionen","Web"],"inLanguage":"it-IT"},{"@type":"WebPage","@id":"https:\/\/www.musikzeitung.ch\/rezensionen\/web\/2020\/09\/bach-im-netz","url":"https:\/\/www.musikzeitung.ch\/rezensionen\/web\/2020\/09\/bach-im-netz","name":"Bach in rete - Giornale musicale svizzero","isPartOf":{"@id":"https:\/\/www.musikzeitung.ch\/#website"},"primaryImageOfPage":{"@id":"https:\/\/www.musikzeitung.ch\/rezensionen\/web\/2020\/09\/bach-im-netz#primaryimage"},"image":{"@id":"https:\/\/www.musikzeitung.ch\/rezensionen\/web\/2020\/09\/bach-im-netz#primaryimage"},"thumbnailUrl":"https:\/\/www.musikzeitung.ch\/wp-content\/uploads\/2023\/01\/Videostill.png","datePublished":"2020-08-31T23:00:00+00:00","dateModified":"2024-08-15T08:30:36+00:00","breadcrumb":{"@id":"https:\/\/www.musikzeitung.ch\/rezensionen\/web\/2020\/09\/bach-im-netz#breadcrumb"},"inLanguage":"it-IT","potentialAction":[{"@type":"ReadAction","target":["https:\/\/www.musikzeitung.ch\/rezensionen\/web\/2020\/09\/bach-im-netz"]}]},{"@type":"ImageObject","inLanguage":"it-IT","@id":"https:\/\/www.musikzeitung.ch\/rezensionen\/web\/2020\/09\/bach-im-netz#primaryimage","url":"https:\/\/www.musikzeitung.ch\/wp-content\/uploads\/2023\/01\/Videostill.png","contentUrl":"https:\/\/www.musikzeitung.ch\/wp-content\/uploads\/2023\/01\/Videostill.png","width":554,"height":342},{"@type":"BreadcrumbList","@id":"https:\/\/www.musikzeitung.ch\/rezensionen\/web\/2020\/09\/bach-im-netz#breadcrumb","itemListElement":[{"@type":"ListItem","position":1,"name":"Home","item":"https:\/\/www.musikzeitung.ch\/"},{"@type":"ListItem","position":2,"name":"Bach im Netz"}]},{"@type":"WebSite","@id":"https:\/\/www.musikzeitung.ch\/#website","url":"https:\/\/www.musikzeitung.ch\/","name":"Giornale musicale svizzero","description":"Il principale mensile interdisciplinare della Svizzera per le questioni musicali.","publisher":{"@id":"https:\/\/www.musikzeitung.ch\/#organization"},"potentialAction":[{"@type":"SearchAction","target":{"@type":"EntryPoint","urlTemplate":"https:\/\/www.musikzeitung.ch\/?s={search_term_string}"},"query-input":{"@type":"PropertyValueSpecification","valueRequired":true,"valueName":"search_term_string"}}],"inLanguage":"it-IT"},{"@type":"Organization","@id":"https:\/\/www.musikzeitung.ch\/#organization","name":"Giornale musicale svizzero","url":"https:\/\/www.musikzeitung.ch\/","logo":{"@type":"ImageObject","inLanguage":"it-IT","@id":"https:\/\/www.musikzeitung.ch\/#\/schema\/logo\/image\/","url":"https:\/\/www.musikzeitung.ch\/wp-content\/uploads\/2023\/01\/SMZ_Schriftzug_Sprache.png","contentUrl":"https:\/\/www.musikzeitung.ch\/wp-content\/uploads\/2023\/01\/SMZ_Schriftzug_Sprache.png","width":1400,"height":279,"caption":"Schweizer Musikzeitung"},"image":{"@id":"https:\/\/www.musikzeitung.ch\/#\/schema\/logo\/image\/"},"sameAs":["https:\/\/www.facebook.com\/SchweizerMusikzeitung\/","https:\/\/x.com\/smusikzeitung","https:\/\/www.instagram.com\/musikzeitung.ch\/"]},{"@type":"Person","@id":"https:\/\/www.musikzeitung.ch\/#\/schema\/person\/b2fd892c800856270b9dcc6001265712","name":"Redazione Musikzeitung","image":{"@type":"ImageObject","inLanguage":"it-IT","@id":"https:\/\/www.musikzeitung.ch\/wp-content\/uploads\/2022\/05\/usericon_musikzeitung-96x96.jpg","url":"https:\/\/www.musikzeitung.ch\/wp-content\/uploads\/2022\/05\/usericon_musikzeitung-96x96.jpg","contentUrl":"https:\/\/www.musikzeitung.ch\/wp-content\/uploads\/2022\/05\/usericon_musikzeitung-96x96.jpg","caption":"Musikzeitung-Redaktion"},"url":"https:\/\/www.musikzeitung.ch\/it\/author\/admin"}]}},"publishpress_future_workflow_manual_trigger":{"enabledWorkflows":[]},"_links":{"self":[{"href":"https:\/\/www.musikzeitung.ch\/it\/wp-json\/wp\/v2\/posts\/8377","targetHints":{"allow":["GET"]}}],"collection":[{"href":"https:\/\/www.musikzeitung.ch\/it\/wp-json\/wp\/v2\/posts"}],"about":[{"href":"https:\/\/www.musikzeitung.ch\/it\/wp-json\/wp\/v2\/types\/post"}],"author":[{"embeddable":true,"href":"https:\/\/www.musikzeitung.ch\/it\/wp-json\/wp\/v2\/users\/1"}],"replies":[{"embeddable":true,"href":"https:\/\/www.musikzeitung.ch\/it\/wp-json\/wp\/v2\/comments?post=8377"}],"version-history":[{"count":2,"href":"https:\/\/www.musikzeitung.ch\/it\/wp-json\/wp\/v2\/posts\/8377\/revisions"}],"predecessor-version":[{"id":56815,"href":"https:\/\/www.musikzeitung.ch\/it\/wp-json\/wp\/v2\/posts\/8377\/revisions\/56815"}],"wp:featuredmedia":[{"embeddable":true,"href":"https:\/\/www.musikzeitung.ch\/it\/wp-json\/wp\/v2\/media\/8378"}],"wp:attachment":[{"href":"https:\/\/www.musikzeitung.ch\/it\/wp-json\/wp\/v2\/media?parent=8377"}],"wp:term":[{"taxonomy":"category","embeddable":true,"href":"https:\/\/www.musikzeitung.ch\/it\/wp-json\/wp\/v2\/categories?post=8377"},{"taxonomy":"post_tag","embeddable":true,"href":"https:\/\/www.musikzeitung.ch\/it\/wp-json\/wp\/v2\/tags?post=8377"}],"curies":[{"name":"wp","href":"https:\/\/api.w.org\/{rel}","templated":true}]}}