{"id":8386,"date":"2019-03-28T00:00:00","date_gmt":"2019-03-27T23:00:00","guid":{"rendered":"https:\/\/www.musikzeitung.ch\/allgemein\/eine-traene-fuer-die-menschheit\/"},"modified":"2024-08-15T10:34:44","modified_gmt":"2024-08-15T08:34:44","slug":"eine-traene-fuer-die-menschheit","status":"publish","type":"post","link":"https:\/\/www.musikzeitung.ch\/it\/rezensionen\/filme\/2019\/03\/eine-traene-fuer-die-menschheit","title":{"rendered":"Una lacrima per l'umanit\u00e0"},"content":{"rendered":"<figure style=\"width: 554px\" class=\"wp-caption alignnone\"><img loading=\"lazy\" decoding=\"async\" src=\"https:\/\/www.musikzeitung.ch\/wp-content\/uploads\/2023\/01\/passion_6d.jpg\" alt=\"\" width=\"554\" height=\"369\" \/><figcaption class=\"wp-caption-text\">Fotogramma da \"Passion\"<\/figcaption><\/figure>\n<div class=\"text-section\">\n<p>L'asticella \u00e8 posta in alto fin dall'inizio. Una voce fuori campo recita la poesia di Bertolt Brecht sullo schermo nero <em>A chi \u00e8 nato dopo<\/em> dell'epoca del nazionalsocialismo, poi un centinaio di poliziotti armati fino ai denti marciano al suono dell'opera di Bach. <em>Passione di San Matteo <\/em>attraverso l'immagine. L'altezza di caduta \u00e8 appropriata: un taglio e siamo alla Centrale di Zurigo, dove abbiamo combattuto con la polizia nel 1968 - nostalgia di sinistra in bianco e nero. Per Christian Labhart, questa \u00e8 stata la scintilla politica iniziale. Il suo film \u00e8 la tipica autobiografia di uno svizzero di sinistra che ha letto Marx e Adorno cinquant'anni fa e, nonostante i seri dubbi, si aggrappa ancora oggi all'utopia della \"vita giusta in quella sbagliata\". Ma le circostanze non sono cos\u00ec. Il vicolo cieco della Baader-Meinhof, Chernobyl, l'11 settembre, la crisi finanziaria, i robot, la Siria, la globalizzazione, l'ambiente distrutto: un calendario strappalacrime dell'orrore, una distopia permanente, preparata con immagini paradossalmente belle del mondo insensato delle cose. Se le persone appaiono come individui, allora \u00e8 l'autore stesso e il suo ambiente, altrimenti sono una massa anonima - la maledizione di pensare in categorie astratte di umanit\u00e0. Il s\u00ec incondizionato alla vita che caratterizza la quotidianit\u00e0 delle persone in Africa, ad esempio, \u00e8 estraneo a questo saggio cinematografico, permeato dalla sofferenza del mondo.<\/p>\n<p>Come balsamo per l'anima ferita, alcuni estratti del libro <em>Passione di San Matteo<\/em> con Philippe Herreweghe e il suo Collegium Vocale Gent. Qui le persone sono impegnate in un'attivit\u00e0 significativa, in netto contrasto con le immagini di un mondo distrutto. Ma Labhart sembra aver fatto un malinteso con Bach. La ricodifica laica della Passione trasforma l'alto pathos della sofferenza religiosa in autocommiserazione profana, e al posto di Cristo si piange Ulrike Meinhof. \"Che cosa rimane?\" \u00e8 l'intertitolo finale. La musica finale di Bach fornisce la risposta: \"Ci sediamo con le lacrime\". Avrebbe potuto essere un po' di pi\u00f9.<\/p>\n<\/div>\n<div class=\"text-section\">\n<dl class=\"picture media photo\">\n<dt><img decoding=\"async\" class=\"media photo\" src=\"https:\/\/www.musikzeitung.ch\/wp-content\/uploads\/2023\/01\/04_crit_film_Passion.jpg\" alt=\"Image \" \/><\/dt>\n<\/dl>\n<\/div>\n<div class=\"text-section\">\n<p><em>Passione. Tra rivolta e rassegnazione, un film di Christian Labhart. Distribuzione cinematografica LookNow. <\/em><strong><em><br \/>\n<\/em><\/strong><a href=\"https:\/\/www.passion-film.ch\/kino-dvd\"><em>Nei cinema dal 18 aprile<\/em><\/a><\/p>\n<\/div>\n<div>\n<blockquote class=\"text-section\">\n<h4>Link al trailer<\/h4>\n<p><a href=\"https:\/\/www.youtube.com\/watch?time_continue=6&amp;v=gZdGAqV4p8o\"><strong>https:\/\/www.youtube.com\/watch?time_continue=6&amp;v=gZdGAqV4p8o<\/strong><\/a><\/p><\/blockquote>\n<\/div>","protected":false},"excerpt":{"rendered":"<p><strong>Philippe Herreweghe e il suo Collegium Vocale Gent hanno ri-registrato parti della Passione di San Matteo di Bach per il saggio cinematografico \"Passion\" di Christian Labhart. <\/strong><\/p>","protected":false},"author":1,"featured_media":8387,"comment_status":"closed","ping_status":"closed","sticky":false,"template":"","format":"standard","meta":{"_acf_changed":false,"_relevanssi_hide_post":"","_relevanssi_hide_content":"","_relevanssi_pin_for_all":"","_relevanssi_pin_keywords":"","_relevanssi_unpin_keywords":"","_relevanssi_related_keywords":"","_relevanssi_related_include_ids":"","_relevanssi_related_exclude_ids":"","_relevanssi_related_no_append":"","_relevanssi_related_not_related":"","_relevanssi_related_posts":"","_relevanssi_noindex_reason":"","pgc_sgb_lightbox_settings":"","footnotes":""},"categories":[1620,29],"tags":[1717,1716,1715,1718,1711,1719],"class_list":["post-8386","post","type-post","status-publish","format-standard","has-post-thumbnail","hentry","category-filme","category-rezensionen","tag-bach","tag-filmessay","tag-labhart","tag-matthaeuspassion","tag-nyffeler","tag-passion"],"acf":[],"yoast_head":"<!-- This site is optimized with the Yoast SEO plugin v27.4 - https:\/\/yoast.com\/product\/yoast-seo-wordpress\/ -->\n<title>Eine Tr\u00e4ne f\u00fcr die Menschheit - Schweizer Musikzeitung<\/title>\n<meta name=\"robots\" content=\"index, follow, max-snippet:-1, max-image-preview:large, max-video-preview:-1\" \/>\n<link rel=\"canonical\" href=\"https:\/\/www.musikzeitung.ch\/it\/rezensionen\/filme\/2019\/03\/eine-traene-fuer-die-menschheit\/\" \/>\n<meta property=\"og:locale\" content=\"it_IT\" \/>\n<meta property=\"og:type\" content=\"article\" \/>\n<meta property=\"og:title\" content=\"Eine Tr\u00e4ne f\u00fcr die Menschheit - Schweizer Musikzeitung\" \/>\n<meta property=\"og:description\" content=\"F\u00fcr den Filmessay \u00abPassion\u00bb von Christian Labhart hat Philippe Herreweghe mit seinem Collegium Vocale Gent Teile aus Bachs Matth\u00e4uspassion neu aufgenommen.\" \/>\n<meta property=\"og:url\" content=\"https:\/\/www.musikzeitung.ch\/it\/rezensionen\/filme\/2019\/03\/eine-traene-fuer-die-menschheit\/\" \/>\n<meta property=\"og:site_name\" content=\"Schweizer Musikzeitung\" \/>\n<meta property=\"article:publisher\" content=\"https:\/\/www.facebook.com\/SchweizerMusikzeitung\/\" \/>\n<meta property=\"article:published_time\" content=\"2019-03-27T23:00:00+00:00\" \/>\n<meta property=\"article:modified_time\" content=\"2024-08-15T08:34:44+00:00\" \/>\n<meta property=\"og:image\" content=\"https:\/\/www.musikzeitung.ch\/wp-content\/uploads\/2023\/01\/passion_6d.jpg\" \/>\n\t<meta property=\"og:image:width\" content=\"554\" \/>\n\t<meta property=\"og:image:height\" content=\"369\" \/>\n\t<meta property=\"og:image:type\" content=\"image\/jpeg\" \/>\n<meta name=\"author\" content=\"Musikzeitung-Redaktion\" \/>\n<meta name=\"twitter:card\" content=\"summary_large_image\" \/>\n<meta name=\"twitter:creator\" content=\"@smusikzeitung\" \/>\n<meta name=\"twitter:site\" content=\"@smusikzeitung\" \/>\n<meta name=\"twitter:label1\" content=\"Scritto da\" \/>\n\t<meta name=\"twitter:data1\" content=\"Musikzeitung-Redaktion\" \/>\n\t<meta name=\"twitter:label2\" content=\"Tempo di lettura stimato\" \/>\n\t<meta name=\"twitter:data2\" content=\"3 minuti\" \/>\n<script type=\"application\/ld+json\" class=\"yoast-schema-graph\">{\"@context\":\"https:\\\/\\\/schema.org\",\"@graph\":[{\"@type\":\"Article\",\"@id\":\"https:\\\/\\\/www.musikzeitung.ch\\\/rezensionen\\\/filme\\\/2019\\\/03\\\/eine-traene-fuer-die-menschheit#article\",\"isPartOf\":{\"@id\":\"https:\\\/\\\/www.musikzeitung.ch\\\/rezensionen\\\/filme\\\/2019\\\/03\\\/eine-traene-fuer-die-menschheit\"},\"author\":{\"name\":\"Musikzeitung-Redaktion\",\"@id\":\"https:\\\/\\\/www.musikzeitung.ch\\\/#\\\/schema\\\/person\\\/b2fd892c800856270b9dcc6001265712\"},\"headline\":\"Eine Tr\u00e4ne f\u00fcr die Menschheit\",\"datePublished\":\"2019-03-27T23:00:00+00:00\",\"dateModified\":\"2024-08-15T08:34:44+00:00\",\"mainEntityOfPage\":{\"@id\":\"https:\\\/\\\/www.musikzeitung.ch\\\/rezensionen\\\/filme\\\/2019\\\/03\\\/eine-traene-fuer-die-menschheit\"},\"wordCount\":353,\"publisher\":{\"@id\":\"https:\\\/\\\/www.musikzeitung.ch\\\/#organization\"},\"image\":{\"@id\":\"https:\\\/\\\/www.musikzeitung.ch\\\/rezensionen\\\/filme\\\/2019\\\/03\\\/eine-traene-fuer-die-menschheit#primaryimage\"},\"thumbnailUrl\":\"https:\\\/\\\/www.musikzeitung.ch\\\/wp-content\\\/uploads\\\/2023\\\/01\\\/passion_6d.jpg\",\"keywords\":[\"Bach\",\"Filmessay\",\"Labhart\",\"Matth\u00e4uspassion\",\"Nyffeler\",\"Passion\"],\"articleSection\":[\"Filme\",\"Rezensionen\"],\"inLanguage\":\"it-IT\"},{\"@type\":\"WebPage\",\"@id\":\"https:\\\/\\\/www.musikzeitung.ch\\\/rezensionen\\\/filme\\\/2019\\\/03\\\/eine-traene-fuer-die-menschheit\",\"url\":\"https:\\\/\\\/www.musikzeitung.ch\\\/rezensionen\\\/filme\\\/2019\\\/03\\\/eine-traene-fuer-die-menschheit\",\"name\":\"Eine Tr\u00e4ne f\u00fcr die Menschheit - Schweizer Musikzeitung\",\"isPartOf\":{\"@id\":\"https:\\\/\\\/www.musikzeitung.ch\\\/#website\"},\"primaryImageOfPage\":{\"@id\":\"https:\\\/\\\/www.musikzeitung.ch\\\/rezensionen\\\/filme\\\/2019\\\/03\\\/eine-traene-fuer-die-menschheit#primaryimage\"},\"image\":{\"@id\":\"https:\\\/\\\/www.musikzeitung.ch\\\/rezensionen\\\/filme\\\/2019\\\/03\\\/eine-traene-fuer-die-menschheit#primaryimage\"},\"thumbnailUrl\":\"https:\\\/\\\/www.musikzeitung.ch\\\/wp-content\\\/uploads\\\/2023\\\/01\\\/passion_6d.jpg\",\"datePublished\":\"2019-03-27T23:00:00+00:00\",\"dateModified\":\"2024-08-15T08:34:44+00:00\",\"breadcrumb\":{\"@id\":\"https:\\\/\\\/www.musikzeitung.ch\\\/rezensionen\\\/filme\\\/2019\\\/03\\\/eine-traene-fuer-die-menschheit#breadcrumb\"},\"inLanguage\":\"it-IT\",\"potentialAction\":[{\"@type\":\"ReadAction\",\"target\":[\"https:\\\/\\\/www.musikzeitung.ch\\\/rezensionen\\\/filme\\\/2019\\\/03\\\/eine-traene-fuer-die-menschheit\"]}]},{\"@type\":\"ImageObject\",\"inLanguage\":\"it-IT\",\"@id\":\"https:\\\/\\\/www.musikzeitung.ch\\\/rezensionen\\\/filme\\\/2019\\\/03\\\/eine-traene-fuer-die-menschheit#primaryimage\",\"url\":\"https:\\\/\\\/www.musikzeitung.ch\\\/wp-content\\\/uploads\\\/2023\\\/01\\\/passion_6d.jpg\",\"contentUrl\":\"https:\\\/\\\/www.musikzeitung.ch\\\/wp-content\\\/uploads\\\/2023\\\/01\\\/passion_6d.jpg\",\"width\":554,\"height\":369},{\"@type\":\"BreadcrumbList\",\"@id\":\"https:\\\/\\\/www.musikzeitung.ch\\\/rezensionen\\\/filme\\\/2019\\\/03\\\/eine-traene-fuer-die-menschheit#breadcrumb\",\"itemListElement\":[{\"@type\":\"ListItem\",\"position\":1,\"name\":\"Home\",\"item\":\"https:\\\/\\\/www.musikzeitung.ch\\\/\"},{\"@type\":\"ListItem\",\"position\":2,\"name\":\"Eine Tr\u00e4ne f\u00fcr die Menschheit\"}]},{\"@type\":\"WebSite\",\"@id\":\"https:\\\/\\\/www.musikzeitung.ch\\\/#website\",\"url\":\"https:\\\/\\\/www.musikzeitung.ch\\\/\",\"name\":\"Schweizer Musikzeitung\",\"description\":\"Die f\u00fchrende sparten\u00fcbergreifende Monatszeitung in der Schweiz f\u00fcr musikalische Fragen.\",\"publisher\":{\"@id\":\"https:\\\/\\\/www.musikzeitung.ch\\\/#organization\"},\"potentialAction\":[{\"@type\":\"SearchAction\",\"target\":{\"@type\":\"EntryPoint\",\"urlTemplate\":\"https:\\\/\\\/www.musikzeitung.ch\\\/?s={search_term_string}\"},\"query-input\":{\"@type\":\"PropertyValueSpecification\",\"valueRequired\":true,\"valueName\":\"search_term_string\"}}],\"inLanguage\":\"it-IT\"},{\"@type\":\"Organization\",\"@id\":\"https:\\\/\\\/www.musikzeitung.ch\\\/#organization\",\"name\":\"Schweizer Musikzeitung\",\"url\":\"https:\\\/\\\/www.musikzeitung.ch\\\/\",\"logo\":{\"@type\":\"ImageObject\",\"inLanguage\":\"it-IT\",\"@id\":\"https:\\\/\\\/www.musikzeitung.ch\\\/#\\\/schema\\\/logo\\\/image\\\/\",\"url\":\"https:\\\/\\\/www.musikzeitung.ch\\\/wp-content\\\/uploads\\\/2023\\\/01\\\/SMZ_Schriftzug_Sprache.png\",\"contentUrl\":\"https:\\\/\\\/www.musikzeitung.ch\\\/wp-content\\\/uploads\\\/2023\\\/01\\\/SMZ_Schriftzug_Sprache.png\",\"width\":1400,\"height\":279,\"caption\":\"Schweizer Musikzeitung\"},\"image\":{\"@id\":\"https:\\\/\\\/www.musikzeitung.ch\\\/#\\\/schema\\\/logo\\\/image\\\/\"},\"sameAs\":[\"https:\\\/\\\/www.facebook.com\\\/SchweizerMusikzeitung\\\/\",\"https:\\\/\\\/x.com\\\/smusikzeitung\",\"https:\\\/\\\/www.instagram.com\\\/musikzeitung.ch\\\/\"]},{\"@type\":\"Person\",\"@id\":\"https:\\\/\\\/www.musikzeitung.ch\\\/#\\\/schema\\\/person\\\/b2fd892c800856270b9dcc6001265712\",\"name\":\"Musikzeitung-Redaktion\",\"image\":{\"@type\":\"ImageObject\",\"inLanguage\":\"it-IT\",\"@id\":\"https:\\\/\\\/www.musikzeitung.ch\\\/wp-content\\\/uploads\\\/2022\\\/05\\\/usericon_musikzeitung-96x96.jpg\",\"url\":\"https:\\\/\\\/www.musikzeitung.ch\\\/wp-content\\\/uploads\\\/2022\\\/05\\\/usericon_musikzeitung-96x96.jpg\",\"contentUrl\":\"https:\\\/\\\/www.musikzeitung.ch\\\/wp-content\\\/uploads\\\/2022\\\/05\\\/usericon_musikzeitung-96x96.jpg\",\"caption\":\"Musikzeitung-Redaktion\"},\"url\":\"https:\\\/\\\/www.musikzeitung.ch\\\/it\\\/author\\\/admin\"}]}<\/script>\n<!-- \/ Yoast SEO plugin. -->","yoast_head_json":{"title":"Una lacrima per l'umanit\u00e0 - Schweizer Musikzeitung","robots":{"index":"index","follow":"follow","max-snippet":"max-snippet:-1","max-image-preview":"max-image-preview:large","max-video-preview":"max-video-preview:-1"},"canonical":"https:\/\/www.musikzeitung.ch\/it\/rezensionen\/filme\/2019\/03\/eine-traene-fuer-die-menschheit\/","og_locale":"it_IT","og_type":"article","og_title":"Eine Tr\u00e4ne f\u00fcr die Menschheit - Schweizer Musikzeitung","og_description":"F\u00fcr den Filmessay \u00abPassion\u00bb von Christian Labhart hat Philippe Herreweghe mit seinem Collegium Vocale Gent Teile aus Bachs Matth\u00e4uspassion neu aufgenommen.","og_url":"https:\/\/www.musikzeitung.ch\/it\/rezensionen\/filme\/2019\/03\/eine-traene-fuer-die-menschheit\/","og_site_name":"Schweizer Musikzeitung","article_publisher":"https:\/\/www.facebook.com\/SchweizerMusikzeitung\/","article_published_time":"2019-03-27T23:00:00+00:00","article_modified_time":"2024-08-15T08:34:44+00:00","og_image":[{"width":554,"height":369,"url":"https:\/\/www.musikzeitung.ch\/wp-content\/uploads\/2023\/01\/passion_6d.jpg","type":"image\/jpeg"}],"author":"Musikzeitung-Redaktion","twitter_card":"summary_large_image","twitter_creator":"@smusikzeitung","twitter_site":"@smusikzeitung","twitter_misc":{"Scritto da":"Musikzeitung-Redaktion","Tempo di lettura stimato":"3 minuti"},"schema":{"@context":"https:\/\/schema.org","@graph":[{"@type":"Article","@id":"https:\/\/www.musikzeitung.ch\/rezensionen\/filme\/2019\/03\/eine-traene-fuer-die-menschheit#article","isPartOf":{"@id":"https:\/\/www.musikzeitung.ch\/rezensionen\/filme\/2019\/03\/eine-traene-fuer-die-menschheit"},"author":{"name":"Musikzeitung-Redaktion","@id":"https:\/\/www.musikzeitung.ch\/#\/schema\/person\/b2fd892c800856270b9dcc6001265712"},"headline":"Eine Tr\u00e4ne f\u00fcr die Menschheit","datePublished":"2019-03-27T23:00:00+00:00","dateModified":"2024-08-15T08:34:44+00:00","mainEntityOfPage":{"@id":"https:\/\/www.musikzeitung.ch\/rezensionen\/filme\/2019\/03\/eine-traene-fuer-die-menschheit"},"wordCount":353,"publisher":{"@id":"https:\/\/www.musikzeitung.ch\/#organization"},"image":{"@id":"https:\/\/www.musikzeitung.ch\/rezensionen\/filme\/2019\/03\/eine-traene-fuer-die-menschheit#primaryimage"},"thumbnailUrl":"https:\/\/www.musikzeitung.ch\/wp-content\/uploads\/2023\/01\/passion_6d.jpg","keywords":["Bach","Filmessay","Labhart","Matth\u00e4uspassion","Nyffeler","Passion"],"articleSection":["Filme","Rezensionen"],"inLanguage":"it-IT"},{"@type":"WebPage","@id":"https:\/\/www.musikzeitung.ch\/rezensionen\/filme\/2019\/03\/eine-traene-fuer-die-menschheit","url":"https:\/\/www.musikzeitung.ch\/rezensionen\/filme\/2019\/03\/eine-traene-fuer-die-menschheit","name":"Una lacrima per l'umanit\u00e0 - Schweizer Musikzeitung","isPartOf":{"@id":"https:\/\/www.musikzeitung.ch\/#website"},"primaryImageOfPage":{"@id":"https:\/\/www.musikzeitung.ch\/rezensionen\/filme\/2019\/03\/eine-traene-fuer-die-menschheit#primaryimage"},"image":{"@id":"https:\/\/www.musikzeitung.ch\/rezensionen\/filme\/2019\/03\/eine-traene-fuer-die-menschheit#primaryimage"},"thumbnailUrl":"https:\/\/www.musikzeitung.ch\/wp-content\/uploads\/2023\/01\/passion_6d.jpg","datePublished":"2019-03-27T23:00:00+00:00","dateModified":"2024-08-15T08:34:44+00:00","breadcrumb":{"@id":"https:\/\/www.musikzeitung.ch\/rezensionen\/filme\/2019\/03\/eine-traene-fuer-die-menschheit#breadcrumb"},"inLanguage":"it-IT","potentialAction":[{"@type":"ReadAction","target":["https:\/\/www.musikzeitung.ch\/rezensionen\/filme\/2019\/03\/eine-traene-fuer-die-menschheit"]}]},{"@type":"ImageObject","inLanguage":"it-IT","@id":"https:\/\/www.musikzeitung.ch\/rezensionen\/filme\/2019\/03\/eine-traene-fuer-die-menschheit#primaryimage","url":"https:\/\/www.musikzeitung.ch\/wp-content\/uploads\/2023\/01\/passion_6d.jpg","contentUrl":"https:\/\/www.musikzeitung.ch\/wp-content\/uploads\/2023\/01\/passion_6d.jpg","width":554,"height":369},{"@type":"BreadcrumbList","@id":"https:\/\/www.musikzeitung.ch\/rezensionen\/filme\/2019\/03\/eine-traene-fuer-die-menschheit#breadcrumb","itemListElement":[{"@type":"ListItem","position":1,"name":"Home","item":"https:\/\/www.musikzeitung.ch\/"},{"@type":"ListItem","position":2,"name":"Eine Tr\u00e4ne f\u00fcr die Menschheit"}]},{"@type":"WebSite","@id":"https:\/\/www.musikzeitung.ch\/#website","url":"https:\/\/www.musikzeitung.ch\/","name":"Giornale musicale svizzero","description":"Il principale mensile interdisciplinare della Svizzera per le questioni musicali.","publisher":{"@id":"https:\/\/www.musikzeitung.ch\/#organization"},"potentialAction":[{"@type":"SearchAction","target":{"@type":"EntryPoint","urlTemplate":"https:\/\/www.musikzeitung.ch\/?s={search_term_string}"},"query-input":{"@type":"PropertyValueSpecification","valueRequired":true,"valueName":"search_term_string"}}],"inLanguage":"it-IT"},{"@type":"Organization","@id":"https:\/\/www.musikzeitung.ch\/#organization","name":"Giornale musicale svizzero","url":"https:\/\/www.musikzeitung.ch\/","logo":{"@type":"ImageObject","inLanguage":"it-IT","@id":"https:\/\/www.musikzeitung.ch\/#\/schema\/logo\/image\/","url":"https:\/\/www.musikzeitung.ch\/wp-content\/uploads\/2023\/01\/SMZ_Schriftzug_Sprache.png","contentUrl":"https:\/\/www.musikzeitung.ch\/wp-content\/uploads\/2023\/01\/SMZ_Schriftzug_Sprache.png","width":1400,"height":279,"caption":"Schweizer Musikzeitung"},"image":{"@id":"https:\/\/www.musikzeitung.ch\/#\/schema\/logo\/image\/"},"sameAs":["https:\/\/www.facebook.com\/SchweizerMusikzeitung\/","https:\/\/x.com\/smusikzeitung","https:\/\/www.instagram.com\/musikzeitung.ch\/"]},{"@type":"Person","@id":"https:\/\/www.musikzeitung.ch\/#\/schema\/person\/b2fd892c800856270b9dcc6001265712","name":"Redazione Musikzeitung","image":{"@type":"ImageObject","inLanguage":"it-IT","@id":"https:\/\/www.musikzeitung.ch\/wp-content\/uploads\/2022\/05\/usericon_musikzeitung-96x96.jpg","url":"https:\/\/www.musikzeitung.ch\/wp-content\/uploads\/2022\/05\/usericon_musikzeitung-96x96.jpg","contentUrl":"https:\/\/www.musikzeitung.ch\/wp-content\/uploads\/2022\/05\/usericon_musikzeitung-96x96.jpg","caption":"Musikzeitung-Redaktion"},"url":"https:\/\/www.musikzeitung.ch\/it\/author\/admin"}]}},"publishpress_future_workflow_manual_trigger":{"enabledWorkflows":[]},"_links":{"self":[{"href":"https:\/\/www.musikzeitung.ch\/it\/wp-json\/wp\/v2\/posts\/8386","targetHints":{"allow":["GET"]}}],"collection":[{"href":"https:\/\/www.musikzeitung.ch\/it\/wp-json\/wp\/v2\/posts"}],"about":[{"href":"https:\/\/www.musikzeitung.ch\/it\/wp-json\/wp\/v2\/types\/post"}],"author":[{"embeddable":true,"href":"https:\/\/www.musikzeitung.ch\/it\/wp-json\/wp\/v2\/users\/1"}],"replies":[{"embeddable":true,"href":"https:\/\/www.musikzeitung.ch\/it\/wp-json\/wp\/v2\/comments?post=8386"}],"version-history":[{"count":3,"href":"https:\/\/www.musikzeitung.ch\/it\/wp-json\/wp\/v2\/posts\/8386\/revisions"}],"predecessor-version":[{"id":56818,"href":"https:\/\/www.musikzeitung.ch\/it\/wp-json\/wp\/v2\/posts\/8386\/revisions\/56818"}],"wp:featuredmedia":[{"embeddable":true,"href":"https:\/\/www.musikzeitung.ch\/it\/wp-json\/wp\/v2\/media\/8387"}],"wp:attachment":[{"href":"https:\/\/www.musikzeitung.ch\/it\/wp-json\/wp\/v2\/media?parent=8386"}],"wp:term":[{"taxonomy":"category","embeddable":true,"href":"https:\/\/www.musikzeitung.ch\/it\/wp-json\/wp\/v2\/categories?post=8386"},{"taxonomy":"post_tag","embeddable":true,"href":"https:\/\/www.musikzeitung.ch\/it\/wp-json\/wp\/v2\/tags?post=8386"}],"curies":[{"name":"wp","href":"https:\/\/api.w.org\/{rel}","templated":true}]}}