{"id":8469,"date":"2021-11-17T00:00:00","date_gmt":"2021-11-16T23:00:00","guid":{"rendered":"https:\/\/www.musikzeitung.ch\/allgemein\/das-orchester-auf-der-stuhlkante\/"},"modified":"2024-11-06T12:05:35","modified_gmt":"2024-11-06T11:05:35","slug":"das-orchester-auf-der-stuhlkante","status":"publish","type":"post","link":"https:\/\/www.musikzeitung.ch\/it\/berichte\/2021\/11\/das-orchester-auf-der-stuhlkante","title":{"rendered":"Alte Reithalle Aarau: l'orchestra sul filo del rasoio"},"content":{"rendered":"<figure style=\"width: 554px\" class=\"wp-caption alignnone\"><img loading=\"lazy\" decoding=\"async\" src=\"https:\/\/www.musikzeitung.ch\/wp-content\/uploads\/2023\/01\/ar2-1.jpg\" alt=\"\" width=\"554\" height=\"369\" \/><figcaption class=\"wp-caption-text\">La Filarmonica di Argovia e il suo direttore principale Rune Bergmann. Foto: Patrick H\u00fcrlimann<\/figcaption><\/figure>\n<div class=\"text-section\">\n<p>\"Presto\", esulta il visitatore quando scorge la Alte Reithalle di Aarau. \"Presto\" \u00e8 la promessa di beatitudine orchestrale in questo nuovo spazio multidisciplinare per musica, teatro, danza e circo moderno. \u00c8 qui che la Filarmonica Argovia si trasferir\u00e0 come orchestra residente, 58 anni dopo la sua fondazione, e condivider\u00e0 i 2.000 metri quadrati di spazio flessibile con il palcoscenico di Aarau. Questo luogo vive del suo passato di sala di equitazione per il reggimento dei dragoni della guarnigione militare di Aarau, a cui gli architetti Bar\u00e3o-Hutter alludono lasciando le pareti disadorne e le travi del tetto cos\u00ec come sono. La visitatrice ha gi\u00e0 sentito parlare molto bene dell'acustica progettata da Martin Lachmann, quindi attende con impazienza il concerto di apertura: il primo programma promette \"Nuovi percorsi\" e propone il 1\u00b0 Concerto per pianoforte e orchestra di Ludwig van Beethoven con il pianista argoviese Oliver Schnyder, la 1\u00b0 Sinfonia di Johannes Brahms e l'opera di Daniel Schnyder. <em>Argovia. Sinfonia n. 5 \"Pastorale\"<\/em>una composizione commissionata dall'orchestra, che sar\u00e0 eseguita in prima assoluta nella Alte Reithalle.<\/p>\n<p>Con tutto questo in mente, il visitatore si dirige verso l'ufficio del<a href=\"https:\/\/argoviaphil.ch\/\" target=\"_blank\" rel=\"noopener\"> Filarmonica di Argovia<\/a> su. Qui ha sede il nuovo direttore artistico Simon M\u00fcller che, dopo una stagione 2020\/21 ricca di eventi, sta pianificando il futuro artistico dell'orchestra insieme al direttore principale. <a href=\"http:\/\/www.conducting.no\/\" target=\"_blank\" rel=\"noopener\">Rune Bergmann<\/a> progettato. Il norvegese ha fatto il suo debutto nel bel mezzo della pandemia, nell'autunno del 2020. Dopodich\u00e9, per un po' di tempo non ha funzionato pi\u00f9 nulla.<\/p>\n<\/div>\n<div>\n<h3 class=\"\">Dall'Asia a Zofingen<\/h3>\n<\/div>\n<div class=\"text-section\">\n<p>Non volendo perdere il contatto con il pubblico, la Filarmonica di Argovia ha trasmesso per la prima volta tre concerti in streaming durante questo periodo - con successo. \"Questa aggiunta alle normali operazioni orchestrali deve essere ben pianificata in futuro\", afferma Simon M\u00fcller e accenna a ci\u00f2 che si sta considerando: concerti in streaming in Asia. \"Rune Bergmann ha una visione: vuole portare l'Argovia Philharmonic nel mondo perch\u00e9 vede un grande potenziale in questa orchestra. Il marketing avr\u00e0 un ruolo importante in questo contesto. Ma naturalmente vogliamo soprattutto posizionarci in Svizzera in modo ancora pi\u00f9 forte di prima\", sottolinea il direttore artistico: \"Recentemente siamo anche diventati membri dell'associazione delle orchestre, anche se siamo un'orchestra a progetto\". Simon M\u00fcller dice in poche parole: \"Per me la Filarmonica Argovia \u00e8 l'orchestra che sta sul filo del rasoio\"; in altre parole: \"A differenza delle orchestre sinfoniche con contratti annuali, per la Filarmonica Argovia nemmeno la Quinta Sinfonia di Beethoven \u00e8 una routine\".<\/p>\n<p>Con il trasferimento alla Alte Reithalle, l'orchestra dispone ora di una sede acusticamente eccellente, dove vengono programmati 40 giorni all'anno per cinque cicli di abbonamento, oltre a eventi speciali e concerti da camera. A differenza dei concerti sinfonici, con il loro auditorium rettangolare e la tribuna che si alza, in questi eventi intimi il pubblico siede ai lati di una piccola arena. \"Ancora una volta, \u00e8 l'esperienza complessiva che conta: l'immediata vicinanza al pubblico\", dice M\u00fcller. L'orchestra cerca questa vicinanza anche nei suoi viaggi a Beinwil am See, Villmergen, Zofingen, Rheinfelden e Baden.<\/p>\n<p>Baden \u00e8 per cos\u00ec dire la seconda casa dell'orchestra. Per 20 anni, la Filarmonica Argovia ha suonato nella Trafo-Saal, nel quartiere dei grandi cinema. Ora si trasferir\u00e0 al Kurtheater, che \u00e8 diventato un gioiello grazie a una ristrutturazione e a un ampliamento tanto abili quanto sensibili. Sebbene lo spazio teatrale non sia una vera e propria sala da concerto, l'esperienza concertistica dovrebbe essere piacevole grazie al nuovo guscio acustico del palco. In ogni caso, i precedenti eventi di altre orchestre in questo grazioso teatro hanno dimostrato che si tratta di un luogo ideale: Da entrambi i lati della rampa, c'\u00e8 quella tensione scoppiettante che appartiene a un concerto. La Filarmonica di Argovia ha grandi progetti per la stagione 2021\/22, al termine della quale pubblicher\u00e0 delle registrazioni su CD. Quali? \"Le quattro sinfonie di Brahms che abbiamo gi\u00e0 registrato nei nostri concerti\", dice Simon M\u00fcller. Il concerto di apertura sar\u00e0 trasmesso da Radio SRF2 il 9 dicembre.<\/p>\n<\/div>\n<div>\n<h3 class=\"\">Suono caldo e chiaro, privo di asprezza<\/h3>\n<\/div>\n<div class=\"text-section\">\n<p>\u00c8 arrivato il momento: il visitatore si siede per la prima volta nella nuova sala concerti dell'Alte Reithalle. \u00c8 separata dallo spazio teatrale da una parete grigio ardesia, ha molte file di platee e una tribuna che garantisce la migliore visuale. Ma come suona la sala? Meraviglioso! Le prime battute del corno e dell'orchestra di Daniel Schnyder mescolano in modo spiritoso molti stili musicali. <em>Argovia<\/em>-Il suono \u00e8 caldo e ha una trasparenza che non ha nulla a che vedere con la nitidezza analitica di altre sale da concerto moderne. Naturalmente, il direttore principale Rune Bergmann e l'ensemble argoviese dovranno ancora fare qualche aggiustamento, ma l'apertura mostra cosa si intende per \"orchestra sul filo del rasoio\". La Filarmonica Argovia non d\u00e0 nulla per scontato. Per questo motivo sfodera tutto ci\u00f2 che ha sempre saputo fare, ma che ora pu\u00f2 davvero brillare: splendore degli archi, eccellenti assoli dei fiati e un ascolto attento e unico. Non sorprende che Oliver Schnyder sia la ciliegina sulla torta dell'inaugurazione. La sua interpretazione del Concerto per pianoforte e orchestra n. 1 di Beethoven su un B\u00f6sendorfer rimbalza letteralmente nei movimenti esterni, veloci e finemente equilibrati, e ha un'intimit\u00e0 nel Largo che si vorrebbe conservare. In breve: con il suo debutto all'Alte Reithalle di Aarau, la Filarmonica Argovia si \u00e8 imposta con forza nel panorama orchestrale svizzero.<\/p>\n<\/div>\n<div>\n<p><a href=\"https:\/\/argoviaphil.ch\/\" target=\"_blank\" rel=\"noopener\"><strong>https:\/\/argoviaphil.ch<\/strong><\/a><\/p>\n<\/div>","protected":false},"excerpt":{"rendered":"<p><strong>La Filarmonica di Argovia \u00e8 l'orchestra residente nella Alte Reithalle di Aarau, trasformata in un centro culturale. La sala da concerto \u00e8 stata inaugurata il 29 ottobre.<\/strong><\/p>","protected":false},"author":1,"featured_media":8470,"comment_status":"closed","ping_status":"closed","sticky":false,"template":"","format":"standard","meta":{"_acf_changed":false,"_relevanssi_hide_post":"","_relevanssi_hide_content":"","_relevanssi_pin_for_all":"","_relevanssi_pin_keywords":"","_relevanssi_unpin_keywords":"","_relevanssi_related_keywords":"","_relevanssi_related_include_ids":"","_relevanssi_related_exclude_ids":"","_relevanssi_related_no_append":"","_relevanssi_related_not_related":"","_relevanssi_related_posts":"","_relevanssi_noindex_reason":"","pgc_sgb_lightbox_settings":"","footnotes":""},"categories":[1531,28],"tags":[4546,4545],"class_list":["post-8469","post","type-post","status-publish","format-standard","has-post-thumbnail","hentry","category-auffuehrungen","category-berichte","tag-alte-reithalle-aarau","tag-argovia-philharmonic"],"acf":[],"yoast_head":"<!-- This site is optimized with the Yoast SEO plugin v27.4 - https:\/\/yoast.com\/product\/yoast-seo-wordpress\/ -->\n<title>Alte Reithalle Aarau: Das Orchester auf der Stuhlkante - Schweizer Musikzeitung<\/title>\n<meta name=\"robots\" content=\"index, follow, max-snippet:-1, max-image-preview:large, max-video-preview:-1\" \/>\n<link rel=\"canonical\" href=\"https:\/\/www.musikzeitung.ch\/it\/berichte\/2021\/11\/das-orchester-auf-der-stuhlkante\/\" \/>\n<meta property=\"og:locale\" content=\"it_IT\" \/>\n<meta property=\"og:type\" content=\"article\" \/>\n<meta property=\"og:title\" content=\"Alte Reithalle Aarau: Das Orchester auf der Stuhlkante - Schweizer Musikzeitung\" \/>\n<meta property=\"og:description\" content=\"Das Argovia Philharmonic ist Residenzorchester in der zum Kulturraum umgebauten Alten Reithalle in Aarau. Am 29. Oktober wurde der Konzertsaal eingeweiht.\" \/>\n<meta property=\"og:url\" content=\"https:\/\/www.musikzeitung.ch\/it\/berichte\/2021\/11\/das-orchester-auf-der-stuhlkante\/\" \/>\n<meta property=\"og:site_name\" content=\"Schweizer Musikzeitung\" \/>\n<meta property=\"article:publisher\" content=\"https:\/\/www.facebook.com\/SchweizerMusikzeitung\/\" \/>\n<meta property=\"article:published_time\" content=\"2021-11-16T23:00:00+00:00\" \/>\n<meta property=\"article:modified_time\" content=\"2024-11-06T11:05:35+00:00\" \/>\n<meta property=\"og:image\" content=\"https:\/\/www.musikzeitung.ch\/wp-content\/uploads\/2023\/01\/ar2-1.jpg\" \/>\n\t<meta property=\"og:image:width\" content=\"554\" \/>\n\t<meta property=\"og:image:height\" content=\"369\" \/>\n\t<meta property=\"og:image:type\" content=\"image\/jpeg\" \/>\n<meta name=\"author\" content=\"Musikzeitung-Redaktion\" \/>\n<meta name=\"twitter:card\" content=\"summary_large_image\" \/>\n<meta name=\"twitter:creator\" content=\"@smusikzeitung\" \/>\n<meta name=\"twitter:site\" content=\"@smusikzeitung\" \/>\n<meta name=\"twitter:label1\" content=\"Scritto da\" \/>\n\t<meta name=\"twitter:data1\" content=\"Musikzeitung-Redaktion\" \/>\n\t<meta name=\"twitter:label2\" content=\"Tempo di lettura stimato\" \/>\n\t<meta name=\"twitter:data2\" content=\"5 minuti\" \/>\n<script type=\"application\/ld+json\" class=\"yoast-schema-graph\">{\"@context\":\"https:\\\/\\\/schema.org\",\"@graph\":[{\"@type\":\"Article\",\"@id\":\"https:\\\/\\\/www.musikzeitung.ch\\\/berichte\\\/2021\\\/11\\\/das-orchester-auf-der-stuhlkante#article\",\"isPartOf\":{\"@id\":\"https:\\\/\\\/www.musikzeitung.ch\\\/berichte\\\/2021\\\/11\\\/das-orchester-auf-der-stuhlkante\"},\"author\":{\"name\":\"Musikzeitung-Redaktion\",\"@id\":\"https:\\\/\\\/www.musikzeitung.ch\\\/#\\\/schema\\\/person\\\/b2fd892c800856270b9dcc6001265712\"},\"headline\":\"Alte Reithalle Aarau: Das Orchester auf der Stuhlkante\",\"datePublished\":\"2021-11-16T23:00:00+00:00\",\"dateModified\":\"2024-11-06T11:05:35+00:00\",\"mainEntityOfPage\":{\"@id\":\"https:\\\/\\\/www.musikzeitung.ch\\\/berichte\\\/2021\\\/11\\\/das-orchester-auf-der-stuhlkante\"},\"wordCount\":872,\"publisher\":{\"@id\":\"https:\\\/\\\/www.musikzeitung.ch\\\/#organization\"},\"image\":{\"@id\":\"https:\\\/\\\/www.musikzeitung.ch\\\/berichte\\\/2021\\\/11\\\/das-orchester-auf-der-stuhlkante#primaryimage\"},\"thumbnailUrl\":\"https:\\\/\\\/www.musikzeitung.ch\\\/wp-content\\\/uploads\\\/2023\\\/01\\\/ar2-1.jpg\",\"keywords\":[\"Alte Reithalle Aarau\",\"Argovia Philharmonic\"],\"articleSection\":[\"Auff\u00fchrungen\",\"Berichte\"],\"inLanguage\":\"it-IT\"},{\"@type\":\"WebPage\",\"@id\":\"https:\\\/\\\/www.musikzeitung.ch\\\/berichte\\\/2021\\\/11\\\/das-orchester-auf-der-stuhlkante\",\"url\":\"https:\\\/\\\/www.musikzeitung.ch\\\/berichte\\\/2021\\\/11\\\/das-orchester-auf-der-stuhlkante\",\"name\":\"Alte Reithalle Aarau: Das Orchester auf der Stuhlkante - Schweizer Musikzeitung\",\"isPartOf\":{\"@id\":\"https:\\\/\\\/www.musikzeitung.ch\\\/#website\"},\"primaryImageOfPage\":{\"@id\":\"https:\\\/\\\/www.musikzeitung.ch\\\/berichte\\\/2021\\\/11\\\/das-orchester-auf-der-stuhlkante#primaryimage\"},\"image\":{\"@id\":\"https:\\\/\\\/www.musikzeitung.ch\\\/berichte\\\/2021\\\/11\\\/das-orchester-auf-der-stuhlkante#primaryimage\"},\"thumbnailUrl\":\"https:\\\/\\\/www.musikzeitung.ch\\\/wp-content\\\/uploads\\\/2023\\\/01\\\/ar2-1.jpg\",\"datePublished\":\"2021-11-16T23:00:00+00:00\",\"dateModified\":\"2024-11-06T11:05:35+00:00\",\"breadcrumb\":{\"@id\":\"https:\\\/\\\/www.musikzeitung.ch\\\/berichte\\\/2021\\\/11\\\/das-orchester-auf-der-stuhlkante#breadcrumb\"},\"inLanguage\":\"it-IT\",\"potentialAction\":[{\"@type\":\"ReadAction\",\"target\":[\"https:\\\/\\\/www.musikzeitung.ch\\\/berichte\\\/2021\\\/11\\\/das-orchester-auf-der-stuhlkante\"]}]},{\"@type\":\"ImageObject\",\"inLanguage\":\"it-IT\",\"@id\":\"https:\\\/\\\/www.musikzeitung.ch\\\/berichte\\\/2021\\\/11\\\/das-orchester-auf-der-stuhlkante#primaryimage\",\"url\":\"https:\\\/\\\/www.musikzeitung.ch\\\/wp-content\\\/uploads\\\/2023\\\/01\\\/ar2-1.jpg\",\"contentUrl\":\"https:\\\/\\\/www.musikzeitung.ch\\\/wp-content\\\/uploads\\\/2023\\\/01\\\/ar2-1.jpg\",\"width\":554,\"height\":369},{\"@type\":\"BreadcrumbList\",\"@id\":\"https:\\\/\\\/www.musikzeitung.ch\\\/berichte\\\/2021\\\/11\\\/das-orchester-auf-der-stuhlkante#breadcrumb\",\"itemListElement\":[{\"@type\":\"ListItem\",\"position\":1,\"name\":\"Home\",\"item\":\"https:\\\/\\\/www.musikzeitung.ch\\\/\"},{\"@type\":\"ListItem\",\"position\":2,\"name\":\"Alte Reithalle Aarau: Das Orchester auf der Stuhlkante\"}]},{\"@type\":\"WebSite\",\"@id\":\"https:\\\/\\\/www.musikzeitung.ch\\\/#website\",\"url\":\"https:\\\/\\\/www.musikzeitung.ch\\\/\",\"name\":\"Schweizer Musikzeitung\",\"description\":\"Die f\u00fchrende sparten\u00fcbergreifende Monatszeitung in der Schweiz f\u00fcr musikalische Fragen.\",\"publisher\":{\"@id\":\"https:\\\/\\\/www.musikzeitung.ch\\\/#organization\"},\"potentialAction\":[{\"@type\":\"SearchAction\",\"target\":{\"@type\":\"EntryPoint\",\"urlTemplate\":\"https:\\\/\\\/www.musikzeitung.ch\\\/?s={search_term_string}\"},\"query-input\":{\"@type\":\"PropertyValueSpecification\",\"valueRequired\":true,\"valueName\":\"search_term_string\"}}],\"inLanguage\":\"it-IT\"},{\"@type\":\"Organization\",\"@id\":\"https:\\\/\\\/www.musikzeitung.ch\\\/#organization\",\"name\":\"Schweizer Musikzeitung\",\"url\":\"https:\\\/\\\/www.musikzeitung.ch\\\/\",\"logo\":{\"@type\":\"ImageObject\",\"inLanguage\":\"it-IT\",\"@id\":\"https:\\\/\\\/www.musikzeitung.ch\\\/#\\\/schema\\\/logo\\\/image\\\/\",\"url\":\"https:\\\/\\\/www.musikzeitung.ch\\\/wp-content\\\/uploads\\\/2023\\\/01\\\/SMZ_Schriftzug_Sprache.png\",\"contentUrl\":\"https:\\\/\\\/www.musikzeitung.ch\\\/wp-content\\\/uploads\\\/2023\\\/01\\\/SMZ_Schriftzug_Sprache.png\",\"width\":1400,\"height\":279,\"caption\":\"Schweizer Musikzeitung\"},\"image\":{\"@id\":\"https:\\\/\\\/www.musikzeitung.ch\\\/#\\\/schema\\\/logo\\\/image\\\/\"},\"sameAs\":[\"https:\\\/\\\/www.facebook.com\\\/SchweizerMusikzeitung\\\/\",\"https:\\\/\\\/x.com\\\/smusikzeitung\",\"https:\\\/\\\/www.instagram.com\\\/musikzeitung.ch\\\/\"]},{\"@type\":\"Person\",\"@id\":\"https:\\\/\\\/www.musikzeitung.ch\\\/#\\\/schema\\\/person\\\/b2fd892c800856270b9dcc6001265712\",\"name\":\"Musikzeitung-Redaktion\",\"image\":{\"@type\":\"ImageObject\",\"inLanguage\":\"it-IT\",\"@id\":\"https:\\\/\\\/www.musikzeitung.ch\\\/wp-content\\\/uploads\\\/2022\\\/05\\\/usericon_musikzeitung-96x96.jpg\",\"url\":\"https:\\\/\\\/www.musikzeitung.ch\\\/wp-content\\\/uploads\\\/2022\\\/05\\\/usericon_musikzeitung-96x96.jpg\",\"contentUrl\":\"https:\\\/\\\/www.musikzeitung.ch\\\/wp-content\\\/uploads\\\/2022\\\/05\\\/usericon_musikzeitung-96x96.jpg\",\"caption\":\"Musikzeitung-Redaktion\"},\"url\":\"https:\\\/\\\/www.musikzeitung.ch\\\/it\\\/author\\\/admin\"}]}<\/script>\n<!-- \/ Yoast SEO plugin. -->","yoast_head_json":{"title":"Alte Reithalle Aarau: l'orchestra sul filo del rasoio - Schweizer Musikzeitung","robots":{"index":"index","follow":"follow","max-snippet":"max-snippet:-1","max-image-preview":"max-image-preview:large","max-video-preview":"max-video-preview:-1"},"canonical":"https:\/\/www.musikzeitung.ch\/it\/berichte\/2021\/11\/das-orchester-auf-der-stuhlkante\/","og_locale":"it_IT","og_type":"article","og_title":"Alte Reithalle Aarau: Das Orchester auf der Stuhlkante - Schweizer Musikzeitung","og_description":"Das Argovia Philharmonic ist Residenzorchester in der zum Kulturraum umgebauten Alten Reithalle in Aarau. Am 29. Oktober wurde der Konzertsaal eingeweiht.","og_url":"https:\/\/www.musikzeitung.ch\/it\/berichte\/2021\/11\/das-orchester-auf-der-stuhlkante\/","og_site_name":"Schweizer Musikzeitung","article_publisher":"https:\/\/www.facebook.com\/SchweizerMusikzeitung\/","article_published_time":"2021-11-16T23:00:00+00:00","article_modified_time":"2024-11-06T11:05:35+00:00","og_image":[{"width":554,"height":369,"url":"https:\/\/www.musikzeitung.ch\/wp-content\/uploads\/2023\/01\/ar2-1.jpg","type":"image\/jpeg"}],"author":"Musikzeitung-Redaktion","twitter_card":"summary_large_image","twitter_creator":"@smusikzeitung","twitter_site":"@smusikzeitung","twitter_misc":{"Scritto da":"Musikzeitung-Redaktion","Tempo di lettura stimato":"5 minuti"},"schema":{"@context":"https:\/\/schema.org","@graph":[{"@type":"Article","@id":"https:\/\/www.musikzeitung.ch\/berichte\/2021\/11\/das-orchester-auf-der-stuhlkante#article","isPartOf":{"@id":"https:\/\/www.musikzeitung.ch\/berichte\/2021\/11\/das-orchester-auf-der-stuhlkante"},"author":{"name":"Musikzeitung-Redaktion","@id":"https:\/\/www.musikzeitung.ch\/#\/schema\/person\/b2fd892c800856270b9dcc6001265712"},"headline":"Alte Reithalle Aarau: Das Orchester auf der Stuhlkante","datePublished":"2021-11-16T23:00:00+00:00","dateModified":"2024-11-06T11:05:35+00:00","mainEntityOfPage":{"@id":"https:\/\/www.musikzeitung.ch\/berichte\/2021\/11\/das-orchester-auf-der-stuhlkante"},"wordCount":872,"publisher":{"@id":"https:\/\/www.musikzeitung.ch\/#organization"},"image":{"@id":"https:\/\/www.musikzeitung.ch\/berichte\/2021\/11\/das-orchester-auf-der-stuhlkante#primaryimage"},"thumbnailUrl":"https:\/\/www.musikzeitung.ch\/wp-content\/uploads\/2023\/01\/ar2-1.jpg","keywords":["Alte Reithalle Aarau","Argovia Philharmonic"],"articleSection":["Auff\u00fchrungen","Berichte"],"inLanguage":"it-IT"},{"@type":"WebPage","@id":"https:\/\/www.musikzeitung.ch\/berichte\/2021\/11\/das-orchester-auf-der-stuhlkante","url":"https:\/\/www.musikzeitung.ch\/berichte\/2021\/11\/das-orchester-auf-der-stuhlkante","name":"Alte Reithalle Aarau: l'orchestra sul filo del rasoio - Schweizer Musikzeitung","isPartOf":{"@id":"https:\/\/www.musikzeitung.ch\/#website"},"primaryImageOfPage":{"@id":"https:\/\/www.musikzeitung.ch\/berichte\/2021\/11\/das-orchester-auf-der-stuhlkante#primaryimage"},"image":{"@id":"https:\/\/www.musikzeitung.ch\/berichte\/2021\/11\/das-orchester-auf-der-stuhlkante#primaryimage"},"thumbnailUrl":"https:\/\/www.musikzeitung.ch\/wp-content\/uploads\/2023\/01\/ar2-1.jpg","datePublished":"2021-11-16T23:00:00+00:00","dateModified":"2024-11-06T11:05:35+00:00","breadcrumb":{"@id":"https:\/\/www.musikzeitung.ch\/berichte\/2021\/11\/das-orchester-auf-der-stuhlkante#breadcrumb"},"inLanguage":"it-IT","potentialAction":[{"@type":"ReadAction","target":["https:\/\/www.musikzeitung.ch\/berichte\/2021\/11\/das-orchester-auf-der-stuhlkante"]}]},{"@type":"ImageObject","inLanguage":"it-IT","@id":"https:\/\/www.musikzeitung.ch\/berichte\/2021\/11\/das-orchester-auf-der-stuhlkante#primaryimage","url":"https:\/\/www.musikzeitung.ch\/wp-content\/uploads\/2023\/01\/ar2-1.jpg","contentUrl":"https:\/\/www.musikzeitung.ch\/wp-content\/uploads\/2023\/01\/ar2-1.jpg","width":554,"height":369},{"@type":"BreadcrumbList","@id":"https:\/\/www.musikzeitung.ch\/berichte\/2021\/11\/das-orchester-auf-der-stuhlkante#breadcrumb","itemListElement":[{"@type":"ListItem","position":1,"name":"Home","item":"https:\/\/www.musikzeitung.ch\/"},{"@type":"ListItem","position":2,"name":"Alte Reithalle Aarau: Das Orchester auf der Stuhlkante"}]},{"@type":"WebSite","@id":"https:\/\/www.musikzeitung.ch\/#website","url":"https:\/\/www.musikzeitung.ch\/","name":"Giornale musicale svizzero","description":"Il principale mensile interdisciplinare della Svizzera per le questioni musicali.","publisher":{"@id":"https:\/\/www.musikzeitung.ch\/#organization"},"potentialAction":[{"@type":"SearchAction","target":{"@type":"EntryPoint","urlTemplate":"https:\/\/www.musikzeitung.ch\/?s={search_term_string}"},"query-input":{"@type":"PropertyValueSpecification","valueRequired":true,"valueName":"search_term_string"}}],"inLanguage":"it-IT"},{"@type":"Organization","@id":"https:\/\/www.musikzeitung.ch\/#organization","name":"Giornale musicale svizzero","url":"https:\/\/www.musikzeitung.ch\/","logo":{"@type":"ImageObject","inLanguage":"it-IT","@id":"https:\/\/www.musikzeitung.ch\/#\/schema\/logo\/image\/","url":"https:\/\/www.musikzeitung.ch\/wp-content\/uploads\/2023\/01\/SMZ_Schriftzug_Sprache.png","contentUrl":"https:\/\/www.musikzeitung.ch\/wp-content\/uploads\/2023\/01\/SMZ_Schriftzug_Sprache.png","width":1400,"height":279,"caption":"Schweizer Musikzeitung"},"image":{"@id":"https:\/\/www.musikzeitung.ch\/#\/schema\/logo\/image\/"},"sameAs":["https:\/\/www.facebook.com\/SchweizerMusikzeitung\/","https:\/\/x.com\/smusikzeitung","https:\/\/www.instagram.com\/musikzeitung.ch\/"]},{"@type":"Person","@id":"https:\/\/www.musikzeitung.ch\/#\/schema\/person\/b2fd892c800856270b9dcc6001265712","name":"Redazione Musikzeitung","image":{"@type":"ImageObject","inLanguage":"it-IT","@id":"https:\/\/www.musikzeitung.ch\/wp-content\/uploads\/2022\/05\/usericon_musikzeitung-96x96.jpg","url":"https:\/\/www.musikzeitung.ch\/wp-content\/uploads\/2022\/05\/usericon_musikzeitung-96x96.jpg","contentUrl":"https:\/\/www.musikzeitung.ch\/wp-content\/uploads\/2022\/05\/usericon_musikzeitung-96x96.jpg","caption":"Musikzeitung-Redaktion"},"url":"https:\/\/www.musikzeitung.ch\/it\/author\/admin"}]}},"publishpress_future_workflow_manual_trigger":{"enabledWorkflows":[]},"_links":{"self":[{"href":"https:\/\/www.musikzeitung.ch\/it\/wp-json\/wp\/v2\/posts\/8469","targetHints":{"allow":["GET"]}}],"collection":[{"href":"https:\/\/www.musikzeitung.ch\/it\/wp-json\/wp\/v2\/posts"}],"about":[{"href":"https:\/\/www.musikzeitung.ch\/it\/wp-json\/wp\/v2\/types\/post"}],"author":[{"embeddable":true,"href":"https:\/\/www.musikzeitung.ch\/it\/wp-json\/wp\/v2\/users\/1"}],"replies":[{"embeddable":true,"href":"https:\/\/www.musikzeitung.ch\/it\/wp-json\/wp\/v2\/comments?post=8469"}],"version-history":[{"count":3,"href":"https:\/\/www.musikzeitung.ch\/it\/wp-json\/wp\/v2\/posts\/8469\/revisions"}],"predecessor-version":[{"id":60186,"href":"https:\/\/www.musikzeitung.ch\/it\/wp-json\/wp\/v2\/posts\/8469\/revisions\/60186"}],"wp:featuredmedia":[{"embeddable":true,"href":"https:\/\/www.musikzeitung.ch\/it\/wp-json\/wp\/v2\/media\/8470"}],"wp:attachment":[{"href":"https:\/\/www.musikzeitung.ch\/it\/wp-json\/wp\/v2\/media?parent=8469"}],"wp:term":[{"taxonomy":"category","embeddable":true,"href":"https:\/\/www.musikzeitung.ch\/it\/wp-json\/wp\/v2\/categories?post=8469"},{"taxonomy":"post_tag","embeddable":true,"href":"https:\/\/www.musikzeitung.ch\/it\/wp-json\/wp\/v2\/tags?post=8469"}],"curies":[{"name":"wp","href":"https:\/\/api.w.org\/{rel}","templated":true}]}}