{"id":8593,"date":"2019-09-03T00:00:00","date_gmt":"2019-09-02T23:00:00","guid":{"rendered":"https:\/\/www.musikzeitung.ch\/allgemein\/akikos-klavier\/"},"modified":"2025-03-28T11:36:29","modified_gmt":"2025-03-28T10:36:29","slug":"akikos-klavier","status":"publish","type":"post","link":"https:\/\/www.musikzeitung.ch\/it\/berichte\/2019\/09\/akikos-klavier","title":{"rendered":"Il pianoforte di Akiko"},"content":{"rendered":"<figure style=\"width: 554px\" class=\"wp-caption alignnone\"><img loading=\"lazy\" decoding=\"async\" src=\"https:\/\/www.musikzeitung.ch\/wp-content\/uploads\/2023\/01\/hi_5.jpg\" alt=\"\" width=\"554\" height=\"368\" \/><figcaption class=\"wp-caption-text\">Martha Argerich suona sullo strumento di Akiko. Foto: per gentile concessione di Hope Project, Hiroshima<\/figcaption><\/figure>\n<div class=\"text-section\">\n<p>Hiroshima, 6 agosto, ore 8.15: la campana della pace viene suonata sette volte. \u00c8 il momento in cui, nel 1945, un bombardiere americano sganci\u00f2 la bomba atomica dieci chilometri sopra la citt\u00e0. Decine di migliaia di persone morirono in pochi secondi e alla fine dell'anno il numero delle vittime era salito a circa centoquarantamila a causa della radioattivit\u00e0. Ogni anno, i rintocchi aprono la cerimonia commemorativa, alla quale partecipano i sopravvissuti e le loro famiglie, alti funzionari, gran parte del corpo diplomatico di Tokyo e migliaia di cittadini comuni al punto zero dell'esplosione, l'attuale Parco della Pace. Un minuto di silenzio \u00e8 seguito dai discorsi del sindaco di Hiroshima e del Primo Ministro, uno stormo di colombe si alza in volo e due bambini leggono una promessa di pace.<\/p>\n<\/div>\n<div class=\"text-section\">\n<dl class=\"picture media photo large\">\n<dt>\n<figure style=\"width: 554px\" class=\"wp-caption alignnone\"><img loading=\"lazy\" decoding=\"async\" class=\"media photo large\" src=\"https:\/\/www.musikzeitung.ch\/wp-content\/uploads\/2023\/01\/hi_4.jpg\" alt=\" \" width=\"554\" height=\"439\" \/><figcaption class=\"wp-caption-text\">Una mostra al Museo della Pace e della Memoria di Hiroshima: l'orologio della cucina si \u00e8 fermato al momento dell'esplosione della bomba. Foto: Max Nyffeler<\/figcaption><\/figure><\/dt>\n<dd class=\"longdesc\"><\/dd>\n<\/dl>\n<\/div>\n<div class=\"text-section\">\n<p>La breve e dignitosa cerimonia \u00e8 una parte molto visibile di una cultura del ricordo accuratamente coltivata nella citt\u00e0, che oggi conta nuovamente pi\u00f9 di un milione di abitanti. Oltre ai vari monumenti commemorativi presenti nel parco, tra cui le rovine dell'ex Camera di Commercio e Industria, nota in tutto il mondo come \"cupola della bomba atomica\", e soprattutto il Museo della Pace e del Ricordo. Il museo documenta la morte e la sofferenza di massa delle vittime in modo tanto reale quanto straziante e mostra il potenziale distruttivo della bomba in una sezione educativa esemplare. \u00c8 terrificante pensare che qualcosa di simile possa accadere di nuovo in qualsiasi parte del mondo.<\/p>\n<\/div>\n<div class=\"text-section\">\n<dl class=\"picture media photo large\">\n<dt>\n<figure style=\"width: 554px\" class=\"wp-caption alignnone\"><img loading=\"lazy\" decoding=\"async\" class=\"media photo large\" src=\"https:\/\/www.musikzeitung.ch\/wp-content\/uploads\/2023\/01\/9_10_focus_Hiroshima_1.jpg\" alt=\"\" width=\"554\" height=\"415\" \/><figcaption class=\"wp-caption-text\">Il Punto Zero e l'odierna Hiroshima, a sinistra il monumento della \"cupola della bomba atomica\". Foto: Max Nyffeler<\/figcaption><\/figure><\/dt>\n<dd class=\"longdesc\"><\/dd>\n<\/dl>\n<\/div>\n<div>\n<h3 class=\"\">\"Musica per la pace\" come programma di scambio internazionale<\/h3>\n<\/div>\n<div class=\"text-section\">\n<p>Dal 2015, a queste attivit\u00e0 tradizionali si \u00e8 aggiunta l'iniziativa \"Musica per la Pace\", incentrata sul <a href=\"http:\/\/hirokyo.or.jp\/\" target=\"_blank\" rel=\"noopener\">Orchestra Sinfonica di Hiroshima<\/a> \u00e8 sinonimo di pace. Si \u00e8 prefissata il compito di diffondere in tutto il mondo l'idea della pace, che in questa citt\u00e0 \u00e8 tenuta in grande considerazione. Tra i sostenitori, Martha Argerich \u00e8 in prima linea con il titolo onorario di ambasciatrice di pace per l'orchestra. L'iniziatore e la forza trainante sono Shoji Sato, il cui lavoro principale \u00e8 lavorare per un'agenzia di artisti di Tokyo, e l'orchestra sinfonica funge da sponsor artistico. Con programmi di concerti a tema e sfruttando le connessioni globali del business musicale odierno, costituisce il fulcro di un programma di scambio internazionale a lungo termine che non solo si estende alle visite orchestrali reciproche e alle attivit\u00e0 solistiche, ma coinvolge anche i musicisti dell'orchestra individualmente o in gruppo, a seconda del progetto.<\/p>\n<\/div>\n<div class=\"text-section\">\n<dl class=\"picture media photo large\">\n<dt>\n<figure style=\"width: 554px\" class=\"wp-caption alignnone\"><img loading=\"lazy\" decoding=\"async\" class=\"media photo large\" src=\"https:\/\/www.musikzeitung.ch\/wp-content\/uploads\/2023\/01\/hi_3.jpg\" alt=\" \" width=\"554\" height=\"415\" \/><figcaption class=\"wp-caption-text\">La sala concerti di Hiroshima. Foto: Max Nyffeler<\/figcaption><\/figure><\/dt>\n<dd class=\"longdesc\"><\/dd>\n<\/dl>\n<\/div>\n<div class=\"text-section\">\n<p>Il \"trapianto\" di musicisti d'orchestra \u00e8 insolito e si riferisce a una delle idee di base dell'iniziativa. Al di l\u00e0 del legittimo tentativo di posizionare meglio l'orchestra sul mercato internazionale, l'obiettivo \u00e8 quello di ampliare il bagaglio di esperienze dei singoli musicisti e dell'orchestra nel suo complesso e di contribuire alla comprensione attraverso i continenti, le barriere linguistiche e le peculiarit\u00e0 culturali attraverso gli incontri umani. L'educazione orchestrale e l'educazione alla pace si completano a vicenda. \"Music for Peace\" mira a far conoscere alle persone l'idea del disarmo\", afferma Sato. Non sorprende che la nostra musica classica europea serva da tramite per questi segnali di pace giapponesi. Ha uno status elevato in Estremo Oriente, il pubblico \u00e8 entusiasta e, come si pu\u00f2 osservare almeno in Giappone, sempre ben informato. Inoltre \u00e8 in continua crescita, anche grazie all'influenza dei media, senza i quali oggi nulla sarebbe possibile.<\/p>\n<\/div>\n<div>\n<h3 class=\"\">Una prima mondiale di Toshio Hosokawa<\/h3>\n<\/div>\n<div class=\"text-section\">\n<p>Alla vigilia della Giornata della Memoria di quest'anno, l'Orchestra di Hiroshima, sotto la direzione del suo direttore ospite permanente Christian Arming, ha tenuto un concerto con una nuova opera di Toshio Hosokawa, il primo concerto per violoncello di Dmitri Shostakovich e la prima sinfonia di Gustav Mahler. Hosokawa \u00e8 nato a Hiroshima ed \u00e8 attualmente il compositore in residenza dell'orchestra. Ha appreso le tecniche compositive occidentali da Klaus Huber a Friburgo, ma il suo linguaggio musicale \u00e8 udibilmente radicato nella sensibilit\u00e0 musicale asiatica. Qui, la linea vivace come principio formale e veicolo di espressione prende il posto di un ordine armonicamente strutturato; lo spazio armonico \u00e8 sostituito dalla spazialit\u00e0 del gesto, che - analogamente alla pennellata nella calligrafia risultante dal movimento del corpo - inizia e finisce nel nulla, cio\u00e8 nel silenzio.<\/p>\n<p>Hosokawa fa riferimento a questo parallelo in relazione alla composizione recentemente presentata in prima assoluta <em>Canzone V <\/em>l\u00ec. \u00c8 un concerto breve e molto concentrato per violoncello e orchestra d'archi con percussioni e arpa. Il simbolismo caratteristico dell'Asia orientale \u00e8 evidente anche nella struttura formale: secondo Hosokawa, la parte solista rappresenta la voce dell'uomo, mentre l'orchestra sta per la natura interiore ed esteriore. La linea melodica si allarga a proporzioni gigantesche, attraversa l'intero spazio tonale, si sfrangia e si aggroviglia e cresce in processi sonori espressivi - un flusso di energia permanentemente ad alta tensione che viene portato in vita con intensit\u00e0 avvincente dal violoncellista inglese Steven Isserlis. L'orchestra colorata fornisce l'appropriata camera di risonanza.<\/p>\n<p>Il <a href=\"http:\/\/hirokyo.or.jp\/\" target=\"_blank\" rel=\"noopener\">Orchestra Sinfonica di Hiroshima<\/a> \u00e8 una delle migliori orchestre giapponesi, \u00e8 reattiva e coltiva un suono scintillante e trasparente. La brillante sezione dei fiati e il suono flessibile degli archi sono sorprendenti. Ha potuto sfruttare appieno le sue qualit\u00e0 nella sinfonia conclusiva di Mahler, dove ha evocato un'atmosfera viennese sul lontano Pacifico, sotto la direzione ispirata di Arming, con il suo rubato collettivo, le piccole oscillazioni e i glissandi, soprattutto nel malinconico movimento lento.\n<\/div>\n<div>\n<h3 class=\"\">Martha Argerich suona musica contemporanea<\/h3>\n<\/div>\n<div class=\"text-section\">\n<dl class=\"picture media photo\">\n<dt>\n<figure style=\"width: 180px\" class=\"wp-caption alignnone\"><img loading=\"lazy\" decoding=\"async\" class=\"media photo\" src=\"https:\/\/www.musikzeitung.ch\/wp-content\/uploads\/2023\/01\/hi_6.jpg\" alt=\" \" width=\"180\" height=\"240\" \/><figcaption class=\"wp-caption-text\">Il pianoforte di Akiko davanti alla \"cupola della bomba atomica\". Foto: per gentile concessione di Hope Project, Hiroshima<\/figcaption><\/figure><\/dt>\n<dd class=\"longdesc\"><\/dd>\n<\/dl>\n<\/div>\n<div class=\"text-section\">\n<p>L'iniziativa dell'orchestra ha gi\u00e0 creato numerosi legami con l'Europa e il Canada. Con la Sinfonia Varsovia c'\u00e8 un rapporto particolarmente stretto: entrambe sono state fondate dopo la guerra in una citt\u00e0 rasa al suolo e, in occasione del centenario delle relazioni diplomatiche tra Giappone e Polonia, le due orchestre si sono recentemente esibite a Varsavia in formazione mista, suonando insieme la Nona di Beethoven, mentre Martha Argerich ha eseguito Chopin. Krzysztof Penderecki era gi\u00e0 stato ospite a Hiroshima in giugno. Oltre a Beethoven, ha diretto la sua prima del 2009 a Cracovia sotto la direzione di Valery Gergiev. <em>Preludio di pace<\/em> e il suo secondo concerto per violino; due membri della Danish Radio Symphony Orchestra hanno partecipato come orchestrali esterni.<\/p>\n<p>Ma i fuochi d'artificio veri e propri avranno luogo il prossimo agosto a Hiroshima, quando l'orchestra eseguir\u00e0 nuovamente la Nona con venti musicisti ospiti provenienti da Polonia, Danimarca, Francia, Germania e Stati Uniti e con i coristi di Hannover, citt\u00e0 gemella di Hiroshima. E la sorpresa della serata: Martha Argerich, altrimenti non esattamente nota come paladina della musica contemporanea, eseguir\u00e0 in anteprima un nuovo concerto per pianoforte. Si chiama <em>Il pianoforte di Akiko<\/em>Il compositore \u00e8 Dai Fujikura. Non \u00e8 nuovo alla Svizzera; nel 2004 Pierre Boulez lo ha invitato al primo Festival Academy di Lucerna e un anno dopo ha diretto il suo pezzo orchestrale <em>Stato del flusso<\/em>.<\/p>\n<p>Il concerto per pianoforte e orchestra si conclude con una cadenza che evapora in un triplo pianoforte alla fine. Martha Argerich passer\u00e0 dal pianoforte a coda al pianoforte di Akiko. Akiko era una ragazza di diciannove anni di Hiroshima, morta a causa delle radiazioni nucleari il giorno dopo l'esplosione. Il suo pianoforte, uno strumento di alta qualit\u00e0 prodotto dalla casa americana Baldwin, \u00e8 sopravvissuto all'apocalisse, \u00e8 stato restaurato e ora sar\u00e0 suonato per la prima volta in pubblico in questo concerto, inizialmente a Hiroshima e poi in Europa; secondo quanto riferito, sono in corso contatti anche con Lucerna.<\/p>\n<p>Le foto dei morti, i vestiti a brandelli e gli oggetti di uso quotidiano che si sono sciolti in grumi nel Museo della Pace di Hiroshima sono testimoni silenziosi della caduta della citt\u00e0. Il pianoforte di Akiko racconta l'orrore, ma anche come superarlo, attraverso il suono.\n<\/p><\/div>\n<div class=\"text-section\">\n<dl class=\"picture media photo large\">\n<dt>\n<figure style=\"width: 554px\" class=\"wp-caption alignnone\"><img loading=\"lazy\" decoding=\"async\" class=\"media photo large\" src=\"https:\/\/www.musikzeitung.ch\/wp-content\/uploads\/2023\/01\/hi_2.jpg\" alt=\" \" width=\"554\" height=\"462\" \/><figcaption class=\"wp-caption-text\">Il Parco della Pace e del Memoriale di Hiroshima. Foto: Max Nyffeler<\/figcaption><\/figure><\/dt>\n<dd class=\"longdesc\"><\/dd>\n<\/dl>\n<\/div>","protected":false},"excerpt":{"rendered":"<p><strong>\"Music for Peace\" \u00e8 un'iniziativa dell'Orchestra Sinfonica di Hiroshima, che mira a commuovere il mondo con l'idea della pace ed \u00e8 sostenuta da Martha Argerich.<\/strong><\/p>","protected":false},"author":1,"featured_media":8594,"comment_status":"closed","ping_status":"closed","sticky":false,"template":"","format":"standard","meta":{"_acf_changed":false,"_relevanssi_hide_post":"","_relevanssi_hide_content":"","_relevanssi_pin_for_all":"","_relevanssi_pin_keywords":"","_relevanssi_unpin_keywords":"","_relevanssi_related_keywords":"","_relevanssi_related_include_ids":"","_relevanssi_related_exclude_ids":"","_relevanssi_related_no_append":"","_relevanssi_related_not_related":"","_relevanssi_related_posts":"","_relevanssi_noindex_reason":"","pgc_sgb_lightbox_settings":"","footnotes":""},"categories":[1531,28],"tags":[4853],"class_list":["post-8593","post","type-post","status-publish","format-standard","has-post-thumbnail","hentry","category-auffuehrungen","category-berichte","tag-hope-project-hiroshima"],"acf":[],"yoast_head":"<!-- This site is optimized with the Yoast SEO plugin v27.4 - https:\/\/yoast.com\/product\/yoast-seo-wordpress\/ -->\n<title>Akikos Klavier - Schweizer Musikzeitung<\/title>\n<meta name=\"robots\" content=\"index, follow, max-snippet:-1, max-image-preview:large, max-video-preview:-1\" \/>\n<link rel=\"canonical\" href=\"https:\/\/www.musikzeitung.ch\/it\/berichte\/2019\/09\/akikos-klavier\/\" \/>\n<meta property=\"og:locale\" content=\"it_IT\" \/>\n<meta property=\"og:type\" content=\"article\" \/>\n<meta property=\"og:title\" content=\"Akikos Klavier - Schweizer Musikzeitung\" \/>\n<meta property=\"og:description\" content=\"\u00abMusic for Peace\u00bb ist eine Initiative des Hiroshima Symphony Orchestra, die mit dem Friedensgedanken die Welt bewegen will und von Martha Argerich unterst\u00fctzt wird.\" \/>\n<meta property=\"og:url\" content=\"https:\/\/www.musikzeitung.ch\/it\/berichte\/2019\/09\/akikos-klavier\/\" \/>\n<meta property=\"og:site_name\" content=\"Schweizer Musikzeitung\" \/>\n<meta property=\"article:publisher\" content=\"https:\/\/www.facebook.com\/SchweizerMusikzeitung\/\" \/>\n<meta property=\"article:published_time\" content=\"2019-09-02T23:00:00+00:00\" \/>\n<meta property=\"article:modified_time\" content=\"2025-03-28T10:36:29+00:00\" \/>\n<meta property=\"og:image\" content=\"https:\/\/www.musikzeitung.ch\/wp-content\/uploads\/2023\/01\/hi_5.jpg\" \/>\n\t<meta property=\"og:image:width\" content=\"554\" \/>\n\t<meta property=\"og:image:height\" content=\"368\" \/>\n\t<meta property=\"og:image:type\" content=\"image\/jpeg\" \/>\n<meta name=\"author\" content=\"Musikzeitung-Redaktion\" \/>\n<meta name=\"twitter:card\" content=\"summary_large_image\" \/>\n<meta name=\"twitter:creator\" content=\"@smusikzeitung\" \/>\n<meta name=\"twitter:site\" content=\"@smusikzeitung\" \/>\n<meta name=\"twitter:label1\" content=\"Scritto da\" \/>\n\t<meta name=\"twitter:data1\" content=\"Musikzeitung-Redaktion\" \/>\n\t<meta name=\"twitter:label2\" content=\"Tempo di lettura stimato\" \/>\n\t<meta name=\"twitter:data2\" content=\"9 minuti\" \/>\n<script type=\"application\/ld+json\" class=\"yoast-schema-graph\">{\"@context\":\"https:\\\/\\\/schema.org\",\"@graph\":[{\"@type\":\"Article\",\"@id\":\"https:\\\/\\\/www.musikzeitung.ch\\\/berichte\\\/2019\\\/09\\\/akikos-klavier#article\",\"isPartOf\":{\"@id\":\"https:\\\/\\\/www.musikzeitung.ch\\\/berichte\\\/2019\\\/09\\\/akikos-klavier\"},\"author\":{\"name\":\"Musikzeitung-Redaktion\",\"@id\":\"https:\\\/\\\/www.musikzeitung.ch\\\/#\\\/schema\\\/person\\\/b2fd892c800856270b9dcc6001265712\"},\"headline\":\"Akikos Klavier\",\"datePublished\":\"2019-09-02T23:00:00+00:00\",\"dateModified\":\"2025-03-28T10:36:29+00:00\",\"mainEntityOfPage\":{\"@id\":\"https:\\\/\\\/www.musikzeitung.ch\\\/berichte\\\/2019\\\/09\\\/akikos-klavier\"},\"wordCount\":1289,\"publisher\":{\"@id\":\"https:\\\/\\\/www.musikzeitung.ch\\\/#organization\"},\"image\":{\"@id\":\"https:\\\/\\\/www.musikzeitung.ch\\\/berichte\\\/2019\\\/09\\\/akikos-klavier#primaryimage\"},\"thumbnailUrl\":\"https:\\\/\\\/www.musikzeitung.ch\\\/wp-content\\\/uploads\\\/2023\\\/01\\\/hi_5.jpg\",\"keywords\":[\"Hope Project Hiroshima\"],\"articleSection\":[\"Auff\u00fchrungen\",\"Berichte\"],\"inLanguage\":\"it-IT\"},{\"@type\":\"WebPage\",\"@id\":\"https:\\\/\\\/www.musikzeitung.ch\\\/berichte\\\/2019\\\/09\\\/akikos-klavier\",\"url\":\"https:\\\/\\\/www.musikzeitung.ch\\\/berichte\\\/2019\\\/09\\\/akikos-klavier\",\"name\":\"Akikos Klavier - Schweizer Musikzeitung\",\"isPartOf\":{\"@id\":\"https:\\\/\\\/www.musikzeitung.ch\\\/#website\"},\"primaryImageOfPage\":{\"@id\":\"https:\\\/\\\/www.musikzeitung.ch\\\/berichte\\\/2019\\\/09\\\/akikos-klavier#primaryimage\"},\"image\":{\"@id\":\"https:\\\/\\\/www.musikzeitung.ch\\\/berichte\\\/2019\\\/09\\\/akikos-klavier#primaryimage\"},\"thumbnailUrl\":\"https:\\\/\\\/www.musikzeitung.ch\\\/wp-content\\\/uploads\\\/2023\\\/01\\\/hi_5.jpg\",\"datePublished\":\"2019-09-02T23:00:00+00:00\",\"dateModified\":\"2025-03-28T10:36:29+00:00\",\"breadcrumb\":{\"@id\":\"https:\\\/\\\/www.musikzeitung.ch\\\/berichte\\\/2019\\\/09\\\/akikos-klavier#breadcrumb\"},\"inLanguage\":\"it-IT\",\"potentialAction\":[{\"@type\":\"ReadAction\",\"target\":[\"https:\\\/\\\/www.musikzeitung.ch\\\/berichte\\\/2019\\\/09\\\/akikos-klavier\"]}]},{\"@type\":\"ImageObject\",\"inLanguage\":\"it-IT\",\"@id\":\"https:\\\/\\\/www.musikzeitung.ch\\\/berichte\\\/2019\\\/09\\\/akikos-klavier#primaryimage\",\"url\":\"https:\\\/\\\/www.musikzeitung.ch\\\/wp-content\\\/uploads\\\/2023\\\/01\\\/hi_5.jpg\",\"contentUrl\":\"https:\\\/\\\/www.musikzeitung.ch\\\/wp-content\\\/uploads\\\/2023\\\/01\\\/hi_5.jpg\",\"width\":554,\"height\":368},{\"@type\":\"BreadcrumbList\",\"@id\":\"https:\\\/\\\/www.musikzeitung.ch\\\/berichte\\\/2019\\\/09\\\/akikos-klavier#breadcrumb\",\"itemListElement\":[{\"@type\":\"ListItem\",\"position\":1,\"name\":\"Home\",\"item\":\"https:\\\/\\\/www.musikzeitung.ch\\\/\"},{\"@type\":\"ListItem\",\"position\":2,\"name\":\"Akikos Klavier\"}]},{\"@type\":\"WebSite\",\"@id\":\"https:\\\/\\\/www.musikzeitung.ch\\\/#website\",\"url\":\"https:\\\/\\\/www.musikzeitung.ch\\\/\",\"name\":\"Schweizer Musikzeitung\",\"description\":\"Die f\u00fchrende sparten\u00fcbergreifende Monatszeitung in der Schweiz f\u00fcr musikalische Fragen.\",\"publisher\":{\"@id\":\"https:\\\/\\\/www.musikzeitung.ch\\\/#organization\"},\"potentialAction\":[{\"@type\":\"SearchAction\",\"target\":{\"@type\":\"EntryPoint\",\"urlTemplate\":\"https:\\\/\\\/www.musikzeitung.ch\\\/?s={search_term_string}\"},\"query-input\":{\"@type\":\"PropertyValueSpecification\",\"valueRequired\":true,\"valueName\":\"search_term_string\"}}],\"inLanguage\":\"it-IT\"},{\"@type\":\"Organization\",\"@id\":\"https:\\\/\\\/www.musikzeitung.ch\\\/#organization\",\"name\":\"Schweizer Musikzeitung\",\"url\":\"https:\\\/\\\/www.musikzeitung.ch\\\/\",\"logo\":{\"@type\":\"ImageObject\",\"inLanguage\":\"it-IT\",\"@id\":\"https:\\\/\\\/www.musikzeitung.ch\\\/#\\\/schema\\\/logo\\\/image\\\/\",\"url\":\"https:\\\/\\\/www.musikzeitung.ch\\\/wp-content\\\/uploads\\\/2023\\\/01\\\/SMZ_Schriftzug_Sprache.png\",\"contentUrl\":\"https:\\\/\\\/www.musikzeitung.ch\\\/wp-content\\\/uploads\\\/2023\\\/01\\\/SMZ_Schriftzug_Sprache.png\",\"width\":1400,\"height\":279,\"caption\":\"Schweizer Musikzeitung\"},\"image\":{\"@id\":\"https:\\\/\\\/www.musikzeitung.ch\\\/#\\\/schema\\\/logo\\\/image\\\/\"},\"sameAs\":[\"https:\\\/\\\/www.facebook.com\\\/SchweizerMusikzeitung\\\/\",\"https:\\\/\\\/x.com\\\/smusikzeitung\",\"https:\\\/\\\/www.instagram.com\\\/musikzeitung.ch\\\/\"]},{\"@type\":\"Person\",\"@id\":\"https:\\\/\\\/www.musikzeitung.ch\\\/#\\\/schema\\\/person\\\/b2fd892c800856270b9dcc6001265712\",\"name\":\"Musikzeitung-Redaktion\",\"image\":{\"@type\":\"ImageObject\",\"inLanguage\":\"it-IT\",\"@id\":\"https:\\\/\\\/www.musikzeitung.ch\\\/wp-content\\\/uploads\\\/2022\\\/05\\\/usericon_musikzeitung-96x96.jpg\",\"url\":\"https:\\\/\\\/www.musikzeitung.ch\\\/wp-content\\\/uploads\\\/2022\\\/05\\\/usericon_musikzeitung-96x96.jpg\",\"contentUrl\":\"https:\\\/\\\/www.musikzeitung.ch\\\/wp-content\\\/uploads\\\/2022\\\/05\\\/usericon_musikzeitung-96x96.jpg\",\"caption\":\"Musikzeitung-Redaktion\"},\"url\":\"https:\\\/\\\/www.musikzeitung.ch\\\/it\\\/author\\\/admin\"}]}<\/script>\n<!-- \/ Yoast SEO plugin. -->","yoast_head_json":{"title":"Akikos Klavier - Schweizer Musikzeitung","robots":{"index":"index","follow":"follow","max-snippet":"max-snippet:-1","max-image-preview":"max-image-preview:large","max-video-preview":"max-video-preview:-1"},"canonical":"https:\/\/www.musikzeitung.ch\/it\/berichte\/2019\/09\/akikos-klavier\/","og_locale":"it_IT","og_type":"article","og_title":"Akikos Klavier - Schweizer Musikzeitung","og_description":"\u00abMusic for Peace\u00bb ist eine Initiative des Hiroshima Symphony Orchestra, die mit dem Friedensgedanken die Welt bewegen will und von Martha Argerich unterst\u00fctzt wird.","og_url":"https:\/\/www.musikzeitung.ch\/it\/berichte\/2019\/09\/akikos-klavier\/","og_site_name":"Schweizer Musikzeitung","article_publisher":"https:\/\/www.facebook.com\/SchweizerMusikzeitung\/","article_published_time":"2019-09-02T23:00:00+00:00","article_modified_time":"2025-03-28T10:36:29+00:00","og_image":[{"width":554,"height":368,"url":"https:\/\/www.musikzeitung.ch\/wp-content\/uploads\/2023\/01\/hi_5.jpg","type":"image\/jpeg"}],"author":"Musikzeitung-Redaktion","twitter_card":"summary_large_image","twitter_creator":"@smusikzeitung","twitter_site":"@smusikzeitung","twitter_misc":{"Scritto da":"Musikzeitung-Redaktion","Tempo di lettura stimato":"9 minuti"},"schema":{"@context":"https:\/\/schema.org","@graph":[{"@type":"Article","@id":"https:\/\/www.musikzeitung.ch\/berichte\/2019\/09\/akikos-klavier#article","isPartOf":{"@id":"https:\/\/www.musikzeitung.ch\/berichte\/2019\/09\/akikos-klavier"},"author":{"name":"Musikzeitung-Redaktion","@id":"https:\/\/www.musikzeitung.ch\/#\/schema\/person\/b2fd892c800856270b9dcc6001265712"},"headline":"Akikos Klavier","datePublished":"2019-09-02T23:00:00+00:00","dateModified":"2025-03-28T10:36:29+00:00","mainEntityOfPage":{"@id":"https:\/\/www.musikzeitung.ch\/berichte\/2019\/09\/akikos-klavier"},"wordCount":1289,"publisher":{"@id":"https:\/\/www.musikzeitung.ch\/#organization"},"image":{"@id":"https:\/\/www.musikzeitung.ch\/berichte\/2019\/09\/akikos-klavier#primaryimage"},"thumbnailUrl":"https:\/\/www.musikzeitung.ch\/wp-content\/uploads\/2023\/01\/hi_5.jpg","keywords":["Hope Project Hiroshima"],"articleSection":["Auff\u00fchrungen","Berichte"],"inLanguage":"it-IT"},{"@type":"WebPage","@id":"https:\/\/www.musikzeitung.ch\/berichte\/2019\/09\/akikos-klavier","url":"https:\/\/www.musikzeitung.ch\/berichte\/2019\/09\/akikos-klavier","name":"Akikos Klavier - Schweizer Musikzeitung","isPartOf":{"@id":"https:\/\/www.musikzeitung.ch\/#website"},"primaryImageOfPage":{"@id":"https:\/\/www.musikzeitung.ch\/berichte\/2019\/09\/akikos-klavier#primaryimage"},"image":{"@id":"https:\/\/www.musikzeitung.ch\/berichte\/2019\/09\/akikos-klavier#primaryimage"},"thumbnailUrl":"https:\/\/www.musikzeitung.ch\/wp-content\/uploads\/2023\/01\/hi_5.jpg","datePublished":"2019-09-02T23:00:00+00:00","dateModified":"2025-03-28T10:36:29+00:00","breadcrumb":{"@id":"https:\/\/www.musikzeitung.ch\/berichte\/2019\/09\/akikos-klavier#breadcrumb"},"inLanguage":"it-IT","potentialAction":[{"@type":"ReadAction","target":["https:\/\/www.musikzeitung.ch\/berichte\/2019\/09\/akikos-klavier"]}]},{"@type":"ImageObject","inLanguage":"it-IT","@id":"https:\/\/www.musikzeitung.ch\/berichte\/2019\/09\/akikos-klavier#primaryimage","url":"https:\/\/www.musikzeitung.ch\/wp-content\/uploads\/2023\/01\/hi_5.jpg","contentUrl":"https:\/\/www.musikzeitung.ch\/wp-content\/uploads\/2023\/01\/hi_5.jpg","width":554,"height":368},{"@type":"BreadcrumbList","@id":"https:\/\/www.musikzeitung.ch\/berichte\/2019\/09\/akikos-klavier#breadcrumb","itemListElement":[{"@type":"ListItem","position":1,"name":"Home","item":"https:\/\/www.musikzeitung.ch\/"},{"@type":"ListItem","position":2,"name":"Akikos Klavier"}]},{"@type":"WebSite","@id":"https:\/\/www.musikzeitung.ch\/#website","url":"https:\/\/www.musikzeitung.ch\/","name":"Giornale musicale svizzero","description":"Il principale mensile interdisciplinare della Svizzera per le questioni musicali.","publisher":{"@id":"https:\/\/www.musikzeitung.ch\/#organization"},"potentialAction":[{"@type":"SearchAction","target":{"@type":"EntryPoint","urlTemplate":"https:\/\/www.musikzeitung.ch\/?s={search_term_string}"},"query-input":{"@type":"PropertyValueSpecification","valueRequired":true,"valueName":"search_term_string"}}],"inLanguage":"it-IT"},{"@type":"Organization","@id":"https:\/\/www.musikzeitung.ch\/#organization","name":"Giornale musicale svizzero","url":"https:\/\/www.musikzeitung.ch\/","logo":{"@type":"ImageObject","inLanguage":"it-IT","@id":"https:\/\/www.musikzeitung.ch\/#\/schema\/logo\/image\/","url":"https:\/\/www.musikzeitung.ch\/wp-content\/uploads\/2023\/01\/SMZ_Schriftzug_Sprache.png","contentUrl":"https:\/\/www.musikzeitung.ch\/wp-content\/uploads\/2023\/01\/SMZ_Schriftzug_Sprache.png","width":1400,"height":279,"caption":"Schweizer Musikzeitung"},"image":{"@id":"https:\/\/www.musikzeitung.ch\/#\/schema\/logo\/image\/"},"sameAs":["https:\/\/www.facebook.com\/SchweizerMusikzeitung\/","https:\/\/x.com\/smusikzeitung","https:\/\/www.instagram.com\/musikzeitung.ch\/"]},{"@type":"Person","@id":"https:\/\/www.musikzeitung.ch\/#\/schema\/person\/b2fd892c800856270b9dcc6001265712","name":"Redazione Musikzeitung","image":{"@type":"ImageObject","inLanguage":"it-IT","@id":"https:\/\/www.musikzeitung.ch\/wp-content\/uploads\/2022\/05\/usericon_musikzeitung-96x96.jpg","url":"https:\/\/www.musikzeitung.ch\/wp-content\/uploads\/2022\/05\/usericon_musikzeitung-96x96.jpg","contentUrl":"https:\/\/www.musikzeitung.ch\/wp-content\/uploads\/2022\/05\/usericon_musikzeitung-96x96.jpg","caption":"Musikzeitung-Redaktion"},"url":"https:\/\/www.musikzeitung.ch\/it\/author\/admin"}]}},"publishpress_future_workflow_manual_trigger":{"enabledWorkflows":[]},"_links":{"self":[{"href":"https:\/\/www.musikzeitung.ch\/it\/wp-json\/wp\/v2\/posts\/8593","targetHints":{"allow":["GET"]}}],"collection":[{"href":"https:\/\/www.musikzeitung.ch\/it\/wp-json\/wp\/v2\/posts"}],"about":[{"href":"https:\/\/www.musikzeitung.ch\/it\/wp-json\/wp\/v2\/types\/post"}],"author":[{"embeddable":true,"href":"https:\/\/www.musikzeitung.ch\/it\/wp-json\/wp\/v2\/users\/1"}],"replies":[{"embeddable":true,"href":"https:\/\/www.musikzeitung.ch\/it\/wp-json\/wp\/v2\/comments?post=8593"}],"version-history":[{"count":2,"href":"https:\/\/www.musikzeitung.ch\/it\/wp-json\/wp\/v2\/posts\/8593\/revisions"}],"predecessor-version":[{"id":64110,"href":"https:\/\/www.musikzeitung.ch\/it\/wp-json\/wp\/v2\/posts\/8593\/revisions\/64110"}],"wp:featuredmedia":[{"embeddable":true,"href":"https:\/\/www.musikzeitung.ch\/it\/wp-json\/wp\/v2\/media\/8594"}],"wp:attachment":[{"href":"https:\/\/www.musikzeitung.ch\/it\/wp-json\/wp\/v2\/media?parent=8593"}],"wp:term":[{"taxonomy":"category","embeddable":true,"href":"https:\/\/www.musikzeitung.ch\/it\/wp-json\/wp\/v2\/categories?post=8593"},{"taxonomy":"post_tag","embeddable":true,"href":"https:\/\/www.musikzeitung.ch\/it\/wp-json\/wp\/v2\/tags?post=8593"}],"curies":[{"name":"wp","href":"https:\/\/api.w.org\/{rel}","templated":true}]}}