{"id":8606,"date":"2019-06-18T00:00:00","date_gmt":"2019-06-17T23:00:00","guid":{"rendered":"https:\/\/www.musikzeitung.ch\/allgemein\/ueber-allem-schwebt-der-geist-von-benjamin-britten\/"},"modified":"2025-03-28T11:59:12","modified_gmt":"2025-03-28T10:59:12","slug":"ueber-allem-schwebt-der-geist-von-benjamin-britten","status":"publish","type":"post","link":"https:\/\/www.musikzeitung.ch\/it\/berichte\/2019\/06\/ueber-allem-schwebt-der-geist-von-benjamin-britten","title":{"rendered":"Lo spirito di Benjamin Britten aleggia su ogni cosa"},"content":{"rendered":"<figure style=\"width: 554px\" class=\"wp-caption alignnone\"><img loading=\"lazy\" decoding=\"async\" src=\"https:\/\/www.musikzeitung.ch\/wp-content\/uploads\/2023\/01\/aw4.jpg\" alt=\"\" width=\"554\" height=\"405\" \/><figcaption class=\"wp-caption-text\">Centro culturale Snape Maltings, a pochi chilometri da Aldeburgh. Foto: Emmerson Productions<\/figcaption><\/figure>\n<div class=\"text-section\">\n<p>Aldeburgh \u00e8 un buon esempio di come la cultura possa diventare un motore economico in un'area rurale. Un tempo era un sonnolento villaggio di pescatori a due ore di macchina a nord-est di Londra. Dopo la Seconda guerra mondiale, il compositore Benjamin Britten e il tenore Peter Pears si stabilirono qui e fondarono un festival musicale nel 1948. Questo fu l'inizio di uno sviluppo unico. Oggi Aldeburgh \u00e8 una destinazione culturale di fama internazionale. Al<a href=\"https:\/\/snapemaltings.co.uk\/season\/aldeburgh-festival\" target=\"_blank\" rel=\"noopener\"> festival di due settimane e mezzo a giugno<\/a> I visitatori provengono non solo da tutto il regno, ma ora anche dal continente.<\/p>\n<p>Lo spirito di Britten, morto e sepolto qui nel 1976, sembra aleggiare sul luogo. Le sue opere, che trattano del destino dei forestieri, della morale repressiva e della natura dura, sono state scritte qui e il suo nome si trova su targhe commemorative e cartelli stradali. La casa di campagna in cui i due vissero \u00e8 oggi un museo e ospita l'ampio archivio di Britten e l'ente finanziariamente pi\u00f9 forte. <a href=\"https:\/\/brittenpears.org\" target=\"_blank\" rel=\"noopener\">Fondazione Britten-Pears.<\/a><\/p>\n<\/div>\n<div>\n<h3 class=\"\">Arte dalla fabbrica di malto<\/h3>\n<\/div>\n<div class=\"text-section\">\n<p>La fondazione vive dei proventi dei diritti d'autore a livello mondiale e si dedica principalmente al mantenimento dell'eredit\u00e0 di Britten, ma sostiene anche diverse iniziative culturali. In particolare, \u00e8 fortemente coinvolta nelle attivit\u00e0 dell'associazione <a href=\"https:\/\/snapemaltings.co.uk\/about-us\/\" target=\"_blank\" rel=\"noopener\">Malteria di Piton<\/a>un centro culturale alla periferia del villaggio di Snape, a pochi chilometri da Aldeburgh. Qui si svolge anche la maggior parte degli eventi del festival. The Maltings: si tratta dell'ampio sito di un'ex fabbrica di malto, immerso nella campagna, tra prati e un vasto canneto. Natura e cultura formano un'armonia unica.<\/p>\n<p>Nel 1967, Britten fece trasformare un edificio industriale in una sala da concerto acusticamente eccezionale; all'inaugurazione partecip\u00f2 persino la Regina. Oggi, i Maltings formano un polo culturale con serie di concerti durante tutto l'anno, corsi per dilettanti e professionisti, sale prova, studi di artisti, gallerie e un'infrastruttura con ristoranti e negozi. Il tutto \u00e8 diretto da Roger Wright, ex uomo della BBC e responsabile della pianificazione dei London Proms. Nei prossimi anni ha in programma di espandere in modo significativo i collegamenti internazionali.<\/p>\n<\/div>\n<div class=\"text-section\">\n<dl class=\"picture media photo large\">\n<dt>\n<figure style=\"width: 554px\" class=\"wp-caption alignnone\"><img loading=\"lazy\" decoding=\"async\" class=\"media photo large\" src=\"https:\/\/www.musikzeitung.ch\/wp-content\/uploads\/2023\/01\/aw1.jpg\" alt=\" \" width=\"554\" height=\"415\" \/><figcaption class=\"wp-caption-text\">Pausa concerto al sole della sera. Foto: Max Nyffeler<\/figcaption><\/figure><\/dt>\n<dd class=\"caption\"><\/dd>\n<\/dl>\n<\/div>\n<div>\n<h3 class=\"\">Strana luce<\/h3>\n<\/div>\n<div class=\"text-section\">\n<p>Britten non \u00e8 presente solo in modo invisibile nelle istituzioni, ma anche concretamente nella musica dell'ampio programma del festival. Quest'anno, l'eccellente giovane Quartetto Castaliano ha suonato il secondo quartetto d'archi del 1945, un omaggio a Henry Purcell con dimensioni sinfoniche. Britten opera qui con idee formali storiche e conclude provocatoriamente con l'accordo di do maggiore - la tonalit\u00e0 appare improvvisamente in una nuova, strana luce.<\/p>\n<p>L'avanguardia tedesca, in particolare, ha sempre storto il naso di fronte a Britten per queste idee. Sull'isola, invece, il compositore \u00e8 considerato da un vasto pubblico come una figura del secolo - comprensibile alla luce di un'opera come questo quartetto, che fa appello direttamente alla sua forza emotiva e alla sua intelligenza musicale. Forse \u00e8 giunto il momento di dare uno sguardo pi\u00f9 attento all'opera strumentale di questo compositore anche in questo Paese.<\/p>\n<p>Questo pensiero si impone a maggior ragione nel caso della <em>Sonetti sacri di John Donne<\/em>. Britten scrisse il ciclo di canzoni dopo la <a href=\"https:\/\/www.musikzeitung.ch\/rezensionen\/buecher-rezensionen\/2019\/05\/erinnerung-an-eine-legendaere-konzertreise\" target=\"_blank\" rel=\"noopener\">memorabile concerto che esegu\u00ec insieme a Yehudi Menuhin subito dopo la fine della guerra.<\/a> di fronte ai prigionieri liberati nel campo di concentramento tedesco di Bergen-Belsen. L'orrore e l'indignazione per ci\u00f2 che aveva visto riecheggiano nelle canzoni e si combinano con il tumulto interiore delle poesie per creare un'emozionante confessione personale. \u00c8 una grande arte di un'attualit\u00e0 senza tempo. Il tenore Mark Padmore, coadiuvato al pianoforte da Andrew West, ha centrato la nota perfetta e prima del concerto si \u00e8 impegnato in una conversazione competente sul palco con la scrittrice Lavinia Greenlaw e la musicologa Kate Kennedy sulle canzoni e i loro autori.<\/p>\n<\/div>\n<div class=\"text-section\">\n<dl class=\"picture media photo large\">\n<dt>\n<figure style=\"width: 554px\" class=\"wp-caption alignnone\"><img loading=\"lazy\" decoding=\"async\" class=\"media photo large\" src=\"https:\/\/www.musikzeitung.ch\/wp-content\/uploads\/2023\/01\/aw2.jpg\" alt=\" \" width=\"554\" height=\"370\" \/><figcaption class=\"wp-caption-text\">Mark Padmore a colloquio con Britten su \"Holy Sonnets of John Donne\". Foto: Festival di Aldeburgh<\/figcaption><\/figure><\/dt>\n<dd class=\"caption\"><\/dd>\n<\/dl>\n<\/div>\n<div>\n<h3 class=\"\">Ampio orizzonte estetico<\/h3>\n<\/div>\n<div class=\"text-section\">\n<p>I concerti moderati dagli artisti sono un marchio di fabbrica del festival, che si sforza di abbattere le barriere culturali. L'orizzonte estetico \u00e8 ampio e c'\u00e8 spazio anche per l'eterodosso, da Boulez a Birtwistle. Oppure, come nel recital pianistico di Pierre-Laurent Aimard, opere poco conosciute di Luigi Dallapiccola e l'imponente pianista <em>Linee d'ombra<\/em> di George Benjamin. L'ensemble vocale inglese Tenebrae ha segnato il polo opposto con opere del Rinascimento inglese, eseguite con consumata purezza e mescolate con movimenti vocali da James MacMillan, che continua questa tradizione.<\/p>\n<p>Oltre a Padmore e al soprano e direttore d'orchestra Barbara Hannigan, questa volta \u00e8 stato invitato come artista in residenza Thomas Larcher, nato a Innsbruck nel 1963, compositore ed ex professore di pianoforte a Basilea. Tra le altre opere, ha eseguito il ciclo di canzoni<em> Un ciclo Padmore<\/em>che ha scritto appositamente per il suo amico cantante. Larcher segue costantemente il proprio percorso tra miniature alla Kurt\u00e1g e reminiscenze schubertiane, impressioni musicali di vita quotidiana e spruzzate neotonali. Anche in <em>Poesie, dodici pezzi per pianisti e altri bambini<\/em>tali toni risuonano. Egli affronta con maestria le sue origini alpine e la sua vicinanza alla natura, di cui lamenta la perdita in modo critico nei confronti della civilt\u00e0. Si dimostra cos\u00ec un vero romantico del nostro tempo.<\/p>\n<\/div>","protected":false},"excerpt":{"rendered":"<p><strong>Il tradizionale Festival di Aldeburgh \u00e8 ora parte di un progetto culturale globale sulla costa orientale inglese.<\/strong><\/p>","protected":false},"author":1,"featured_media":8607,"comment_status":"closed","ping_status":"closed","sticky":false,"template":"","format":"standard","meta":{"_acf_changed":false,"_relevanssi_hide_post":"","_relevanssi_hide_content":"","_relevanssi_pin_for_all":"","_relevanssi_pin_keywords":"","_relevanssi_unpin_keywords":"","_relevanssi_related_keywords":"","_relevanssi_related_include_ids":"","_relevanssi_related_exclude_ids":"","_relevanssi_related_no_append":"","_relevanssi_related_not_related":"","_relevanssi_related_posts":"","_relevanssi_noindex_reason":"","pgc_sgb_lightbox_settings":"","footnotes":""},"categories":[1531,28],"tags":[4855,2672,4856],"class_list":["post-8606","post","type-post","status-publish","format-standard","has-post-thumbnail","hentry","category-auffuehrungen","category-berichte","tag-aldeburgh-festival","tag-benjamin-britten","tag-peter-pears"],"acf":[],"yoast_head":"<!-- This site is optimized with the Yoast SEO plugin v27.4 - https:\/\/yoast.com\/product\/yoast-seo-wordpress\/ -->\n<title>\u00dcber allem schwebt der Geist von Benjamin Britten - Schweizer Musikzeitung<\/title>\n<meta name=\"robots\" content=\"index, follow, max-snippet:-1, max-image-preview:large, max-video-preview:-1\" \/>\n<link rel=\"canonical\" href=\"https:\/\/www.musikzeitung.ch\/it\/berichte\/2019\/06\/ueber-allem-schwebt-der-geist-von-benjamin-britten\/\" \/>\n<meta property=\"og:locale\" content=\"it_IT\" \/>\n<meta property=\"og:type\" content=\"article\" \/>\n<meta property=\"og:title\" content=\"\u00dcber allem schwebt der Geist von Benjamin Britten - Schweizer Musikzeitung\" \/>\n<meta property=\"og:description\" content=\"Das traditionsreiche Aldeburgh Festival ist heute Teil eines umfassenden Kulturprojekts an der englischen Ostk\u00fcste.\" \/>\n<meta property=\"og:url\" content=\"https:\/\/www.musikzeitung.ch\/it\/berichte\/2019\/06\/ueber-allem-schwebt-der-geist-von-benjamin-britten\/\" \/>\n<meta property=\"og:site_name\" content=\"Schweizer Musikzeitung\" \/>\n<meta property=\"article:publisher\" content=\"https:\/\/www.facebook.com\/SchweizerMusikzeitung\/\" \/>\n<meta property=\"article:published_time\" content=\"2019-06-17T23:00:00+00:00\" \/>\n<meta property=\"article:modified_time\" content=\"2025-03-28T10:59:12+00:00\" \/>\n<meta property=\"og:image\" content=\"https:\/\/www.musikzeitung.ch\/wp-content\/uploads\/2023\/01\/aw4.jpg\" \/>\n\t<meta property=\"og:image:width\" content=\"554\" \/>\n\t<meta property=\"og:image:height\" content=\"405\" \/>\n\t<meta property=\"og:image:type\" content=\"image\/jpeg\" \/>\n<meta name=\"author\" content=\"Musikzeitung-Redaktion\" \/>\n<meta name=\"twitter:card\" content=\"summary_large_image\" \/>\n<meta name=\"twitter:creator\" content=\"@smusikzeitung\" \/>\n<meta name=\"twitter:site\" content=\"@smusikzeitung\" \/>\n<meta name=\"twitter:label1\" content=\"Scritto da\" \/>\n\t<meta name=\"twitter:data1\" content=\"Musikzeitung-Redaktion\" \/>\n\t<meta name=\"twitter:label2\" content=\"Tempo di lettura stimato\" \/>\n\t<meta name=\"twitter:data2\" content=\"6 minuti\" \/>\n<script type=\"application\/ld+json\" class=\"yoast-schema-graph\">{\"@context\":\"https:\\\/\\\/schema.org\",\"@graph\":[{\"@type\":\"Article\",\"@id\":\"https:\\\/\\\/www.musikzeitung.ch\\\/berichte\\\/2019\\\/06\\\/ueber-allem-schwebt-der-geist-von-benjamin-britten#article\",\"isPartOf\":{\"@id\":\"https:\\\/\\\/www.musikzeitung.ch\\\/berichte\\\/2019\\\/06\\\/ueber-allem-schwebt-der-geist-von-benjamin-britten\"},\"author\":{\"name\":\"Musikzeitung-Redaktion\",\"@id\":\"https:\\\/\\\/www.musikzeitung.ch\\\/#\\\/schema\\\/person\\\/b2fd892c800856270b9dcc6001265712\"},\"headline\":\"\u00dcber allem schwebt der Geist von Benjamin Britten\",\"datePublished\":\"2019-06-17T23:00:00+00:00\",\"dateModified\":\"2025-03-28T10:59:12+00:00\",\"mainEntityOfPage\":{\"@id\":\"https:\\\/\\\/www.musikzeitung.ch\\\/berichte\\\/2019\\\/06\\\/ueber-allem-schwebt-der-geist-von-benjamin-britten\"},\"wordCount\":851,\"publisher\":{\"@id\":\"https:\\\/\\\/www.musikzeitung.ch\\\/#organization\"},\"image\":{\"@id\":\"https:\\\/\\\/www.musikzeitung.ch\\\/berichte\\\/2019\\\/06\\\/ueber-allem-schwebt-der-geist-von-benjamin-britten#primaryimage\"},\"thumbnailUrl\":\"https:\\\/\\\/www.musikzeitung.ch\\\/wp-content\\\/uploads\\\/2023\\\/01\\\/aw4.jpg\",\"keywords\":[\"Aldeburgh Festival\",\"Benjamin Britten\",\"Peter Pears\"],\"articleSection\":[\"Auff\u00fchrungen\",\"Berichte\"],\"inLanguage\":\"it-IT\"},{\"@type\":\"WebPage\",\"@id\":\"https:\\\/\\\/www.musikzeitung.ch\\\/berichte\\\/2019\\\/06\\\/ueber-allem-schwebt-der-geist-von-benjamin-britten\",\"url\":\"https:\\\/\\\/www.musikzeitung.ch\\\/berichte\\\/2019\\\/06\\\/ueber-allem-schwebt-der-geist-von-benjamin-britten\",\"name\":\"\u00dcber allem schwebt der Geist von Benjamin Britten - Schweizer Musikzeitung\",\"isPartOf\":{\"@id\":\"https:\\\/\\\/www.musikzeitung.ch\\\/#website\"},\"primaryImageOfPage\":{\"@id\":\"https:\\\/\\\/www.musikzeitung.ch\\\/berichte\\\/2019\\\/06\\\/ueber-allem-schwebt-der-geist-von-benjamin-britten#primaryimage\"},\"image\":{\"@id\":\"https:\\\/\\\/www.musikzeitung.ch\\\/berichte\\\/2019\\\/06\\\/ueber-allem-schwebt-der-geist-von-benjamin-britten#primaryimage\"},\"thumbnailUrl\":\"https:\\\/\\\/www.musikzeitung.ch\\\/wp-content\\\/uploads\\\/2023\\\/01\\\/aw4.jpg\",\"datePublished\":\"2019-06-17T23:00:00+00:00\",\"dateModified\":\"2025-03-28T10:59:12+00:00\",\"breadcrumb\":{\"@id\":\"https:\\\/\\\/www.musikzeitung.ch\\\/berichte\\\/2019\\\/06\\\/ueber-allem-schwebt-der-geist-von-benjamin-britten#breadcrumb\"},\"inLanguage\":\"it-IT\",\"potentialAction\":[{\"@type\":\"ReadAction\",\"target\":[\"https:\\\/\\\/www.musikzeitung.ch\\\/berichte\\\/2019\\\/06\\\/ueber-allem-schwebt-der-geist-von-benjamin-britten\"]}]},{\"@type\":\"ImageObject\",\"inLanguage\":\"it-IT\",\"@id\":\"https:\\\/\\\/www.musikzeitung.ch\\\/berichte\\\/2019\\\/06\\\/ueber-allem-schwebt-der-geist-von-benjamin-britten#primaryimage\",\"url\":\"https:\\\/\\\/www.musikzeitung.ch\\\/wp-content\\\/uploads\\\/2023\\\/01\\\/aw4.jpg\",\"contentUrl\":\"https:\\\/\\\/www.musikzeitung.ch\\\/wp-content\\\/uploads\\\/2023\\\/01\\\/aw4.jpg\",\"width\":554,\"height\":405},{\"@type\":\"BreadcrumbList\",\"@id\":\"https:\\\/\\\/www.musikzeitung.ch\\\/berichte\\\/2019\\\/06\\\/ueber-allem-schwebt-der-geist-von-benjamin-britten#breadcrumb\",\"itemListElement\":[{\"@type\":\"ListItem\",\"position\":1,\"name\":\"Home\",\"item\":\"https:\\\/\\\/www.musikzeitung.ch\\\/\"},{\"@type\":\"ListItem\",\"position\":2,\"name\":\"\u00dcber allem schwebt der Geist von Benjamin Britten\"}]},{\"@type\":\"WebSite\",\"@id\":\"https:\\\/\\\/www.musikzeitung.ch\\\/#website\",\"url\":\"https:\\\/\\\/www.musikzeitung.ch\\\/\",\"name\":\"Schweizer Musikzeitung\",\"description\":\"Die f\u00fchrende sparten\u00fcbergreifende Monatszeitung in der Schweiz f\u00fcr musikalische Fragen.\",\"publisher\":{\"@id\":\"https:\\\/\\\/www.musikzeitung.ch\\\/#organization\"},\"potentialAction\":[{\"@type\":\"SearchAction\",\"target\":{\"@type\":\"EntryPoint\",\"urlTemplate\":\"https:\\\/\\\/www.musikzeitung.ch\\\/?s={search_term_string}\"},\"query-input\":{\"@type\":\"PropertyValueSpecification\",\"valueRequired\":true,\"valueName\":\"search_term_string\"}}],\"inLanguage\":\"it-IT\"},{\"@type\":\"Organization\",\"@id\":\"https:\\\/\\\/www.musikzeitung.ch\\\/#organization\",\"name\":\"Schweizer Musikzeitung\",\"url\":\"https:\\\/\\\/www.musikzeitung.ch\\\/\",\"logo\":{\"@type\":\"ImageObject\",\"inLanguage\":\"it-IT\",\"@id\":\"https:\\\/\\\/www.musikzeitung.ch\\\/#\\\/schema\\\/logo\\\/image\\\/\",\"url\":\"https:\\\/\\\/www.musikzeitung.ch\\\/wp-content\\\/uploads\\\/2023\\\/01\\\/SMZ_Schriftzug_Sprache.png\",\"contentUrl\":\"https:\\\/\\\/www.musikzeitung.ch\\\/wp-content\\\/uploads\\\/2023\\\/01\\\/SMZ_Schriftzug_Sprache.png\",\"width\":1400,\"height\":279,\"caption\":\"Schweizer Musikzeitung\"},\"image\":{\"@id\":\"https:\\\/\\\/www.musikzeitung.ch\\\/#\\\/schema\\\/logo\\\/image\\\/\"},\"sameAs\":[\"https:\\\/\\\/www.facebook.com\\\/SchweizerMusikzeitung\\\/\",\"https:\\\/\\\/x.com\\\/smusikzeitung\",\"https:\\\/\\\/www.instagram.com\\\/musikzeitung.ch\\\/\"]},{\"@type\":\"Person\",\"@id\":\"https:\\\/\\\/www.musikzeitung.ch\\\/#\\\/schema\\\/person\\\/b2fd892c800856270b9dcc6001265712\",\"name\":\"Musikzeitung-Redaktion\",\"image\":{\"@type\":\"ImageObject\",\"inLanguage\":\"it-IT\",\"@id\":\"https:\\\/\\\/www.musikzeitung.ch\\\/wp-content\\\/uploads\\\/2022\\\/05\\\/usericon_musikzeitung-96x96.jpg\",\"url\":\"https:\\\/\\\/www.musikzeitung.ch\\\/wp-content\\\/uploads\\\/2022\\\/05\\\/usericon_musikzeitung-96x96.jpg\",\"contentUrl\":\"https:\\\/\\\/www.musikzeitung.ch\\\/wp-content\\\/uploads\\\/2022\\\/05\\\/usericon_musikzeitung-96x96.jpg\",\"caption\":\"Musikzeitung-Redaktion\"},\"url\":\"https:\\\/\\\/www.musikzeitung.ch\\\/it\\\/author\\\/admin\"}]}<\/script>\n<!-- \/ Yoast SEO plugin. -->","yoast_head_json":{"title":"\u00dcber allem schwebt der Geist von Benjamin Britten - Schweizer Musikzeitung","robots":{"index":"index","follow":"follow","max-snippet":"max-snippet:-1","max-image-preview":"max-image-preview:large","max-video-preview":"max-video-preview:-1"},"canonical":"https:\/\/www.musikzeitung.ch\/it\/berichte\/2019\/06\/ueber-allem-schwebt-der-geist-von-benjamin-britten\/","og_locale":"it_IT","og_type":"article","og_title":"\u00dcber allem schwebt der Geist von Benjamin Britten - Schweizer Musikzeitung","og_description":"Das traditionsreiche Aldeburgh Festival ist heute Teil eines umfassenden Kulturprojekts an der englischen Ostk\u00fcste.","og_url":"https:\/\/www.musikzeitung.ch\/it\/berichte\/2019\/06\/ueber-allem-schwebt-der-geist-von-benjamin-britten\/","og_site_name":"Schweizer Musikzeitung","article_publisher":"https:\/\/www.facebook.com\/SchweizerMusikzeitung\/","article_published_time":"2019-06-17T23:00:00+00:00","article_modified_time":"2025-03-28T10:59:12+00:00","og_image":[{"width":554,"height":405,"url":"https:\/\/www.musikzeitung.ch\/wp-content\/uploads\/2023\/01\/aw4.jpg","type":"image\/jpeg"}],"author":"Musikzeitung-Redaktion","twitter_card":"summary_large_image","twitter_creator":"@smusikzeitung","twitter_site":"@smusikzeitung","twitter_misc":{"Scritto da":"Musikzeitung-Redaktion","Tempo di lettura stimato":"6 minuti"},"schema":{"@context":"https:\/\/schema.org","@graph":[{"@type":"Article","@id":"https:\/\/www.musikzeitung.ch\/berichte\/2019\/06\/ueber-allem-schwebt-der-geist-von-benjamin-britten#article","isPartOf":{"@id":"https:\/\/www.musikzeitung.ch\/berichte\/2019\/06\/ueber-allem-schwebt-der-geist-von-benjamin-britten"},"author":{"name":"Musikzeitung-Redaktion","@id":"https:\/\/www.musikzeitung.ch\/#\/schema\/person\/b2fd892c800856270b9dcc6001265712"},"headline":"\u00dcber allem schwebt der Geist von Benjamin Britten","datePublished":"2019-06-17T23:00:00+00:00","dateModified":"2025-03-28T10:59:12+00:00","mainEntityOfPage":{"@id":"https:\/\/www.musikzeitung.ch\/berichte\/2019\/06\/ueber-allem-schwebt-der-geist-von-benjamin-britten"},"wordCount":851,"publisher":{"@id":"https:\/\/www.musikzeitung.ch\/#organization"},"image":{"@id":"https:\/\/www.musikzeitung.ch\/berichte\/2019\/06\/ueber-allem-schwebt-der-geist-von-benjamin-britten#primaryimage"},"thumbnailUrl":"https:\/\/www.musikzeitung.ch\/wp-content\/uploads\/2023\/01\/aw4.jpg","keywords":["Aldeburgh Festival","Benjamin Britten","Peter Pears"],"articleSection":["Auff\u00fchrungen","Berichte"],"inLanguage":"it-IT"},{"@type":"WebPage","@id":"https:\/\/www.musikzeitung.ch\/berichte\/2019\/06\/ueber-allem-schwebt-der-geist-von-benjamin-britten","url":"https:\/\/www.musikzeitung.ch\/berichte\/2019\/06\/ueber-allem-schwebt-der-geist-von-benjamin-britten","name":"\u00dcber allem schwebt der Geist von Benjamin Britten - Schweizer Musikzeitung","isPartOf":{"@id":"https:\/\/www.musikzeitung.ch\/#website"},"primaryImageOfPage":{"@id":"https:\/\/www.musikzeitung.ch\/berichte\/2019\/06\/ueber-allem-schwebt-der-geist-von-benjamin-britten#primaryimage"},"image":{"@id":"https:\/\/www.musikzeitung.ch\/berichte\/2019\/06\/ueber-allem-schwebt-der-geist-von-benjamin-britten#primaryimage"},"thumbnailUrl":"https:\/\/www.musikzeitung.ch\/wp-content\/uploads\/2023\/01\/aw4.jpg","datePublished":"2019-06-17T23:00:00+00:00","dateModified":"2025-03-28T10:59:12+00:00","breadcrumb":{"@id":"https:\/\/www.musikzeitung.ch\/berichte\/2019\/06\/ueber-allem-schwebt-der-geist-von-benjamin-britten#breadcrumb"},"inLanguage":"it-IT","potentialAction":[{"@type":"ReadAction","target":["https:\/\/www.musikzeitung.ch\/berichte\/2019\/06\/ueber-allem-schwebt-der-geist-von-benjamin-britten"]}]},{"@type":"ImageObject","inLanguage":"it-IT","@id":"https:\/\/www.musikzeitung.ch\/berichte\/2019\/06\/ueber-allem-schwebt-der-geist-von-benjamin-britten#primaryimage","url":"https:\/\/www.musikzeitung.ch\/wp-content\/uploads\/2023\/01\/aw4.jpg","contentUrl":"https:\/\/www.musikzeitung.ch\/wp-content\/uploads\/2023\/01\/aw4.jpg","width":554,"height":405},{"@type":"BreadcrumbList","@id":"https:\/\/www.musikzeitung.ch\/berichte\/2019\/06\/ueber-allem-schwebt-der-geist-von-benjamin-britten#breadcrumb","itemListElement":[{"@type":"ListItem","position":1,"name":"Home","item":"https:\/\/www.musikzeitung.ch\/"},{"@type":"ListItem","position":2,"name":"\u00dcber allem schwebt der Geist von Benjamin Britten"}]},{"@type":"WebSite","@id":"https:\/\/www.musikzeitung.ch\/#website","url":"https:\/\/www.musikzeitung.ch\/","name":"Giornale musicale svizzero","description":"Il principale mensile interdisciplinare della Svizzera per le questioni musicali.","publisher":{"@id":"https:\/\/www.musikzeitung.ch\/#organization"},"potentialAction":[{"@type":"SearchAction","target":{"@type":"EntryPoint","urlTemplate":"https:\/\/www.musikzeitung.ch\/?s={search_term_string}"},"query-input":{"@type":"PropertyValueSpecification","valueRequired":true,"valueName":"search_term_string"}}],"inLanguage":"it-IT"},{"@type":"Organization","@id":"https:\/\/www.musikzeitung.ch\/#organization","name":"Giornale musicale svizzero","url":"https:\/\/www.musikzeitung.ch\/","logo":{"@type":"ImageObject","inLanguage":"it-IT","@id":"https:\/\/www.musikzeitung.ch\/#\/schema\/logo\/image\/","url":"https:\/\/www.musikzeitung.ch\/wp-content\/uploads\/2023\/01\/SMZ_Schriftzug_Sprache.png","contentUrl":"https:\/\/www.musikzeitung.ch\/wp-content\/uploads\/2023\/01\/SMZ_Schriftzug_Sprache.png","width":1400,"height":279,"caption":"Schweizer Musikzeitung"},"image":{"@id":"https:\/\/www.musikzeitung.ch\/#\/schema\/logo\/image\/"},"sameAs":["https:\/\/www.facebook.com\/SchweizerMusikzeitung\/","https:\/\/x.com\/smusikzeitung","https:\/\/www.instagram.com\/musikzeitung.ch\/"]},{"@type":"Person","@id":"https:\/\/www.musikzeitung.ch\/#\/schema\/person\/b2fd892c800856270b9dcc6001265712","name":"Redazione Musikzeitung","image":{"@type":"ImageObject","inLanguage":"it-IT","@id":"https:\/\/www.musikzeitung.ch\/wp-content\/uploads\/2022\/05\/usericon_musikzeitung-96x96.jpg","url":"https:\/\/www.musikzeitung.ch\/wp-content\/uploads\/2022\/05\/usericon_musikzeitung-96x96.jpg","contentUrl":"https:\/\/www.musikzeitung.ch\/wp-content\/uploads\/2022\/05\/usericon_musikzeitung-96x96.jpg","caption":"Musikzeitung-Redaktion"},"url":"https:\/\/www.musikzeitung.ch\/it\/author\/admin"}]}},"publishpress_future_workflow_manual_trigger":{"enabledWorkflows":[]},"_links":{"self":[{"href":"https:\/\/www.musikzeitung.ch\/it\/wp-json\/wp\/v2\/posts\/8606","targetHints":{"allow":["GET"]}}],"collection":[{"href":"https:\/\/www.musikzeitung.ch\/it\/wp-json\/wp\/v2\/posts"}],"about":[{"href":"https:\/\/www.musikzeitung.ch\/it\/wp-json\/wp\/v2\/types\/post"}],"author":[{"embeddable":true,"href":"https:\/\/www.musikzeitung.ch\/it\/wp-json\/wp\/v2\/users\/1"}],"replies":[{"embeddable":true,"href":"https:\/\/www.musikzeitung.ch\/it\/wp-json\/wp\/v2\/comments?post=8606"}],"version-history":[{"count":3,"href":"https:\/\/www.musikzeitung.ch\/it\/wp-json\/wp\/v2\/posts\/8606\/revisions"}],"predecessor-version":[{"id":64116,"href":"https:\/\/www.musikzeitung.ch\/it\/wp-json\/wp\/v2\/posts\/8606\/revisions\/64116"}],"wp:featuredmedia":[{"embeddable":true,"href":"https:\/\/www.musikzeitung.ch\/it\/wp-json\/wp\/v2\/media\/8607"}],"wp:attachment":[{"href":"https:\/\/www.musikzeitung.ch\/it\/wp-json\/wp\/v2\/media?parent=8606"}],"wp:term":[{"taxonomy":"category","embeddable":true,"href":"https:\/\/www.musikzeitung.ch\/it\/wp-json\/wp\/v2\/categories?post=8606"},{"taxonomy":"post_tag","embeddable":true,"href":"https:\/\/www.musikzeitung.ch\/it\/wp-json\/wp\/v2\/tags?post=8606"}],"curies":[{"name":"wp","href":"https:\/\/api.w.org\/{rel}","templated":true}]}}