{"id":8625,"date":"2019-04-26T00:00:00","date_gmt":"2019-04-25T23:00:00","guid":{"rendered":"https:\/\/www.musikzeitung.ch\/allgemein\/kecker-geist-in-der-einoede\/"},"modified":"2025-05-08T15:40:10","modified_gmt":"2025-05-08T13:40:10","slug":"kecker-geist-in-der-einoede","status":"publish","type":"post","link":"https:\/\/www.musikzeitung.ch\/it\/berichte\/2019\/04\/kecker-geist-in-der-einoede","title":{"rendered":"Fantasma impertinente nella terra desolata"},"content":{"rendered":"<figure style=\"width: 554px\" class=\"wp-caption alignnone\"><img loading=\"lazy\" decoding=\"async\" src=\"https:\/\/www.musikzeitung.ch\/wp-content\/uploads\/2023\/01\/tf.jpg\" alt=\"\" width=\"554\" height=\"390\" \/><figcaption class=\"wp-caption-text\">Friedrich Theodor Fr\u00f6hlich (1803-1836). Immagine: Wikimedia<\/figcaption><\/figure>\n<div class=\"text-section\">\n<p>La Societ\u00e0 Internazionale Fr\u00f6hlich Brugg, fondata dalla cantante Barbara Vigfusson, \u00e8 impegnata dal 2016 nell'esecuzione e nella diffusione della musica del compositore argoviese del primo romanticismo Friedrich Theodor Fr\u00f6hlich (1803-1836). Attualmente esiste anche un Coro Concertistico Fr\u00f6hlich Brugg, diretto dal musicista ecclesiastico Markus J. Frey, e un'associazione culturale \"Fr\u00f6hlich-Konzerte Brugg\".<\/p>\n<p>Che l'Argovia abbia prodotto il pi\u00f9 importante compositore svizzero del primo romanticismo \u00e8 noto almeno dalla dissertazione dell'insegnante di ginnasio di Winterthur Pierre Sarbach nel 1987 e dalle sue esecuzioni di Fr\u00f6hlich con l'ensemble vocale pro musica. Fr\u00f6hlich <em>Missa<\/em> \u00e8 stata pubblicata nel 1987 nella collana \"Schweizerische Musikdenkm\u00e4ler\", ma si \u00e8 rivelata essere la copia di Fr\u00f6hlich di una messa di Johann Gottlieb Naumann (1741-1801) del 1794. C'\u00e8 molto da scoprire nelle opere di Fr\u00f6hlich: lavori corali e per ensemble vocali ben cantati, diverse ouverture orchestrali, molte canzoni, musica da camera e pezzi per pianoforte - una Gebrauchsmusik originale nel senso migliore del termine. Tra l'altro, il suo patrimonio si trova presso la Biblioteca Universitaria di Basilea.\n<\/div>\n<div>\n<h3 class=\"\">L'educazione metropolitana nelle province<\/h3>\n<\/div>\n<div class=\"text-section\">\n<p>Fr\u00f6hlich ha ricevuto la sua formazione musicale di base presso il \"Singinstitut\" di Hans Georg N\u00e4geli a Zurigo. Inizialmente avrebbe dovuto studiare legge. Tuttavia, la vita musicale a Berlino gli esplose letteralmente addosso: partecip\u00f2 a molti concerti ed entr\u00f2 in contatto con i migliori musicisti dell'epoca, tra cui Felix Mendelssohn Bartholdy e Friedrich Zelter dell'Accademia di canto di Berlino. In questo ambiente, Fr\u00f6hlich speriment\u00f2 anche la musica di Mendelssohn, una ripresa storicamente significativa del repertorio bachiano. <em>Passione di San Matteo<\/em> con.<\/p>\n<p>Il suo <em>Cantata della Passione<\/em> La scrisse poco dopo il suo ritorno da Berlino e la esegu\u00ec ad Aarau nel 1831 - non con un'orchestra, ma con l'accompagnamento del pianoforte. Fr\u00f6hlich era tornato in una terra desolata dal punto di vista musicale. Ad Aarau non c'era un'orchestra e non c'erano lezioni di musica regolari presso la scuola cantonale con cui avrebbe potuto costruirsi un sostentamento. Fond\u00f2 quindi una propria scuola di canto.<\/p>\n<p>I testi per il <em>Cantata della Passione<\/em>basato sui quattro Vangeli, \u00e8 stato fornito da suo fratello, il teologo riformato Abraham Emanuel Fr\u00f6hlich. L'oratorio \u00e8 ampio, consta di 21 numeri e non solo ha una strumentazione originale, ma Fr\u00f6hlich \"gioca\" con essa: coro misto, coro femminile e coro maschile cantano in alternanza, pi\u00f9 sei solisti e un'orchestra di fiati. Colpisce la linea melodica non convenzionale ma cantabile; dal punto di vista armonico, Fr\u00f6hlich trova ripetutamente svolte e colori interessanti, da primo Romanticismo. L'orchestrazione \u00e8 sorprendentemente buona.\n<\/div>\n<div>\n<h3 class=\"\">Esecuzione di un'opera stampata per la prima volta<\/h3>\n<\/div>\n<div class=\"text-section\">\n<p>L'oratorio di Fr\u00f6hlich poteva ora essere vissuto nella Stadtkirche Brugg sotto la magistrale direzione di Markus J. Frey. Il Fr\u00f6hlich Concert Choir Brugg comprendeva anche l'eccellente ensemble vocale femminile Vocembalo, diretto da Barbara Vigfusson. Ci\u00f2 era chiaramente udibile nelle parti di soprano molto alte e ben intonate. Nel complesso, il coro e l'orchestra di Chaart hanno padroneggiato quest'opera con fresco vigore, buona intonazione e precise entrate fugali.<\/p>\n<p>Domenica ha anche dimostrato che questo progetto di Fr\u00f6hlich coinvolge musicisti validi e impegnati nella causa. Il recital canoro con il soprano Muriel Schwarz e il suo pianista Andrea Wiesli, dotato di una sottile sintonia, ha incorporato le canzoni di Fr\u00f6hlich - tra cui alcune di <em>Canzoni svizzere<\/em> in dialetto - tra quelli dei fratelli Fanny Hensel Mendelssohn e Felix Mendelssohn Bartholdy. I brani in stile Biedermeier, che testimoniano l'umorismo e la gioia di vivere di Fr\u00f6hlich, sono stati eseguiti con sensibilit\u00e0 e arguzia.<\/p>\n<p>Inoltre, il violinista Sebastian Bohren e il Quartetto Stradivari hanno affrontato la prima svizzera del Quartetto per pianoforte e orchestra in re minore (1835), pubblicato da Amadeus per la prima volta; Benjamin Engeli era al pianoforte. L'opera del compositore argoviese del primo romanticismo \u00e8 stata eseguita dopo il Quartetto per pianoforte e orchestra n. 1 in sol minore K. 478 di Mozart e ha dimostrato di poter reggere il confronto con Mozart. Hanno contagiato il pubblico con la loro gioia per il senso del suono e lo spirito sfrontato di Fr\u00f6hlich. Sarebbe ora di promuovere maggiormente questa iniziativa di Fr\u00f6hlich, significativa a livello locale e nazionale, in termini di politica culturale.\n<\/p><\/div>\n<div>\n<p><a href=\"http:\/\/www.froehlich-gesellschaft.ch\"><strong>www.froehlich-gesellschaft.ch<\/strong><\/a><\/p>\n<\/div>","protected":false},"excerpt":{"rendered":"<p><strong>La terza edizione del Fr\u00f6hlich Day ha attirato molti visitatori a Brugg nel fine settimana del 13 e 14 aprile. <\/strong><\/p>","protected":false},"author":1,"featured_media":8626,"comment_status":"closed","ping_status":"closed","sticky":false,"template":"","format":"standard","meta":{"_acf_changed":false,"_relevanssi_hide_post":"","_relevanssi_hide_content":"","_relevanssi_pin_for_all":"","_relevanssi_pin_keywords":"","_relevanssi_unpin_keywords":"","_relevanssi_related_keywords":"","_relevanssi_related_include_ids":"","_relevanssi_related_exclude_ids":"","_relevanssi_related_no_append":"","_relevanssi_related_not_related":"","_relevanssi_related_posts":"","_relevanssi_noindex_reason":"","pgc_sgb_lightbox_settings":"","footnotes":""},"categories":[1531,28],"tags":[4930,4931],"class_list":["post-8625","post","type-post","status-publish","format-standard","has-post-thumbnail","hentry","category-auffuehrungen","category-berichte","tag-friedrich-theodor-froehlich","tag-internationale-froehlich-gesellschaft-brugg"],"acf":[],"yoast_head":"<!-- This site is optimized with the Yoast SEO plugin v27.4 - https:\/\/yoast.com\/product\/yoast-seo-wordpress\/ -->\n<title>Kecker Geist in der Ein\u00f6de - Schweizer Musikzeitung<\/title>\n<meta name=\"robots\" content=\"index, follow, max-snippet:-1, max-image-preview:large, max-video-preview:-1\" \/>\n<link rel=\"canonical\" href=\"https:\/\/www.musikzeitung.ch\/it\/berichte\/2019\/04\/kecker-geist-in-der-einoede\/\" \/>\n<meta property=\"og:locale\" content=\"it_IT\" \/>\n<meta property=\"og:type\" content=\"article\" \/>\n<meta property=\"og:title\" content=\"Kecker Geist in der Ein\u00f6de - Schweizer Musikzeitung\" \/>\n<meta property=\"og:description\" content=\"Die dritte Ausgabe des Fr\u00f6hlich-Tages lockte am Wochenende vom 13. und 14. April viele Besucherinnen und Besucher nach Brugg.\" \/>\n<meta property=\"og:url\" content=\"https:\/\/www.musikzeitung.ch\/it\/berichte\/2019\/04\/kecker-geist-in-der-einoede\/\" \/>\n<meta property=\"og:site_name\" content=\"Schweizer Musikzeitung\" \/>\n<meta property=\"article:publisher\" content=\"https:\/\/www.facebook.com\/SchweizerMusikzeitung\/\" \/>\n<meta property=\"article:published_time\" content=\"2019-04-25T23:00:00+00:00\" \/>\n<meta property=\"article:modified_time\" content=\"2025-05-08T13:40:10+00:00\" \/>\n<meta property=\"og:image\" content=\"https:\/\/www.musikzeitung.ch\/wp-content\/uploads\/2023\/01\/tf.jpg\" \/>\n\t<meta property=\"og:image:width\" content=\"554\" \/>\n\t<meta property=\"og:image:height\" content=\"390\" \/>\n\t<meta property=\"og:image:type\" content=\"image\/jpeg\" \/>\n<meta name=\"author\" content=\"Musikzeitung-Redaktion\" \/>\n<meta name=\"twitter:card\" content=\"summary_large_image\" \/>\n<meta name=\"twitter:creator\" content=\"@smusikzeitung\" \/>\n<meta name=\"twitter:site\" content=\"@smusikzeitung\" \/>\n<meta name=\"twitter:label1\" content=\"Scritto da\" \/>\n\t<meta name=\"twitter:data1\" content=\"Musikzeitung-Redaktion\" \/>\n\t<meta name=\"twitter:label2\" content=\"Tempo di lettura stimato\" \/>\n\t<meta name=\"twitter:data2\" content=\"4 minuti\" \/>\n<script type=\"application\/ld+json\" class=\"yoast-schema-graph\">{\"@context\":\"https:\\\/\\\/schema.org\",\"@graph\":[{\"@type\":\"Article\",\"@id\":\"https:\\\/\\\/www.musikzeitung.ch\\\/berichte\\\/2019\\\/04\\\/kecker-geist-in-der-einoede#article\",\"isPartOf\":{\"@id\":\"https:\\\/\\\/www.musikzeitung.ch\\\/berichte\\\/2019\\\/04\\\/kecker-geist-in-der-einoede\"},\"author\":{\"name\":\"Musikzeitung-Redaktion\",\"@id\":\"https:\\\/\\\/www.musikzeitung.ch\\\/#\\\/schema\\\/person\\\/b2fd892c800856270b9dcc6001265712\"},\"headline\":\"Kecker Geist in der Ein\u00f6de\",\"datePublished\":\"2019-04-25T23:00:00+00:00\",\"dateModified\":\"2025-05-08T13:40:10+00:00\",\"mainEntityOfPage\":{\"@id\":\"https:\\\/\\\/www.musikzeitung.ch\\\/berichte\\\/2019\\\/04\\\/kecker-geist-in-der-einoede\"},\"wordCount\":658,\"publisher\":{\"@id\":\"https:\\\/\\\/www.musikzeitung.ch\\\/#organization\"},\"image\":{\"@id\":\"https:\\\/\\\/www.musikzeitung.ch\\\/berichte\\\/2019\\\/04\\\/kecker-geist-in-der-einoede#primaryimage\"},\"thumbnailUrl\":\"https:\\\/\\\/www.musikzeitung.ch\\\/wp-content\\\/uploads\\\/2023\\\/01\\\/tf.jpg\",\"keywords\":[\"Friedrich Theodor Fr\u00f6hlich\",\"Internationale Fr\u00f6hlich-Gesellschaft Brugg\"],\"articleSection\":[\"Auff\u00fchrungen\",\"Berichte\"],\"inLanguage\":\"it-IT\"},{\"@type\":\"WebPage\",\"@id\":\"https:\\\/\\\/www.musikzeitung.ch\\\/berichte\\\/2019\\\/04\\\/kecker-geist-in-der-einoede\",\"url\":\"https:\\\/\\\/www.musikzeitung.ch\\\/berichte\\\/2019\\\/04\\\/kecker-geist-in-der-einoede\",\"name\":\"Kecker Geist in der Ein\u00f6de - Schweizer Musikzeitung\",\"isPartOf\":{\"@id\":\"https:\\\/\\\/www.musikzeitung.ch\\\/#website\"},\"primaryImageOfPage\":{\"@id\":\"https:\\\/\\\/www.musikzeitung.ch\\\/berichte\\\/2019\\\/04\\\/kecker-geist-in-der-einoede#primaryimage\"},\"image\":{\"@id\":\"https:\\\/\\\/www.musikzeitung.ch\\\/berichte\\\/2019\\\/04\\\/kecker-geist-in-der-einoede#primaryimage\"},\"thumbnailUrl\":\"https:\\\/\\\/www.musikzeitung.ch\\\/wp-content\\\/uploads\\\/2023\\\/01\\\/tf.jpg\",\"datePublished\":\"2019-04-25T23:00:00+00:00\",\"dateModified\":\"2025-05-08T13:40:10+00:00\",\"breadcrumb\":{\"@id\":\"https:\\\/\\\/www.musikzeitung.ch\\\/berichte\\\/2019\\\/04\\\/kecker-geist-in-der-einoede#breadcrumb\"},\"inLanguage\":\"it-IT\",\"potentialAction\":[{\"@type\":\"ReadAction\",\"target\":[\"https:\\\/\\\/www.musikzeitung.ch\\\/berichte\\\/2019\\\/04\\\/kecker-geist-in-der-einoede\"]}]},{\"@type\":\"ImageObject\",\"inLanguage\":\"it-IT\",\"@id\":\"https:\\\/\\\/www.musikzeitung.ch\\\/berichte\\\/2019\\\/04\\\/kecker-geist-in-der-einoede#primaryimage\",\"url\":\"https:\\\/\\\/www.musikzeitung.ch\\\/wp-content\\\/uploads\\\/2023\\\/01\\\/tf.jpg\",\"contentUrl\":\"https:\\\/\\\/www.musikzeitung.ch\\\/wp-content\\\/uploads\\\/2023\\\/01\\\/tf.jpg\",\"width\":554,\"height\":390},{\"@type\":\"BreadcrumbList\",\"@id\":\"https:\\\/\\\/www.musikzeitung.ch\\\/berichte\\\/2019\\\/04\\\/kecker-geist-in-der-einoede#breadcrumb\",\"itemListElement\":[{\"@type\":\"ListItem\",\"position\":1,\"name\":\"Home\",\"item\":\"https:\\\/\\\/www.musikzeitung.ch\\\/\"},{\"@type\":\"ListItem\",\"position\":2,\"name\":\"Kecker Geist in der Ein\u00f6de\"}]},{\"@type\":\"WebSite\",\"@id\":\"https:\\\/\\\/www.musikzeitung.ch\\\/#website\",\"url\":\"https:\\\/\\\/www.musikzeitung.ch\\\/\",\"name\":\"Schweizer Musikzeitung\",\"description\":\"Die f\u00fchrende sparten\u00fcbergreifende Monatszeitung in der Schweiz f\u00fcr musikalische Fragen.\",\"publisher\":{\"@id\":\"https:\\\/\\\/www.musikzeitung.ch\\\/#organization\"},\"potentialAction\":[{\"@type\":\"SearchAction\",\"target\":{\"@type\":\"EntryPoint\",\"urlTemplate\":\"https:\\\/\\\/www.musikzeitung.ch\\\/?s={search_term_string}\"},\"query-input\":{\"@type\":\"PropertyValueSpecification\",\"valueRequired\":true,\"valueName\":\"search_term_string\"}}],\"inLanguage\":\"it-IT\"},{\"@type\":\"Organization\",\"@id\":\"https:\\\/\\\/www.musikzeitung.ch\\\/#organization\",\"name\":\"Schweizer Musikzeitung\",\"url\":\"https:\\\/\\\/www.musikzeitung.ch\\\/\",\"logo\":{\"@type\":\"ImageObject\",\"inLanguage\":\"it-IT\",\"@id\":\"https:\\\/\\\/www.musikzeitung.ch\\\/#\\\/schema\\\/logo\\\/image\\\/\",\"url\":\"https:\\\/\\\/www.musikzeitung.ch\\\/wp-content\\\/uploads\\\/2023\\\/01\\\/SMZ_Schriftzug_Sprache.png\",\"contentUrl\":\"https:\\\/\\\/www.musikzeitung.ch\\\/wp-content\\\/uploads\\\/2023\\\/01\\\/SMZ_Schriftzug_Sprache.png\",\"width\":1400,\"height\":279,\"caption\":\"Schweizer Musikzeitung\"},\"image\":{\"@id\":\"https:\\\/\\\/www.musikzeitung.ch\\\/#\\\/schema\\\/logo\\\/image\\\/\"},\"sameAs\":[\"https:\\\/\\\/www.facebook.com\\\/SchweizerMusikzeitung\\\/\",\"https:\\\/\\\/x.com\\\/smusikzeitung\",\"https:\\\/\\\/www.instagram.com\\\/musikzeitung.ch\\\/\"]},{\"@type\":\"Person\",\"@id\":\"https:\\\/\\\/www.musikzeitung.ch\\\/#\\\/schema\\\/person\\\/b2fd892c800856270b9dcc6001265712\",\"name\":\"Musikzeitung-Redaktion\",\"image\":{\"@type\":\"ImageObject\",\"inLanguage\":\"it-IT\",\"@id\":\"https:\\\/\\\/www.musikzeitung.ch\\\/wp-content\\\/uploads\\\/2022\\\/05\\\/usericon_musikzeitung-96x96.jpg\",\"url\":\"https:\\\/\\\/www.musikzeitung.ch\\\/wp-content\\\/uploads\\\/2022\\\/05\\\/usericon_musikzeitung-96x96.jpg\",\"contentUrl\":\"https:\\\/\\\/www.musikzeitung.ch\\\/wp-content\\\/uploads\\\/2022\\\/05\\\/usericon_musikzeitung-96x96.jpg\",\"caption\":\"Musikzeitung-Redaktion\"},\"url\":\"https:\\\/\\\/www.musikzeitung.ch\\\/it\\\/author\\\/admin\"}]}<\/script>\n<!-- \/ Yoast SEO plugin. -->","yoast_head_json":{"title":"Kecker Geist in der Ein\u00f6de - Schweizer Musikzeitung","robots":{"index":"index","follow":"follow","max-snippet":"max-snippet:-1","max-image-preview":"max-image-preview:large","max-video-preview":"max-video-preview:-1"},"canonical":"https:\/\/www.musikzeitung.ch\/it\/berichte\/2019\/04\/kecker-geist-in-der-einoede\/","og_locale":"it_IT","og_type":"article","og_title":"Kecker Geist in der Ein\u00f6de - Schweizer Musikzeitung","og_description":"Die dritte Ausgabe des Fr\u00f6hlich-Tages lockte am Wochenende vom 13. und 14. April viele Besucherinnen und Besucher nach Brugg.","og_url":"https:\/\/www.musikzeitung.ch\/it\/berichte\/2019\/04\/kecker-geist-in-der-einoede\/","og_site_name":"Schweizer Musikzeitung","article_publisher":"https:\/\/www.facebook.com\/SchweizerMusikzeitung\/","article_published_time":"2019-04-25T23:00:00+00:00","article_modified_time":"2025-05-08T13:40:10+00:00","og_image":[{"width":554,"height":390,"url":"https:\/\/www.musikzeitung.ch\/wp-content\/uploads\/2023\/01\/tf.jpg","type":"image\/jpeg"}],"author":"Musikzeitung-Redaktion","twitter_card":"summary_large_image","twitter_creator":"@smusikzeitung","twitter_site":"@smusikzeitung","twitter_misc":{"Scritto da":"Musikzeitung-Redaktion","Tempo di lettura stimato":"4 minuti"},"schema":{"@context":"https:\/\/schema.org","@graph":[{"@type":"Article","@id":"https:\/\/www.musikzeitung.ch\/berichte\/2019\/04\/kecker-geist-in-der-einoede#article","isPartOf":{"@id":"https:\/\/www.musikzeitung.ch\/berichte\/2019\/04\/kecker-geist-in-der-einoede"},"author":{"name":"Musikzeitung-Redaktion","@id":"https:\/\/www.musikzeitung.ch\/#\/schema\/person\/b2fd892c800856270b9dcc6001265712"},"headline":"Kecker Geist in der Ein\u00f6de","datePublished":"2019-04-25T23:00:00+00:00","dateModified":"2025-05-08T13:40:10+00:00","mainEntityOfPage":{"@id":"https:\/\/www.musikzeitung.ch\/berichte\/2019\/04\/kecker-geist-in-der-einoede"},"wordCount":658,"publisher":{"@id":"https:\/\/www.musikzeitung.ch\/#organization"},"image":{"@id":"https:\/\/www.musikzeitung.ch\/berichte\/2019\/04\/kecker-geist-in-der-einoede#primaryimage"},"thumbnailUrl":"https:\/\/www.musikzeitung.ch\/wp-content\/uploads\/2023\/01\/tf.jpg","keywords":["Friedrich Theodor Fr\u00f6hlich","Internationale Fr\u00f6hlich-Gesellschaft Brugg"],"articleSection":["Auff\u00fchrungen","Berichte"],"inLanguage":"it-IT"},{"@type":"WebPage","@id":"https:\/\/www.musikzeitung.ch\/berichte\/2019\/04\/kecker-geist-in-der-einoede","url":"https:\/\/www.musikzeitung.ch\/berichte\/2019\/04\/kecker-geist-in-der-einoede","name":"Kecker Geist in der Ein\u00f6de - Schweizer Musikzeitung","isPartOf":{"@id":"https:\/\/www.musikzeitung.ch\/#website"},"primaryImageOfPage":{"@id":"https:\/\/www.musikzeitung.ch\/berichte\/2019\/04\/kecker-geist-in-der-einoede#primaryimage"},"image":{"@id":"https:\/\/www.musikzeitung.ch\/berichte\/2019\/04\/kecker-geist-in-der-einoede#primaryimage"},"thumbnailUrl":"https:\/\/www.musikzeitung.ch\/wp-content\/uploads\/2023\/01\/tf.jpg","datePublished":"2019-04-25T23:00:00+00:00","dateModified":"2025-05-08T13:40:10+00:00","breadcrumb":{"@id":"https:\/\/www.musikzeitung.ch\/berichte\/2019\/04\/kecker-geist-in-der-einoede#breadcrumb"},"inLanguage":"it-IT","potentialAction":[{"@type":"ReadAction","target":["https:\/\/www.musikzeitung.ch\/berichte\/2019\/04\/kecker-geist-in-der-einoede"]}]},{"@type":"ImageObject","inLanguage":"it-IT","@id":"https:\/\/www.musikzeitung.ch\/berichte\/2019\/04\/kecker-geist-in-der-einoede#primaryimage","url":"https:\/\/www.musikzeitung.ch\/wp-content\/uploads\/2023\/01\/tf.jpg","contentUrl":"https:\/\/www.musikzeitung.ch\/wp-content\/uploads\/2023\/01\/tf.jpg","width":554,"height":390},{"@type":"BreadcrumbList","@id":"https:\/\/www.musikzeitung.ch\/berichte\/2019\/04\/kecker-geist-in-der-einoede#breadcrumb","itemListElement":[{"@type":"ListItem","position":1,"name":"Home","item":"https:\/\/www.musikzeitung.ch\/"},{"@type":"ListItem","position":2,"name":"Kecker Geist in der Ein\u00f6de"}]},{"@type":"WebSite","@id":"https:\/\/www.musikzeitung.ch\/#website","url":"https:\/\/www.musikzeitung.ch\/","name":"Giornale musicale svizzero","description":"Il principale mensile interdisciplinare della Svizzera per le questioni musicali.","publisher":{"@id":"https:\/\/www.musikzeitung.ch\/#organization"},"potentialAction":[{"@type":"SearchAction","target":{"@type":"EntryPoint","urlTemplate":"https:\/\/www.musikzeitung.ch\/?s={search_term_string}"},"query-input":{"@type":"PropertyValueSpecification","valueRequired":true,"valueName":"search_term_string"}}],"inLanguage":"it-IT"},{"@type":"Organization","@id":"https:\/\/www.musikzeitung.ch\/#organization","name":"Giornale musicale svizzero","url":"https:\/\/www.musikzeitung.ch\/","logo":{"@type":"ImageObject","inLanguage":"it-IT","@id":"https:\/\/www.musikzeitung.ch\/#\/schema\/logo\/image\/","url":"https:\/\/www.musikzeitung.ch\/wp-content\/uploads\/2023\/01\/SMZ_Schriftzug_Sprache.png","contentUrl":"https:\/\/www.musikzeitung.ch\/wp-content\/uploads\/2023\/01\/SMZ_Schriftzug_Sprache.png","width":1400,"height":279,"caption":"Schweizer Musikzeitung"},"image":{"@id":"https:\/\/www.musikzeitung.ch\/#\/schema\/logo\/image\/"},"sameAs":["https:\/\/www.facebook.com\/SchweizerMusikzeitung\/","https:\/\/x.com\/smusikzeitung","https:\/\/www.instagram.com\/musikzeitung.ch\/"]},{"@type":"Person","@id":"https:\/\/www.musikzeitung.ch\/#\/schema\/person\/b2fd892c800856270b9dcc6001265712","name":"Redazione Musikzeitung","image":{"@type":"ImageObject","inLanguage":"it-IT","@id":"https:\/\/www.musikzeitung.ch\/wp-content\/uploads\/2022\/05\/usericon_musikzeitung-96x96.jpg","url":"https:\/\/www.musikzeitung.ch\/wp-content\/uploads\/2022\/05\/usericon_musikzeitung-96x96.jpg","contentUrl":"https:\/\/www.musikzeitung.ch\/wp-content\/uploads\/2022\/05\/usericon_musikzeitung-96x96.jpg","caption":"Musikzeitung-Redaktion"},"url":"https:\/\/www.musikzeitung.ch\/it\/author\/admin"}]}},"publishpress_future_workflow_manual_trigger":{"enabledWorkflows":[]},"_links":{"self":[{"href":"https:\/\/www.musikzeitung.ch\/it\/wp-json\/wp\/v2\/posts\/8625","targetHints":{"allow":["GET"]}}],"collection":[{"href":"https:\/\/www.musikzeitung.ch\/it\/wp-json\/wp\/v2\/posts"}],"about":[{"href":"https:\/\/www.musikzeitung.ch\/it\/wp-json\/wp\/v2\/types\/post"}],"author":[{"embeddable":true,"href":"https:\/\/www.musikzeitung.ch\/it\/wp-json\/wp\/v2\/users\/1"}],"replies":[{"embeddable":true,"href":"https:\/\/www.musikzeitung.ch\/it\/wp-json\/wp\/v2\/comments?post=8625"}],"version-history":[{"count":2,"href":"https:\/\/www.musikzeitung.ch\/it\/wp-json\/wp\/v2\/posts\/8625\/revisions"}],"predecessor-version":[{"id":64994,"href":"https:\/\/www.musikzeitung.ch\/it\/wp-json\/wp\/v2\/posts\/8625\/revisions\/64994"}],"wp:featuredmedia":[{"embeddable":true,"href":"https:\/\/www.musikzeitung.ch\/it\/wp-json\/wp\/v2\/media\/8626"}],"wp:attachment":[{"href":"https:\/\/www.musikzeitung.ch\/it\/wp-json\/wp\/v2\/media?parent=8625"}],"wp:term":[{"taxonomy":"category","embeddable":true,"href":"https:\/\/www.musikzeitung.ch\/it\/wp-json\/wp\/v2\/categories?post=8625"},{"taxonomy":"post_tag","embeddable":true,"href":"https:\/\/www.musikzeitung.ch\/it\/wp-json\/wp\/v2\/tags?post=8625"}],"curies":[{"name":"wp","href":"https:\/\/api.w.org\/{rel}","templated":true}]}}