{"id":8629,"date":"2019-04-10T00:00:00","date_gmt":"2019-04-09T23:00:00","guid":{"rendered":"https:\/\/www.musikzeitung.ch\/allgemein\/im-mittelpunkt-steht-das-gepflegte\/"},"modified":"2025-05-08T15:47:00","modified_gmt":"2025-05-08T13:47:00","slug":"im-mittelpunkt-steht-das-gepflegte","status":"publish","type":"post","link":"https:\/\/www.musikzeitung.ch\/it\/berichte\/2019\/04\/im-mittelpunkt-steht-das-gepflegte","title":{"rendered":"L'attenzione \u00e8 rivolta alla coltivazione"},"content":{"rendered":"<figure style=\"width: 554px\" class=\"wp-caption alignnone\"><img loading=\"lazy\" decoding=\"async\" src=\"https:\/\/www.musikzeitung.ch\/wp-content\/uploads\/2023\/01\/JBBT2.jpg\" alt=\"\" width=\"554\" height=\"414\" \/><figcaption class=\"wp-caption-text\">Il festival si svolge nella Marians Jazzroom dal 2003. Foto: IJFB 2019<\/figcaption><\/figure>\n<div class=\"text-section\">\n<p>Il Festival internazionale del jazz di Berna \u00e8 stato fondato nel 1976 dall'imprenditore alberghiero Hans Zurbr\u00fcgg. Oggi \u00e8 gestito dal figlio Benny Zurbr\u00fcgg. La 44\u00aa edizione \u00e8 in pieno svolgimento da met\u00e0 marzo e ancora una volta non offre esperimenti, ma piuttosto suoni coltivati. \"Fondamentalmente, ci atteniamo a rimanere un festival jazz genuino e a non stipare tutto ci\u00f2 che ha un potenziale di vendita in termini di stile\", spiega Benny Zurbr\u00fcgg. Ci\u00f2 che \u00e8 cambiato rispetto agli inizi \u00e8 la sede principale, che nel 2003 \u00e8 stata spostata dal Kursaal di Berna alla molto pi\u00f9 intima Marians Jazzroom nel seminterrato dell'Hotel Innere Enge. Il motto \u00e8 stato \"back to the roots\" (ritorno alle origini); dopo tutto, sia il jazz che il blues sono nati nei club. \"Da allora, ogni band suona uno o due concerti a sera, il che d\u00e0 al pubblico la possibilit\u00e0 di vedere la propria band preferita pi\u00f9 volte.\"<\/p>\n<\/div>\n<div class=\"text-section\">\n<dl class=\"picture media photo large\">\n<dt>\n<figure style=\"width: 554px\" class=\"wp-caption alignnone\"><img loading=\"lazy\" decoding=\"async\" class=\"media photo large\" src=\"https:\/\/www.musikzeitung.ch\/wp-content\/uploads\/2023\/01\/JBB2.jpg\" alt=\" \" width=\"554\" height=\"329\" \/><figcaption class=\"wp-caption-text\">Bettye LaVette. Foto: IJFB 2019<\/figcaption><\/figure><\/dt>\n<dd class=\"caption\"><\/dd>\n<\/dl>\n<\/div>\n<div>\n<h3 class=\"\">Bettye LaVette: esperta nella vita e piena di suspense<\/h3>\n<\/div>\n<div class=\"text-section\">\n<p>Il concetto sembra funzionare, come dimostra l'esempio di quest'anno di Bettye LaVette: Quattro dei suoi cinque concerti hanno registrato il tutto esaurito in anticipo. E non a caso, come suggerisce la sua terza apparizione: Accompagnata dalla sua band di quattro elementi, la 73enne cantante R'n'B e soul ci fa ripercorrere i momenti salienti della sua carriera dal 1962. A volte \u00e8 autoironica (\"Alla mia et\u00e0 non si dovrebbe voler imparare dodici nuove canzoni di Dylan\"), a volte \u00e8 orgogliosa: cita pi\u00f9 volte di essere gi\u00e0 stata nominata cinque volte per il pi\u00f9 ambito dei premi musicali, il Grammy. La voce di Bettye LaVette, vero nome Betty Jo Haskins, mostra forse qualche segno dell'et\u00e0, ma \u00e8 ancora in grado di affascinare il pubblico con la sua passione, il suo temperamento e la sua grande sicurezza di s\u00e9. Mentre la statunitense canta il brano di Dylan <em>Le cose sono cambiate<\/em>con verve, blues e la sua esperienza di vita accumulata, propone con<em> Il mio uomo - \u00c8 un uomo amorevole<\/em> un pezzo che ha eseguito all'et\u00e0 di 16 anni - \u00e8 tanto nitido quanto schietto R'n'B. La performance di 80 minuti, durante la quale LaVette si \u00e8 anche esibita allo Swamp Rock (<em>Ha fatto di me una donna<\/em>) e il Vangelo (<em>Il pi\u00f9 vicino possibile al paradiso<\/em>) \u00e8 denso e cos\u00ec carico di tensione che il pubblico si sente ispirato a fare una standing ovation alla fine del concerto.<\/p>\n<\/div>\n<div>\n<h3 class=\"\">Jerron \"Blind Boy\" Paxton: autentico e struggente<\/h3>\n<\/div>\n<div class=\"text-section\">\n<dl class=\"picture media photo\">\n<dt>\n<figure style=\"width: 180px\" class=\"wp-caption alignnone\"><img loading=\"lazy\" decoding=\"async\" class=\"media photo\" src=\"https:\/\/www.musikzeitung.ch\/wp-content\/uploads\/2023\/01\/JBJ.jpg\" alt=\" \" width=\"180\" height=\"273\" \/><figcaption class=\"wp-caption-text\">Jerron Paxton. Foto: IJFB 2019<\/figcaption><\/figure><\/dt>\n<dd class=\"caption\"><\/dd>\n<\/dl>\n<\/div>\n<div class=\"text-section\">\n<p>Un'ora dopo, Jerron \"Blind Boy\" Paxton inizia a prepararsi sul palco della Marian's Jazzroom. Il trentenne indossa una salopette di jeans e sembra un po' un contadino di altri tempi. La sua musica, che si orienta principalmente verso il folk blues acustico dei primi anni Venti, si adatta a questo aspetto. Il pubblico di circa 50 ascoltatori pu\u00f2 sentire come Paxton - che ha perso quasi completamente la vista da adolescente - ricalchi il suono dei suoi antenati della Louisiana e cerchi di essere il pi\u00f9 autentico possibile. Particolarmente impressionante <em>Ole Dog Blu<\/em>in cui l'artista racconta gli anni di carestia successivi alla Guerra Civile Americana, durante i quali perirono un milione di persone di colore. L'interazione organica tra i suoni del banjo e la voce ammaliante di Paxton costituisce un punto di forza. Il fatto che l'evento non abbia registrato il tutto esaurito \u00e8 dovuto al fatto che la musicista non \u00e8 purtroppo ancora cos\u00ec conosciuta come Bettye LaVette, afferma il direttore del festival Benny Zurbr\u00fcgg. Tuttavia, \u00e8 convinto che i doppi concerti serali siano perfetti per promuovere la popolarit\u00e0 di artisti come Paxton.<\/p>\n<\/div>\n<div>\n<h3 class=\"\">Eddie Palmieri: intricato ed elegante<\/h3>\n<\/div>\n<div class=\"text-section\">\n<p>Dopo tre settimane di festival, \u00e8 ancora presto per trarre conclusioni, spiega Zurbr\u00fcgg. \"Ma i concerti finora sono stati un completo successo, sia dal punto di vista artistico sia per quanto riguarda il numero di visitatori\". Anche l'apparizione della leggenda della musica Eddie Palmieri depone a favore di questa visione delle cose. L'ottantaduenne, che non si \u00e8 mai considerato un musicista jazz ma un rappresentante della danza latina, ha bisogno di un po' di aiuto per raggiungere il suo pianoforte a coda, ma il newyorkese di origini portoricane guida il suo sestetto di jazz afro-caraibico con la stessa mano ferma. Tuttavia, lascia la maggior parte dei riflettori e degli assoli al trombettista Jonathan Powell e al sassofonista Louis Fouch\u00e9, che forniscono un'abbondante spinta e pressione. Sebbene Palmieri sia in grado di suonare brani come Mambo <em>Picadillo<\/em> dalla penna di Tito Puente o <em>Samba Do Suenho<\/em> La musica di Cal Tjader \u00e8 ora sostenuta piuttosto che guidata, e il risultato colpisce per la sua leggerezza. Ci\u00f2 \u00e8 dovuto non da ultimo alla sua abile sezione ritmica, composta da Vincente Rivero alle congas, Luques Cortes al contrabbasso e dal percussionista Camilo Molina. Il trio sa variare senza sosta tra l'intricato e l'elegante, dando vita a uno spettacolo pirotecnico di momenti accattivanti.<\/p>\n<\/div>\n<div class=\"text-section\">\n<dl class=\"picture media photo large\">\n<dt>\n<figure style=\"width: 554px\" class=\"wp-caption alignnone\"><img loading=\"lazy\" decoding=\"async\" class=\"media photo large\" src=\"https:\/\/www.musikzeitung.ch\/wp-content\/uploads\/2023\/01\/JBBP.jpg\" alt=\" \" width=\"554\" height=\"360\" \/><figcaption class=\"wp-caption-text\">Eddie Palmieri e il Sestetto Jazz Afro-Caribico. Foto: IJFB 2019<\/figcaption><\/figure><\/dt>\n<dd class=\"caption\"><\/dd>\n<\/dl>\n<\/div>\n<div>\n<p>Il 44\u00b0 Festival internazionale del jazz di Berna si svolge fino al 18 maggio.<br \/>\n<a href=\"http:\/\/www.jazzfestivalbern.ch\"><strong>www.jazzfestivalbern.ch<\/strong><\/a>\n<\/div>","protected":false},"excerpt":{"rendered":"<p><strong>Fin dai suoi esordi, il Festival Internazionale del Jazz di Berna si \u00e8 dedicato non solo al jazz, ma anche al blues, al soul e al latino. Un rapporto intermedio sulla 44a edizione del festival. <\/strong><\/p>","protected":false},"author":1,"featured_media":8630,"comment_status":"closed","ping_status":"closed","sticky":false,"template":"","format":"standard","meta":{"_acf_changed":false,"_relevanssi_hide_post":"","_relevanssi_hide_content":"","_relevanssi_pin_for_all":"","_relevanssi_pin_keywords":"","_relevanssi_unpin_keywords":"","_relevanssi_related_keywords":"","_relevanssi_related_include_ids":"","_relevanssi_related_exclude_ids":"","_relevanssi_related_no_append":"","_relevanssi_related_not_related":"","_relevanssi_related_posts":"","_relevanssi_noindex_reason":"","pgc_sgb_lightbox_settings":"","footnotes":""},"categories":[1531,28],"tags":[4934,4936,4933,4935],"class_list":["post-8629","post","type-post","status-publish","format-standard","has-post-thumbnail","hentry","category-auffuehrungen","category-berichte","tag-bettye-lavette","tag-eddie-palmieri","tag-internationales-jazzfestival-bern","tag-jerron-paxton"],"acf":[],"yoast_head":"<!-- This site is optimized with the Yoast SEO plugin v27.4 - https:\/\/yoast.com\/product\/yoast-seo-wordpress\/ -->\n<title>Im Mittelpunkt steht das Gepflegte - Schweizer Musikzeitung<\/title>\n<meta name=\"robots\" content=\"index, follow, max-snippet:-1, max-image-preview:large, max-video-preview:-1\" \/>\n<link rel=\"canonical\" href=\"https:\/\/www.musikzeitung.ch\/it\/berichte\/2019\/04\/im-mittelpunkt-steht-das-gepflegte\/\" \/>\n<meta property=\"og:locale\" content=\"it_IT\" \/>\n<meta property=\"og:type\" content=\"article\" \/>\n<meta property=\"og:title\" content=\"Im Mittelpunkt steht das Gepflegte - Schweizer Musikzeitung\" \/>\n<meta property=\"og:description\" content=\"Das Internationale Jazzfestival Bern hat sich seit seinen Anfangstagen nicht nur dem Jazz, sondern auch dem Blues, Soul und Latin verschrieben. Ein Zwischenbericht zur 44. Festival-Ausgabe.\" \/>\n<meta property=\"og:url\" content=\"https:\/\/www.musikzeitung.ch\/it\/berichte\/2019\/04\/im-mittelpunkt-steht-das-gepflegte\/\" \/>\n<meta property=\"og:site_name\" content=\"Schweizer Musikzeitung\" \/>\n<meta property=\"article:publisher\" content=\"https:\/\/www.facebook.com\/SchweizerMusikzeitung\/\" \/>\n<meta property=\"article:published_time\" content=\"2019-04-09T23:00:00+00:00\" \/>\n<meta property=\"article:modified_time\" content=\"2025-05-08T13:47:00+00:00\" \/>\n<meta property=\"og:image\" content=\"https:\/\/www.musikzeitung.ch\/wp-content\/uploads\/2023\/01\/JBBT2.jpg\" \/>\n\t<meta property=\"og:image:width\" content=\"554\" \/>\n\t<meta property=\"og:image:height\" content=\"414\" \/>\n\t<meta property=\"og:image:type\" content=\"image\/jpeg\" \/>\n<meta name=\"author\" content=\"Musikzeitung-Redaktion\" \/>\n<meta name=\"twitter:card\" content=\"summary_large_image\" \/>\n<meta name=\"twitter:creator\" content=\"@smusikzeitung\" \/>\n<meta name=\"twitter:site\" content=\"@smusikzeitung\" \/>\n<meta name=\"twitter:label1\" content=\"Scritto da\" \/>\n\t<meta name=\"twitter:data1\" content=\"Musikzeitung-Redaktion\" \/>\n\t<meta name=\"twitter:label2\" content=\"Tempo di lettura stimato\" \/>\n\t<meta name=\"twitter:data2\" content=\"6 minuti\" \/>\n<script type=\"application\/ld+json\" class=\"yoast-schema-graph\">{\"@context\":\"https:\\\/\\\/schema.org\",\"@graph\":[{\"@type\":\"Article\",\"@id\":\"https:\\\/\\\/www.musikzeitung.ch\\\/berichte\\\/2019\\\/04\\\/im-mittelpunkt-steht-das-gepflegte#article\",\"isPartOf\":{\"@id\":\"https:\\\/\\\/www.musikzeitung.ch\\\/berichte\\\/2019\\\/04\\\/im-mittelpunkt-steht-das-gepflegte\"},\"author\":{\"name\":\"Musikzeitung-Redaktion\",\"@id\":\"https:\\\/\\\/www.musikzeitung.ch\\\/#\\\/schema\\\/person\\\/b2fd892c800856270b9dcc6001265712\"},\"headline\":\"Im Mittelpunkt steht das Gepflegte\",\"datePublished\":\"2019-04-09T23:00:00+00:00\",\"dateModified\":\"2025-05-08T13:47:00+00:00\",\"mainEntityOfPage\":{\"@id\":\"https:\\\/\\\/www.musikzeitung.ch\\\/berichte\\\/2019\\\/04\\\/im-mittelpunkt-steht-das-gepflegte\"},\"wordCount\":833,\"publisher\":{\"@id\":\"https:\\\/\\\/www.musikzeitung.ch\\\/#organization\"},\"image\":{\"@id\":\"https:\\\/\\\/www.musikzeitung.ch\\\/berichte\\\/2019\\\/04\\\/im-mittelpunkt-steht-das-gepflegte#primaryimage\"},\"thumbnailUrl\":\"https:\\\/\\\/www.musikzeitung.ch\\\/wp-content\\\/uploads\\\/2023\\\/01\\\/JBBT2.jpg\",\"keywords\":[\"Bettye LaVette\",\"Eddie Palmieri\",\"Internationales Jazzfestival Bern\",\"Jerron Paxton\"],\"articleSection\":[\"Auff\u00fchrungen\",\"Berichte\"],\"inLanguage\":\"it-IT\"},{\"@type\":\"WebPage\",\"@id\":\"https:\\\/\\\/www.musikzeitung.ch\\\/berichte\\\/2019\\\/04\\\/im-mittelpunkt-steht-das-gepflegte\",\"url\":\"https:\\\/\\\/www.musikzeitung.ch\\\/berichte\\\/2019\\\/04\\\/im-mittelpunkt-steht-das-gepflegte\",\"name\":\"Im Mittelpunkt steht das Gepflegte - Schweizer Musikzeitung\",\"isPartOf\":{\"@id\":\"https:\\\/\\\/www.musikzeitung.ch\\\/#website\"},\"primaryImageOfPage\":{\"@id\":\"https:\\\/\\\/www.musikzeitung.ch\\\/berichte\\\/2019\\\/04\\\/im-mittelpunkt-steht-das-gepflegte#primaryimage\"},\"image\":{\"@id\":\"https:\\\/\\\/www.musikzeitung.ch\\\/berichte\\\/2019\\\/04\\\/im-mittelpunkt-steht-das-gepflegte#primaryimage\"},\"thumbnailUrl\":\"https:\\\/\\\/www.musikzeitung.ch\\\/wp-content\\\/uploads\\\/2023\\\/01\\\/JBBT2.jpg\",\"datePublished\":\"2019-04-09T23:00:00+00:00\",\"dateModified\":\"2025-05-08T13:47:00+00:00\",\"breadcrumb\":{\"@id\":\"https:\\\/\\\/www.musikzeitung.ch\\\/berichte\\\/2019\\\/04\\\/im-mittelpunkt-steht-das-gepflegte#breadcrumb\"},\"inLanguage\":\"it-IT\",\"potentialAction\":[{\"@type\":\"ReadAction\",\"target\":[\"https:\\\/\\\/www.musikzeitung.ch\\\/berichte\\\/2019\\\/04\\\/im-mittelpunkt-steht-das-gepflegte\"]}]},{\"@type\":\"ImageObject\",\"inLanguage\":\"it-IT\",\"@id\":\"https:\\\/\\\/www.musikzeitung.ch\\\/berichte\\\/2019\\\/04\\\/im-mittelpunkt-steht-das-gepflegte#primaryimage\",\"url\":\"https:\\\/\\\/www.musikzeitung.ch\\\/wp-content\\\/uploads\\\/2023\\\/01\\\/JBBT2.jpg\",\"contentUrl\":\"https:\\\/\\\/www.musikzeitung.ch\\\/wp-content\\\/uploads\\\/2023\\\/01\\\/JBBT2.jpg\",\"width\":554,\"height\":414},{\"@type\":\"BreadcrumbList\",\"@id\":\"https:\\\/\\\/www.musikzeitung.ch\\\/berichte\\\/2019\\\/04\\\/im-mittelpunkt-steht-das-gepflegte#breadcrumb\",\"itemListElement\":[{\"@type\":\"ListItem\",\"position\":1,\"name\":\"Home\",\"item\":\"https:\\\/\\\/www.musikzeitung.ch\\\/\"},{\"@type\":\"ListItem\",\"position\":2,\"name\":\"Im Mittelpunkt steht das Gepflegte\"}]},{\"@type\":\"WebSite\",\"@id\":\"https:\\\/\\\/www.musikzeitung.ch\\\/#website\",\"url\":\"https:\\\/\\\/www.musikzeitung.ch\\\/\",\"name\":\"Schweizer Musikzeitung\",\"description\":\"Die f\u00fchrende sparten\u00fcbergreifende Monatszeitung in der Schweiz f\u00fcr musikalische Fragen.\",\"publisher\":{\"@id\":\"https:\\\/\\\/www.musikzeitung.ch\\\/#organization\"},\"potentialAction\":[{\"@type\":\"SearchAction\",\"target\":{\"@type\":\"EntryPoint\",\"urlTemplate\":\"https:\\\/\\\/www.musikzeitung.ch\\\/?s={search_term_string}\"},\"query-input\":{\"@type\":\"PropertyValueSpecification\",\"valueRequired\":true,\"valueName\":\"search_term_string\"}}],\"inLanguage\":\"it-IT\"},{\"@type\":\"Organization\",\"@id\":\"https:\\\/\\\/www.musikzeitung.ch\\\/#organization\",\"name\":\"Schweizer Musikzeitung\",\"url\":\"https:\\\/\\\/www.musikzeitung.ch\\\/\",\"logo\":{\"@type\":\"ImageObject\",\"inLanguage\":\"it-IT\",\"@id\":\"https:\\\/\\\/www.musikzeitung.ch\\\/#\\\/schema\\\/logo\\\/image\\\/\",\"url\":\"https:\\\/\\\/www.musikzeitung.ch\\\/wp-content\\\/uploads\\\/2023\\\/01\\\/SMZ_Schriftzug_Sprache.png\",\"contentUrl\":\"https:\\\/\\\/www.musikzeitung.ch\\\/wp-content\\\/uploads\\\/2023\\\/01\\\/SMZ_Schriftzug_Sprache.png\",\"width\":1400,\"height\":279,\"caption\":\"Schweizer Musikzeitung\"},\"image\":{\"@id\":\"https:\\\/\\\/www.musikzeitung.ch\\\/#\\\/schema\\\/logo\\\/image\\\/\"},\"sameAs\":[\"https:\\\/\\\/www.facebook.com\\\/SchweizerMusikzeitung\\\/\",\"https:\\\/\\\/x.com\\\/smusikzeitung\",\"https:\\\/\\\/www.instagram.com\\\/musikzeitung.ch\\\/\"]},{\"@type\":\"Person\",\"@id\":\"https:\\\/\\\/www.musikzeitung.ch\\\/#\\\/schema\\\/person\\\/b2fd892c800856270b9dcc6001265712\",\"name\":\"Musikzeitung-Redaktion\",\"image\":{\"@type\":\"ImageObject\",\"inLanguage\":\"it-IT\",\"@id\":\"https:\\\/\\\/www.musikzeitung.ch\\\/wp-content\\\/uploads\\\/2022\\\/05\\\/usericon_musikzeitung-96x96.jpg\",\"url\":\"https:\\\/\\\/www.musikzeitung.ch\\\/wp-content\\\/uploads\\\/2022\\\/05\\\/usericon_musikzeitung-96x96.jpg\",\"contentUrl\":\"https:\\\/\\\/www.musikzeitung.ch\\\/wp-content\\\/uploads\\\/2022\\\/05\\\/usericon_musikzeitung-96x96.jpg\",\"caption\":\"Musikzeitung-Redaktion\"},\"url\":\"https:\\\/\\\/www.musikzeitung.ch\\\/it\\\/author\\\/admin\"}]}<\/script>\n<!-- \/ Yoast SEO plugin. -->","yoast_head_json":{"title":"Im Mittelpunkt steht das Gepflegte - Schweizer Musikzeitung","robots":{"index":"index","follow":"follow","max-snippet":"max-snippet:-1","max-image-preview":"max-image-preview:large","max-video-preview":"max-video-preview:-1"},"canonical":"https:\/\/www.musikzeitung.ch\/it\/berichte\/2019\/04\/im-mittelpunkt-steht-das-gepflegte\/","og_locale":"it_IT","og_type":"article","og_title":"Im Mittelpunkt steht das Gepflegte - Schweizer Musikzeitung","og_description":"Das Internationale Jazzfestival Bern hat sich seit seinen Anfangstagen nicht nur dem Jazz, sondern auch dem Blues, Soul und Latin verschrieben. Ein Zwischenbericht zur 44. Festival-Ausgabe.","og_url":"https:\/\/www.musikzeitung.ch\/it\/berichte\/2019\/04\/im-mittelpunkt-steht-das-gepflegte\/","og_site_name":"Schweizer Musikzeitung","article_publisher":"https:\/\/www.facebook.com\/SchweizerMusikzeitung\/","article_published_time":"2019-04-09T23:00:00+00:00","article_modified_time":"2025-05-08T13:47:00+00:00","og_image":[{"width":554,"height":414,"url":"https:\/\/www.musikzeitung.ch\/wp-content\/uploads\/2023\/01\/JBBT2.jpg","type":"image\/jpeg"}],"author":"Musikzeitung-Redaktion","twitter_card":"summary_large_image","twitter_creator":"@smusikzeitung","twitter_site":"@smusikzeitung","twitter_misc":{"Scritto da":"Musikzeitung-Redaktion","Tempo di lettura stimato":"6 minuti"},"schema":{"@context":"https:\/\/schema.org","@graph":[{"@type":"Article","@id":"https:\/\/www.musikzeitung.ch\/berichte\/2019\/04\/im-mittelpunkt-steht-das-gepflegte#article","isPartOf":{"@id":"https:\/\/www.musikzeitung.ch\/berichte\/2019\/04\/im-mittelpunkt-steht-das-gepflegte"},"author":{"name":"Musikzeitung-Redaktion","@id":"https:\/\/www.musikzeitung.ch\/#\/schema\/person\/b2fd892c800856270b9dcc6001265712"},"headline":"Im Mittelpunkt steht das Gepflegte","datePublished":"2019-04-09T23:00:00+00:00","dateModified":"2025-05-08T13:47:00+00:00","mainEntityOfPage":{"@id":"https:\/\/www.musikzeitung.ch\/berichte\/2019\/04\/im-mittelpunkt-steht-das-gepflegte"},"wordCount":833,"publisher":{"@id":"https:\/\/www.musikzeitung.ch\/#organization"},"image":{"@id":"https:\/\/www.musikzeitung.ch\/berichte\/2019\/04\/im-mittelpunkt-steht-das-gepflegte#primaryimage"},"thumbnailUrl":"https:\/\/www.musikzeitung.ch\/wp-content\/uploads\/2023\/01\/JBBT2.jpg","keywords":["Bettye LaVette","Eddie Palmieri","Internationales Jazzfestival Bern","Jerron Paxton"],"articleSection":["Auff\u00fchrungen","Berichte"],"inLanguage":"it-IT"},{"@type":"WebPage","@id":"https:\/\/www.musikzeitung.ch\/berichte\/2019\/04\/im-mittelpunkt-steht-das-gepflegte","url":"https:\/\/www.musikzeitung.ch\/berichte\/2019\/04\/im-mittelpunkt-steht-das-gepflegte","name":"Im Mittelpunkt steht das Gepflegte - Schweizer Musikzeitung","isPartOf":{"@id":"https:\/\/www.musikzeitung.ch\/#website"},"primaryImageOfPage":{"@id":"https:\/\/www.musikzeitung.ch\/berichte\/2019\/04\/im-mittelpunkt-steht-das-gepflegte#primaryimage"},"image":{"@id":"https:\/\/www.musikzeitung.ch\/berichte\/2019\/04\/im-mittelpunkt-steht-das-gepflegte#primaryimage"},"thumbnailUrl":"https:\/\/www.musikzeitung.ch\/wp-content\/uploads\/2023\/01\/JBBT2.jpg","datePublished":"2019-04-09T23:00:00+00:00","dateModified":"2025-05-08T13:47:00+00:00","breadcrumb":{"@id":"https:\/\/www.musikzeitung.ch\/berichte\/2019\/04\/im-mittelpunkt-steht-das-gepflegte#breadcrumb"},"inLanguage":"it-IT","potentialAction":[{"@type":"ReadAction","target":["https:\/\/www.musikzeitung.ch\/berichte\/2019\/04\/im-mittelpunkt-steht-das-gepflegte"]}]},{"@type":"ImageObject","inLanguage":"it-IT","@id":"https:\/\/www.musikzeitung.ch\/berichte\/2019\/04\/im-mittelpunkt-steht-das-gepflegte#primaryimage","url":"https:\/\/www.musikzeitung.ch\/wp-content\/uploads\/2023\/01\/JBBT2.jpg","contentUrl":"https:\/\/www.musikzeitung.ch\/wp-content\/uploads\/2023\/01\/JBBT2.jpg","width":554,"height":414},{"@type":"BreadcrumbList","@id":"https:\/\/www.musikzeitung.ch\/berichte\/2019\/04\/im-mittelpunkt-steht-das-gepflegte#breadcrumb","itemListElement":[{"@type":"ListItem","position":1,"name":"Home","item":"https:\/\/www.musikzeitung.ch\/"},{"@type":"ListItem","position":2,"name":"Im Mittelpunkt steht das Gepflegte"}]},{"@type":"WebSite","@id":"https:\/\/www.musikzeitung.ch\/#website","url":"https:\/\/www.musikzeitung.ch\/","name":"Giornale musicale svizzero","description":"Il principale mensile interdisciplinare della Svizzera per le questioni musicali.","publisher":{"@id":"https:\/\/www.musikzeitung.ch\/#organization"},"potentialAction":[{"@type":"SearchAction","target":{"@type":"EntryPoint","urlTemplate":"https:\/\/www.musikzeitung.ch\/?s={search_term_string}"},"query-input":{"@type":"PropertyValueSpecification","valueRequired":true,"valueName":"search_term_string"}}],"inLanguage":"it-IT"},{"@type":"Organization","@id":"https:\/\/www.musikzeitung.ch\/#organization","name":"Giornale musicale svizzero","url":"https:\/\/www.musikzeitung.ch\/","logo":{"@type":"ImageObject","inLanguage":"it-IT","@id":"https:\/\/www.musikzeitung.ch\/#\/schema\/logo\/image\/","url":"https:\/\/www.musikzeitung.ch\/wp-content\/uploads\/2023\/01\/SMZ_Schriftzug_Sprache.png","contentUrl":"https:\/\/www.musikzeitung.ch\/wp-content\/uploads\/2023\/01\/SMZ_Schriftzug_Sprache.png","width":1400,"height":279,"caption":"Schweizer Musikzeitung"},"image":{"@id":"https:\/\/www.musikzeitung.ch\/#\/schema\/logo\/image\/"},"sameAs":["https:\/\/www.facebook.com\/SchweizerMusikzeitung\/","https:\/\/x.com\/smusikzeitung","https:\/\/www.instagram.com\/musikzeitung.ch\/"]},{"@type":"Person","@id":"https:\/\/www.musikzeitung.ch\/#\/schema\/person\/b2fd892c800856270b9dcc6001265712","name":"Redazione Musikzeitung","image":{"@type":"ImageObject","inLanguage":"it-IT","@id":"https:\/\/www.musikzeitung.ch\/wp-content\/uploads\/2022\/05\/usericon_musikzeitung-96x96.jpg","url":"https:\/\/www.musikzeitung.ch\/wp-content\/uploads\/2022\/05\/usericon_musikzeitung-96x96.jpg","contentUrl":"https:\/\/www.musikzeitung.ch\/wp-content\/uploads\/2022\/05\/usericon_musikzeitung-96x96.jpg","caption":"Musikzeitung-Redaktion"},"url":"https:\/\/www.musikzeitung.ch\/it\/author\/admin"}]}},"publishpress_future_workflow_manual_trigger":{"enabledWorkflows":[]},"_links":{"self":[{"href":"https:\/\/www.musikzeitung.ch\/it\/wp-json\/wp\/v2\/posts\/8629","targetHints":{"allow":["GET"]}}],"collection":[{"href":"https:\/\/www.musikzeitung.ch\/it\/wp-json\/wp\/v2\/posts"}],"about":[{"href":"https:\/\/www.musikzeitung.ch\/it\/wp-json\/wp\/v2\/types\/post"}],"author":[{"embeddable":true,"href":"https:\/\/www.musikzeitung.ch\/it\/wp-json\/wp\/v2\/users\/1"}],"replies":[{"embeddable":true,"href":"https:\/\/www.musikzeitung.ch\/it\/wp-json\/wp\/v2\/comments?post=8629"}],"version-history":[{"count":2,"href":"https:\/\/www.musikzeitung.ch\/it\/wp-json\/wp\/v2\/posts\/8629\/revisions"}],"predecessor-version":[{"id":64998,"href":"https:\/\/www.musikzeitung.ch\/it\/wp-json\/wp\/v2\/posts\/8629\/revisions\/64998"}],"wp:featuredmedia":[{"embeddable":true,"href":"https:\/\/www.musikzeitung.ch\/it\/wp-json\/wp\/v2\/media\/8630"}],"wp:attachment":[{"href":"https:\/\/www.musikzeitung.ch\/it\/wp-json\/wp\/v2\/media?parent=8629"}],"wp:term":[{"taxonomy":"category","embeddable":true,"href":"https:\/\/www.musikzeitung.ch\/it\/wp-json\/wp\/v2\/categories?post=8629"},{"taxonomy":"post_tag","embeddable":true,"href":"https:\/\/www.musikzeitung.ch\/it\/wp-json\/wp\/v2\/tags?post=8629"}],"curies":[{"name":"wp","href":"https:\/\/api.w.org\/{rel}","templated":true}]}}