{"id":8643,"date":"2019-02-11T00:00:00","date_gmt":"2019-02-10T23:00:00","guid":{"rendered":"https:\/\/www.musikzeitung.ch\/allgemein\/barockes-schwelgen-auf-malta\/"},"modified":"2025-05-08T16:02:25","modified_gmt":"2025-05-08T14:02:25","slug":"barockes-schwelgen-auf-malta","status":"publish","type":"post","link":"https:\/\/www.musikzeitung.ch\/it\/berichte\/2019\/02\/barockes-schwelgen-auf-malta","title":{"rendered":"Indulgenza barocca a Malta"},"content":{"rendered":"<figure style=\"width: 554px\" class=\"wp-caption alignnone\"><img loading=\"lazy\" decoding=\"async\" src=\"https:\/\/www.musikzeitung.ch\/wp-content\/uploads\/2023\/01\/bfm.jpg\" alt=\"\" width=\"554\" height=\"415\" \/><figcaption class=\"wp-caption-text\">Auditorium del Teatru Manoel. Foto: Jungledaughter\/wikimedia commons<\/figcaption><\/figure>\n<div class=\"text-section\">\n<p>Malta e il barocco: un binomio non scontato a prima vista, ma che lo \u00e8 molto di pi\u00f9 a un secondo sguardo. La Valletta, la capitale fondata nel 1566, \u00e8 puro barocco, costruita con una meravigliosa e calda pietra gialla e immutata dal XVII secolo. \u00c8 quindi giusto che la musica del XVII e XVIII secolo venga celebrata qui e in alcune delle altrettanto incantevoli citt\u00e0 dei dintorni, e quest'anno per la settima volta. Il Valletta International Baroque Festival \u00e8 stato avviato e organizzato dal direttore del Teatru Manoel, Kenneth Zammit Tabona, da allora. Il festival gode del pieno sostegno del governo, rappresentato dall'On. Owen Bonnici, Ministro della Giustizia, della Cultura e degli Enti Locali, che ha assistito a molti dei concerti.<\/p>\n<p>Tra il 23 e il 27 gennaio, i giorni del festival di cui si pu\u00f2 parlare in questa sede, si sono svolti sette concerti, il primo e l'ultimo dei quali sono stati dei momenti unici.<\/p>\n<p>C'era una volta, nella chiesa di Santa Caterina d'Alessandria a \u017bejtun, a pochi chilometri dalla capitale, la presentazione della <em>Dixit Dominus a 4 concertato<\/em> di Niccol\u00f2 Jommelli (1714-1774) e la <em>Messa in re maggiore<\/em> di Giovanni Battista Pergolesi (1710-1736) da parte del coro e dell'orchestra dello storico Collegio Ghisleri di Pavia, Italia, sotto la direzione di Giulio Prandi (che ha diretto l'intera serata in modo ispirato e a memoria). Entrambe le orchestre si sono esibite con incredibile differenziazione dinamica e agogica e impegno. Le parti solistiche sono state eseguite in modo cos\u00ec naturale e convincente dai membri del coro che non si \u00e8 ritenuto necessario citare i loro nomi nel programma...<\/p>\n<\/div>\n<div>\n<h3 class=\"\">Bach e molti altri<\/h3>\n<\/div>\n<div class=\"text-section\">\n<p>Il Museo Archeologico della Valletta, ospitato in uno dei palazzi pi\u00f9 eleganti della citt\u00e0 (risalente al 1571), ha ospitato i concerti all'ora di pranzo nel suo Gran Salon, dove i visitatori hanno potuto assistere al restauro dei dipinti murali. Il Signum Saxophone Quartet, fondato nel 2006, si \u00e8 esibito con il titolo di <em>Bach e oltre<\/em> Musiche di J. S. Bach, J. Chr. Bach, Steve Reich (1936), David Maslanka (1943-2017) e Marcelo Zarvos (1969). I quattro (ancora) giovani sassofonisti Bla\u017e Kemperle, Hayrapet Arakelyan, Alan Lu\u017ear e Guerino Bellarosa hanno dato vita a un vero e proprio fuoco d'artificio di virtuosismo nei brani moderni, passandosi le palle musicali l'un l'altro e affrontando le partiture barocche con grande cura e fantasia. Per un fan sfegatato del barocco, tuttavia, il Bach per sassofono \u00e8 difficile da digerire, e l'argomentazione che una musica cos\u00ec buona \u00e8 ancora buona in tutte le versioni possibili non \u00e8 davvero convincente.<\/p>\n<p>Nella stessa sede si sono tenuti altri due concerti, entrambi con il pianista Paul Gulda, che ha suonato su un meraviglioso clavicembalo di Bruce Kennedy. Il primo ha presentato la prima parte dell'opera <em>Clavicola ben temperata<\/em> di Johann Sebastian Bach. Gulda ha suonato con abilit\u00e0 e impegno, con rubati molto idiosincratici e molti cambi di registro. Tra i singoli preludi e fughe, ha letto frasi filosofiche (del Dalai Lama, per esempio), che non sono state accolte universalmente bene, in parte perch\u00e9 sono sembrate un po' predicatorie e in parte perch\u00e9 solo gli ascoltatori nelle immediate vicinanze potevano capirle. Nel secondo concerto, Gulda si \u00e8 esibito con il suonatore di oud e cantante Marwan Abado. Il programma prevedeva composizioni dello stesso Abado e di altri autori mediorientali, e i due hanno deliziato il pubblico con improvvisazioni entusiasmanti. Ancora una volta, purtroppo, solo una piccola parte del pubblico ha potuto ascoltare i numerosi commenti.<\/p>\n<p>L'oratorio Il trionfo del tempo e del disinganno di Handel \u00e8 stato rappresentato al Teatru Manoel. Questo teatro fu costruito nel 1731 convertendo due case nobiliari; il Gran Maestro Anton Manoel de Vilhena commission\u00f2 l'opera e le diede il nome. Oggi questo gioiello \u00e8 il teatro nazionale di Malta ed \u00e8 uno dei teatri pi\u00f9 antichi d'Europa. Un quartetto di solisti e l'orchestra Armonia Atena di Atene si sono esibiti sotto la direzione di George Petrou. Si sarebbe desiderata una maggiore libert\u00e0 dinamica in questa bella esecuzione e un tocco di teatralit\u00e0 in pi\u00f9 da parte dei solisti.<\/p>\n<p>Nella Chiesa dell'Assunzione di Qrendi, il <em>Missa in illo tempore<\/em> di Claudio Monteverdi (1567-1643), integrate da brevi opere di altri maestri dell'epoca, tra cui forse spicca la prima esecuzione in tempi moderni del mottetto <em>In convertendo<\/em> di Michelangelo Falusi (1645-1733). Gli otto cantanti dell'ensemble Cantar lontano sotto la direzione di Marco Mencoboni hanno cantato magnificamente, anche se in modo un po' statico in termini di tempo e volume. Purtroppo, l'annunciato ensemble vocale Monteverdi Project di La Valletta ha fatto appena una comparsa.<\/p>\n<\/div>\n<div>\n<h3 class=\"\">Prestissimo alla fine<\/h3>\n<\/div>\n<div class=\"text-section\">\n<p>Ancora una volta al Teatru Manoel, il festival si \u00e8 concluso brillantemente con la rappresentazione del <em>6 Concerti Brandeburghesi <\/em>di J. S. Bach. L'orchestra barocca bernese Les Passions de l'\u00c2me (direttore e violinista Meret L\u00fcthi) emanava gioia di suonare e ha impressionato con il suo stupendo virtuosismo, e nei movimenti lenti con la sua ammaliante musicalit\u00e0. Ci si pu\u00f2 forse chiedere perch\u00e9 i movimenti esterni, solitamente segnati da Bach come Allegro, dovessero essere suonati in un incredibile prestissimo. Sembrava che i musicisti si divertissero soprattutto.<\/p>\n<p>Un luogo di esibizione che non \u00e8 stato ancora menzionato, ma che merita sicuramente: la meravigliosa e dorata Concattedrale di San Giovanni a La Valletta, che ha un'acustica eccellente oltre a un dipinto originale di Caravaggio e molti altri tesori artistici. Non resta che attendere con ansia il prossimo festival!<\/p>\n<\/div>\n<div>\n<p>L'autore \u00e8 stato ospite del Valetta Baroque Festival.<\/p>\n<p><a href=\"http:\/\/vallettabaroquefestival.com.mt\/\"><strong>vallettabaroquefestival.com.mt<\/strong><\/a><\/p>\n<\/div>","protected":false},"excerpt":{"rendered":"<p><strong>Il Valletta International Baroque Festival, dall'11 al 27 gennaio, ha visto la partecipazione di numerosi ensemble, tra cui Les Passions de l'\u00c2me di Berna.<\/strong><\/p>","protected":false},"author":1,"featured_media":8644,"comment_status":"closed","ping_status":"closed","sticky":false,"template":"","format":"standard","meta":{"_acf_changed":false,"_relevanssi_hide_post":"","_relevanssi_hide_content":"","_relevanssi_pin_for_all":"","_relevanssi_pin_keywords":"","_relevanssi_unpin_keywords":"","_relevanssi_related_keywords":"","_relevanssi_related_include_ids":"","_relevanssi_related_exclude_ids":"","_relevanssi_related_no_append":"","_relevanssi_related_not_related":"","_relevanssi_related_posts":"","_relevanssi_noindex_reason":"","pgc_sgb_lightbox_settings":"","footnotes":""},"categories":[1531,28],"tags":[3317,4942],"class_list":["post-8643","post","type-post","status-publish","format-standard","has-post-thumbnail","hentry","category-auffuehrungen","category-berichte","tag-les-passions-de-lame","tag-valletta-international-baroque-festival"],"acf":[],"yoast_head":"<!-- This site is optimized with the Yoast SEO plugin v27.4 - https:\/\/yoast.com\/product\/yoast-seo-wordpress\/ -->\n<title>Barockes Schwelgen auf Malta - Schweizer Musikzeitung<\/title>\n<meta name=\"robots\" content=\"index, follow, max-snippet:-1, max-image-preview:large, max-video-preview:-1\" \/>\n<link rel=\"canonical\" href=\"https:\/\/www.musikzeitung.ch\/it\/berichte\/2019\/02\/barockes-schwelgen-auf-malta\/\" \/>\n<meta property=\"og:locale\" content=\"it_IT\" \/>\n<meta property=\"og:type\" content=\"article\" \/>\n<meta property=\"og:title\" content=\"Barockes Schwelgen auf Malta - Schweizer Musikzeitung\" \/>\n<meta property=\"og:description\" content=\"Das Valletta International Baroque Festival brachte vom 11. bis 27.\u00a0Januar viele Ensembles zu Geh\u00f6r, darunter Les Passions de l\u2019\u00c2me aus Bern.\" \/>\n<meta property=\"og:url\" content=\"https:\/\/www.musikzeitung.ch\/it\/berichte\/2019\/02\/barockes-schwelgen-auf-malta\/\" \/>\n<meta property=\"og:site_name\" content=\"Schweizer Musikzeitung\" \/>\n<meta property=\"article:publisher\" content=\"https:\/\/www.facebook.com\/SchweizerMusikzeitung\/\" \/>\n<meta property=\"article:published_time\" content=\"2019-02-10T23:00:00+00:00\" \/>\n<meta property=\"article:modified_time\" content=\"2025-05-08T14:02:25+00:00\" \/>\n<meta property=\"og:image\" content=\"https:\/\/www.musikzeitung.ch\/wp-content\/uploads\/2023\/01\/bfm.jpg\" \/>\n\t<meta property=\"og:image:width\" content=\"554\" \/>\n\t<meta property=\"og:image:height\" content=\"415\" \/>\n\t<meta property=\"og:image:type\" content=\"image\/jpeg\" \/>\n<meta name=\"author\" content=\"Musikzeitung-Redaktion\" \/>\n<meta name=\"twitter:card\" content=\"summary_large_image\" \/>\n<meta name=\"twitter:creator\" content=\"@smusikzeitung\" \/>\n<meta name=\"twitter:site\" content=\"@smusikzeitung\" \/>\n<meta name=\"twitter:label1\" content=\"Scritto da\" \/>\n\t<meta name=\"twitter:data1\" content=\"Musikzeitung-Redaktion\" \/>\n\t<meta name=\"twitter:label2\" content=\"Tempo di lettura stimato\" \/>\n\t<meta name=\"twitter:data2\" content=\"6 minuti\" \/>\n<script type=\"application\/ld+json\" class=\"yoast-schema-graph\">{\"@context\":\"https:\\\/\\\/schema.org\",\"@graph\":[{\"@type\":\"Article\",\"@id\":\"https:\\\/\\\/www.musikzeitung.ch\\\/berichte\\\/2019\\\/02\\\/barockes-schwelgen-auf-malta#article\",\"isPartOf\":{\"@id\":\"https:\\\/\\\/www.musikzeitung.ch\\\/berichte\\\/2019\\\/02\\\/barockes-schwelgen-auf-malta\"},\"author\":{\"name\":\"Musikzeitung-Redaktion\",\"@id\":\"https:\\\/\\\/www.musikzeitung.ch\\\/#\\\/schema\\\/person\\\/b2fd892c800856270b9dcc6001265712\"},\"headline\":\"Barockes Schwelgen auf Malta\",\"datePublished\":\"2019-02-10T23:00:00+00:00\",\"dateModified\":\"2025-05-08T14:02:25+00:00\",\"mainEntityOfPage\":{\"@id\":\"https:\\\/\\\/www.musikzeitung.ch\\\/berichte\\\/2019\\\/02\\\/barockes-schwelgen-auf-malta\"},\"wordCount\":884,\"publisher\":{\"@id\":\"https:\\\/\\\/www.musikzeitung.ch\\\/#organization\"},\"image\":{\"@id\":\"https:\\\/\\\/www.musikzeitung.ch\\\/berichte\\\/2019\\\/02\\\/barockes-schwelgen-auf-malta#primaryimage\"},\"thumbnailUrl\":\"https:\\\/\\\/www.musikzeitung.ch\\\/wp-content\\\/uploads\\\/2023\\\/01\\\/bfm.jpg\",\"keywords\":[\"Les Passions de l\u2019\u00c2me\",\"Valletta International Baroque Festival\"],\"articleSection\":[\"Auff\u00fchrungen\",\"Berichte\"],\"inLanguage\":\"it-IT\"},{\"@type\":\"WebPage\",\"@id\":\"https:\\\/\\\/www.musikzeitung.ch\\\/berichte\\\/2019\\\/02\\\/barockes-schwelgen-auf-malta\",\"url\":\"https:\\\/\\\/www.musikzeitung.ch\\\/berichte\\\/2019\\\/02\\\/barockes-schwelgen-auf-malta\",\"name\":\"Barockes Schwelgen auf Malta - Schweizer Musikzeitung\",\"isPartOf\":{\"@id\":\"https:\\\/\\\/www.musikzeitung.ch\\\/#website\"},\"primaryImageOfPage\":{\"@id\":\"https:\\\/\\\/www.musikzeitung.ch\\\/berichte\\\/2019\\\/02\\\/barockes-schwelgen-auf-malta#primaryimage\"},\"image\":{\"@id\":\"https:\\\/\\\/www.musikzeitung.ch\\\/berichte\\\/2019\\\/02\\\/barockes-schwelgen-auf-malta#primaryimage\"},\"thumbnailUrl\":\"https:\\\/\\\/www.musikzeitung.ch\\\/wp-content\\\/uploads\\\/2023\\\/01\\\/bfm.jpg\",\"datePublished\":\"2019-02-10T23:00:00+00:00\",\"dateModified\":\"2025-05-08T14:02:25+00:00\",\"breadcrumb\":{\"@id\":\"https:\\\/\\\/www.musikzeitung.ch\\\/berichte\\\/2019\\\/02\\\/barockes-schwelgen-auf-malta#breadcrumb\"},\"inLanguage\":\"it-IT\",\"potentialAction\":[{\"@type\":\"ReadAction\",\"target\":[\"https:\\\/\\\/www.musikzeitung.ch\\\/berichte\\\/2019\\\/02\\\/barockes-schwelgen-auf-malta\"]}]},{\"@type\":\"ImageObject\",\"inLanguage\":\"it-IT\",\"@id\":\"https:\\\/\\\/www.musikzeitung.ch\\\/berichte\\\/2019\\\/02\\\/barockes-schwelgen-auf-malta#primaryimage\",\"url\":\"https:\\\/\\\/www.musikzeitung.ch\\\/wp-content\\\/uploads\\\/2023\\\/01\\\/bfm.jpg\",\"contentUrl\":\"https:\\\/\\\/www.musikzeitung.ch\\\/wp-content\\\/uploads\\\/2023\\\/01\\\/bfm.jpg\",\"width\":554,\"height\":415},{\"@type\":\"BreadcrumbList\",\"@id\":\"https:\\\/\\\/www.musikzeitung.ch\\\/berichte\\\/2019\\\/02\\\/barockes-schwelgen-auf-malta#breadcrumb\",\"itemListElement\":[{\"@type\":\"ListItem\",\"position\":1,\"name\":\"Home\",\"item\":\"https:\\\/\\\/www.musikzeitung.ch\\\/\"},{\"@type\":\"ListItem\",\"position\":2,\"name\":\"Barockes Schwelgen auf Malta\"}]},{\"@type\":\"WebSite\",\"@id\":\"https:\\\/\\\/www.musikzeitung.ch\\\/#website\",\"url\":\"https:\\\/\\\/www.musikzeitung.ch\\\/\",\"name\":\"Schweizer Musikzeitung\",\"description\":\"Die f\u00fchrende sparten\u00fcbergreifende Monatszeitung in der Schweiz f\u00fcr musikalische Fragen.\",\"publisher\":{\"@id\":\"https:\\\/\\\/www.musikzeitung.ch\\\/#organization\"},\"potentialAction\":[{\"@type\":\"SearchAction\",\"target\":{\"@type\":\"EntryPoint\",\"urlTemplate\":\"https:\\\/\\\/www.musikzeitung.ch\\\/?s={search_term_string}\"},\"query-input\":{\"@type\":\"PropertyValueSpecification\",\"valueRequired\":true,\"valueName\":\"search_term_string\"}}],\"inLanguage\":\"it-IT\"},{\"@type\":\"Organization\",\"@id\":\"https:\\\/\\\/www.musikzeitung.ch\\\/#organization\",\"name\":\"Schweizer Musikzeitung\",\"url\":\"https:\\\/\\\/www.musikzeitung.ch\\\/\",\"logo\":{\"@type\":\"ImageObject\",\"inLanguage\":\"it-IT\",\"@id\":\"https:\\\/\\\/www.musikzeitung.ch\\\/#\\\/schema\\\/logo\\\/image\\\/\",\"url\":\"https:\\\/\\\/www.musikzeitung.ch\\\/wp-content\\\/uploads\\\/2023\\\/01\\\/SMZ_Schriftzug_Sprache.png\",\"contentUrl\":\"https:\\\/\\\/www.musikzeitung.ch\\\/wp-content\\\/uploads\\\/2023\\\/01\\\/SMZ_Schriftzug_Sprache.png\",\"width\":1400,\"height\":279,\"caption\":\"Schweizer Musikzeitung\"},\"image\":{\"@id\":\"https:\\\/\\\/www.musikzeitung.ch\\\/#\\\/schema\\\/logo\\\/image\\\/\"},\"sameAs\":[\"https:\\\/\\\/www.facebook.com\\\/SchweizerMusikzeitung\\\/\",\"https:\\\/\\\/x.com\\\/smusikzeitung\",\"https:\\\/\\\/www.instagram.com\\\/musikzeitung.ch\\\/\"]},{\"@type\":\"Person\",\"@id\":\"https:\\\/\\\/www.musikzeitung.ch\\\/#\\\/schema\\\/person\\\/b2fd892c800856270b9dcc6001265712\",\"name\":\"Musikzeitung-Redaktion\",\"image\":{\"@type\":\"ImageObject\",\"inLanguage\":\"it-IT\",\"@id\":\"https:\\\/\\\/www.musikzeitung.ch\\\/wp-content\\\/uploads\\\/2022\\\/05\\\/usericon_musikzeitung-96x96.jpg\",\"url\":\"https:\\\/\\\/www.musikzeitung.ch\\\/wp-content\\\/uploads\\\/2022\\\/05\\\/usericon_musikzeitung-96x96.jpg\",\"contentUrl\":\"https:\\\/\\\/www.musikzeitung.ch\\\/wp-content\\\/uploads\\\/2022\\\/05\\\/usericon_musikzeitung-96x96.jpg\",\"caption\":\"Musikzeitung-Redaktion\"},\"url\":\"https:\\\/\\\/www.musikzeitung.ch\\\/it\\\/author\\\/admin\"}]}<\/script>\n<!-- \/ Yoast SEO plugin. -->","yoast_head_json":{"title":"Barockes Schwelgen auf Malta - Schweizer Musikzeitung","robots":{"index":"index","follow":"follow","max-snippet":"max-snippet:-1","max-image-preview":"max-image-preview:large","max-video-preview":"max-video-preview:-1"},"canonical":"https:\/\/www.musikzeitung.ch\/it\/berichte\/2019\/02\/barockes-schwelgen-auf-malta\/","og_locale":"it_IT","og_type":"article","og_title":"Barockes Schwelgen auf Malta - Schweizer Musikzeitung","og_description":"Das Valletta International Baroque Festival brachte vom 11. bis 27.\u00a0Januar viele Ensembles zu Geh\u00f6r, darunter Les Passions de l\u2019\u00c2me aus Bern.","og_url":"https:\/\/www.musikzeitung.ch\/it\/berichte\/2019\/02\/barockes-schwelgen-auf-malta\/","og_site_name":"Schweizer Musikzeitung","article_publisher":"https:\/\/www.facebook.com\/SchweizerMusikzeitung\/","article_published_time":"2019-02-10T23:00:00+00:00","article_modified_time":"2025-05-08T14:02:25+00:00","og_image":[{"width":554,"height":415,"url":"https:\/\/www.musikzeitung.ch\/wp-content\/uploads\/2023\/01\/bfm.jpg","type":"image\/jpeg"}],"author":"Musikzeitung-Redaktion","twitter_card":"summary_large_image","twitter_creator":"@smusikzeitung","twitter_site":"@smusikzeitung","twitter_misc":{"Scritto da":"Musikzeitung-Redaktion","Tempo di lettura stimato":"6 minuti"},"schema":{"@context":"https:\/\/schema.org","@graph":[{"@type":"Article","@id":"https:\/\/www.musikzeitung.ch\/berichte\/2019\/02\/barockes-schwelgen-auf-malta#article","isPartOf":{"@id":"https:\/\/www.musikzeitung.ch\/berichte\/2019\/02\/barockes-schwelgen-auf-malta"},"author":{"name":"Musikzeitung-Redaktion","@id":"https:\/\/www.musikzeitung.ch\/#\/schema\/person\/b2fd892c800856270b9dcc6001265712"},"headline":"Barockes Schwelgen auf Malta","datePublished":"2019-02-10T23:00:00+00:00","dateModified":"2025-05-08T14:02:25+00:00","mainEntityOfPage":{"@id":"https:\/\/www.musikzeitung.ch\/berichte\/2019\/02\/barockes-schwelgen-auf-malta"},"wordCount":884,"publisher":{"@id":"https:\/\/www.musikzeitung.ch\/#organization"},"image":{"@id":"https:\/\/www.musikzeitung.ch\/berichte\/2019\/02\/barockes-schwelgen-auf-malta#primaryimage"},"thumbnailUrl":"https:\/\/www.musikzeitung.ch\/wp-content\/uploads\/2023\/01\/bfm.jpg","keywords":["Les Passions de l\u2019\u00c2me","Valletta International Baroque Festival"],"articleSection":["Auff\u00fchrungen","Berichte"],"inLanguage":"it-IT"},{"@type":"WebPage","@id":"https:\/\/www.musikzeitung.ch\/berichte\/2019\/02\/barockes-schwelgen-auf-malta","url":"https:\/\/www.musikzeitung.ch\/berichte\/2019\/02\/barockes-schwelgen-auf-malta","name":"Barockes Schwelgen auf Malta - Schweizer Musikzeitung","isPartOf":{"@id":"https:\/\/www.musikzeitung.ch\/#website"},"primaryImageOfPage":{"@id":"https:\/\/www.musikzeitung.ch\/berichte\/2019\/02\/barockes-schwelgen-auf-malta#primaryimage"},"image":{"@id":"https:\/\/www.musikzeitung.ch\/berichte\/2019\/02\/barockes-schwelgen-auf-malta#primaryimage"},"thumbnailUrl":"https:\/\/www.musikzeitung.ch\/wp-content\/uploads\/2023\/01\/bfm.jpg","datePublished":"2019-02-10T23:00:00+00:00","dateModified":"2025-05-08T14:02:25+00:00","breadcrumb":{"@id":"https:\/\/www.musikzeitung.ch\/berichte\/2019\/02\/barockes-schwelgen-auf-malta#breadcrumb"},"inLanguage":"it-IT","potentialAction":[{"@type":"ReadAction","target":["https:\/\/www.musikzeitung.ch\/berichte\/2019\/02\/barockes-schwelgen-auf-malta"]}]},{"@type":"ImageObject","inLanguage":"it-IT","@id":"https:\/\/www.musikzeitung.ch\/berichte\/2019\/02\/barockes-schwelgen-auf-malta#primaryimage","url":"https:\/\/www.musikzeitung.ch\/wp-content\/uploads\/2023\/01\/bfm.jpg","contentUrl":"https:\/\/www.musikzeitung.ch\/wp-content\/uploads\/2023\/01\/bfm.jpg","width":554,"height":415},{"@type":"BreadcrumbList","@id":"https:\/\/www.musikzeitung.ch\/berichte\/2019\/02\/barockes-schwelgen-auf-malta#breadcrumb","itemListElement":[{"@type":"ListItem","position":1,"name":"Home","item":"https:\/\/www.musikzeitung.ch\/"},{"@type":"ListItem","position":2,"name":"Barockes Schwelgen auf Malta"}]},{"@type":"WebSite","@id":"https:\/\/www.musikzeitung.ch\/#website","url":"https:\/\/www.musikzeitung.ch\/","name":"Giornale musicale svizzero","description":"Il principale mensile interdisciplinare della Svizzera per le questioni musicali.","publisher":{"@id":"https:\/\/www.musikzeitung.ch\/#organization"},"potentialAction":[{"@type":"SearchAction","target":{"@type":"EntryPoint","urlTemplate":"https:\/\/www.musikzeitung.ch\/?s={search_term_string}"},"query-input":{"@type":"PropertyValueSpecification","valueRequired":true,"valueName":"search_term_string"}}],"inLanguage":"it-IT"},{"@type":"Organization","@id":"https:\/\/www.musikzeitung.ch\/#organization","name":"Giornale musicale svizzero","url":"https:\/\/www.musikzeitung.ch\/","logo":{"@type":"ImageObject","inLanguage":"it-IT","@id":"https:\/\/www.musikzeitung.ch\/#\/schema\/logo\/image\/","url":"https:\/\/www.musikzeitung.ch\/wp-content\/uploads\/2023\/01\/SMZ_Schriftzug_Sprache.png","contentUrl":"https:\/\/www.musikzeitung.ch\/wp-content\/uploads\/2023\/01\/SMZ_Schriftzug_Sprache.png","width":1400,"height":279,"caption":"Schweizer Musikzeitung"},"image":{"@id":"https:\/\/www.musikzeitung.ch\/#\/schema\/logo\/image\/"},"sameAs":["https:\/\/www.facebook.com\/SchweizerMusikzeitung\/","https:\/\/x.com\/smusikzeitung","https:\/\/www.instagram.com\/musikzeitung.ch\/"]},{"@type":"Person","@id":"https:\/\/www.musikzeitung.ch\/#\/schema\/person\/b2fd892c800856270b9dcc6001265712","name":"Redazione Musikzeitung","image":{"@type":"ImageObject","inLanguage":"it-IT","@id":"https:\/\/www.musikzeitung.ch\/wp-content\/uploads\/2022\/05\/usericon_musikzeitung-96x96.jpg","url":"https:\/\/www.musikzeitung.ch\/wp-content\/uploads\/2022\/05\/usericon_musikzeitung-96x96.jpg","contentUrl":"https:\/\/www.musikzeitung.ch\/wp-content\/uploads\/2022\/05\/usericon_musikzeitung-96x96.jpg","caption":"Musikzeitung-Redaktion"},"url":"https:\/\/www.musikzeitung.ch\/it\/author\/admin"}]}},"publishpress_future_workflow_manual_trigger":{"enabledWorkflows":[]},"_links":{"self":[{"href":"https:\/\/www.musikzeitung.ch\/it\/wp-json\/wp\/v2\/posts\/8643","targetHints":{"allow":["GET"]}}],"collection":[{"href":"https:\/\/www.musikzeitung.ch\/it\/wp-json\/wp\/v2\/posts"}],"about":[{"href":"https:\/\/www.musikzeitung.ch\/it\/wp-json\/wp\/v2\/types\/post"}],"author":[{"embeddable":true,"href":"https:\/\/www.musikzeitung.ch\/it\/wp-json\/wp\/v2\/users\/1"}],"replies":[{"embeddable":true,"href":"https:\/\/www.musikzeitung.ch\/it\/wp-json\/wp\/v2\/comments?post=8643"}],"version-history":[{"count":1,"href":"https:\/\/www.musikzeitung.ch\/it\/wp-json\/wp\/v2\/posts\/8643\/revisions"}],"predecessor-version":[{"id":65005,"href":"https:\/\/www.musikzeitung.ch\/it\/wp-json\/wp\/v2\/posts\/8643\/revisions\/65005"}],"wp:featuredmedia":[{"embeddable":true,"href":"https:\/\/www.musikzeitung.ch\/it\/wp-json\/wp\/v2\/media\/8644"}],"wp:attachment":[{"href":"https:\/\/www.musikzeitung.ch\/it\/wp-json\/wp\/v2\/media?parent=8643"}],"wp:term":[{"taxonomy":"category","embeddable":true,"href":"https:\/\/www.musikzeitung.ch\/it\/wp-json\/wp\/v2\/categories?post=8643"},{"taxonomy":"post_tag","embeddable":true,"href":"https:\/\/www.musikzeitung.ch\/it\/wp-json\/wp\/v2\/tags?post=8643"}],"curies":[{"name":"wp","href":"https:\/\/api.w.org\/{rel}","templated":true}]}}