{"id":8664,"date":"2018-08-24T00:00:00","date_gmt":"2018-08-23T23:00:00","guid":{"rendered":"https:\/\/www.musikzeitung.ch\/allgemein\/innen-und-aussen\/"},"modified":"2025-05-08T16:26:51","modified_gmt":"2025-05-08T14:26:51","slug":"innen-und-aussen","status":"publish","type":"post","link":"https:\/\/www.musikzeitung.ch\/it\/berichte\/2018\/08\/innen-und-aussen","title":{"rendered":"Interno ed esterno"},"content":{"rendered":"<figure style=\"width: 554px\" class=\"wp-caption alignnone\"><img loading=\"lazy\" decoding=\"async\" src=\"https:\/\/www.musikzeitung.ch\/wp-content\/uploads\/2023\/01\/fr-1.jpg\" alt=\"\" width=\"554\" height=\"369\" \/><figcaption class=\"wp-caption-text\">I \"Cubi di tenda beduina\" di Peter Ablinger. Foto: Kathrin Schulthess<\/figcaption><\/figure>\n<div class=\"text-section\">\n<p>\u00c8 una sala di 14 metri quadrati, una Tonhalle in miniatura. Vi siedono forse 20 persone: quattro suonatori d'archi davanti al palco, circa 16 tra il pubblico. All'ingresso di questa mini-sala da concerto, splendidamente allestita, un attore presenta il programma. Fornisce informazioni sul \"quartetto d'archi\" con due viole, ad esempio sul passato di questo \"Henosode Quartet\" in un appartamento per studenti. Tra i suoni, per lo pi\u00f9 scarsi, viene spiegato l'edificio, che ha un'acustica speciale e un sistema audio interno molto particolare. Poi l'esecutore Thomas Douglas apre ripetutamente la porta. \u00c8 infastidito dall'abbaiare dei cani o dal suono apparentemente infinito delle campane della chiesa del villaggio di R\u00fcmlingen.<\/p>\n<p>L'arte a volte ha una strana vita propria: questo vale anche per il progetto della Tonhalle del compositore e regista teatrale svizzero Ruedi H\u00e4usermann. Gli inquietanti rumori ambientali non provengono da animali, chiese o motociclette, ma da altoparlanti posizionati intorno alla Tonhalle. Il tema \u00e8 quindi stabilito. Si tratta di interni ed esterni. Qui la sala da concerto devotamente silenziosa, l\u00e0 l'ambiente incontrollabile, a volte fastidioso, che si intromette nella sacra sfera musicale. H\u00e4usermann crea un'interazione divertente, ma purtroppo troppo stiracchiata. Le gag, uguali o leggermente diverse, si ripetono troppo spesso. Ci\u00f2 che funziona all'inizio diventa sempre pi\u00f9 stantio. \u00c8 un bel tema, ma troppo lungo.\n<\/p><\/div>\n<div>\n<h3 class=\"\">Addio all'opera<\/h3>\n<\/div>\n<div class=\"text-section\">\n<p>Lunga \u00e8 anche la passeggiata sonora nell'ambito del motto di R\u00fcmlingen di quest'anno \"In scena. 7 opere del paesaggio\". L'escursione, che si svolge all'insegna della natura, dura tre ore e mezza, con salite ripide e stazioni musicali molto diverse tra loro. Una gigantesca soprano (Eva Nievergelt) in veste rossa si trova a circa 750 metri di altezza. Canta estratti di arie d'opera, brevi episodi dell'opera di Arnold Sch\u00f6nberg.<em> Aspettative<\/em>dalla famosa opera di George Bizet <em>Carmen<\/em> o dall'opera di Benjamin Britten <em>Peter Grimes<\/em>. I frammenti durano appena pi\u00f9 di un minuto. Sono accompagnati da un fisarmonicista che, nascosto sotto il vestito di Nievergelt, suona suoni del compositore svizzero Mischa K\u00e4ser. Il tutto suona scarno, ridotto, non proprio allegro. Il carattere di canto del cigno operistico \u00e8 accompagnato dai costumi sparsi per la foresta: abiti logori di un'epoca apparentemente passata con registratori a cassette all'interno. Dovrebbero suonare lo-fi, le registrazioni rumorose delle opere degli ultimi secoli, dice Mischa K\u00e4ser. Ha immaginato i costumi vuoti come cantanti d'opera estinti, per cos\u00ec dire; ci\u00f2 che rimane \u00e8 il cantante in carne e ossa come ultimo rappresentante di un genere in via di estinzione.<\/p>\n<p>Circa 50 metri sotto gli stravaganti ma riuscitissimi frammenti d'opera di Mischa K\u00e4ser, lo spettacolo teatrale <em>Nella foresta<\/em> di Manos Tsangaris. I protagonisti sono un percussionista e una cantante. All'inizio ci sono dialoghi musicali verbali e non verbali tra i due, vicino al pubblico. Poi entra in gioco il grande spazio della foresta. Il cantante si allontana e continua a cantare, passeggiando nella foresta. Le figure si muovono avanti e indietro dietro gli alberi, con i timpanisti a dieci o venti metri di distanza. Tsangaris \u00e8 un multitalento. Incorpora effetti di luce che, purtroppo, non si esprimono al meglio in piena luce. Ciononostante, anche questa scena della foresta fa la sua figura.\n<\/div>\n<div class=\"text-section\">\n<dl class=\"picture media photo large\">\n<dt>\n<figure style=\"width: 554px\" class=\"wp-caption alignnone\"><img loading=\"lazy\" decoding=\"async\" class=\"media photo large\" src=\"https:\/\/www.musikzeitung.ch\/wp-content\/uploads\/2023\/01\/fr2.jpg\" alt=\" \" width=\"554\" height=\"369\" \/><figcaption class=\"wp-caption-text\">Eva Nievergelt come ultima rappresentante di un genere in via di estinzione nell'opera Frammenti di Mischa K\u00e4ser. Foto: Kathrin Schulthess<\/figcaption><\/figure><\/dt>\n<dd class=\"caption\"><\/dd>\n<\/dl>\n<\/div>\n<div>\n<h3 class=\"\">Concerti di testa<\/h3>\n<\/div>\n<div class=\"text-section\">\n<p>No, a R\u00fcmlingen non ci si annoia. Il festival non offre solo spazio nella foresta, ma anche libert\u00e0. Compositori come la giovane italiana Clara Ianotta amano poter sperimentare lontano da formati concertistici predeterminati, che di solito sono determinati dalla strumentazione, dalla durata e dalla presentazione frontale di fronte a un pubblico seduto. Il concetto di R\u00fcmlingen pone l'accento soprattutto sul cambiamento della situazione di ascolto. S\u00ec, fa una grande differenza se il corpo \u00e8 coinvolto, se si \u00e8 fisicamente impegnati e si pu\u00f2 semplicemente guardare le montagne e le nuvole. Il compositore austriaco Peter Ablinger fa un punto speciale dell'ascolto all'aperto. Sette dei suoi cosiddetti \"cubi tenda beduini\" si trovano ai margini della foresta. I lati delle strutture quadrate in legno sono ricoperti da svolazzanti teli di tessuto bianco. All'interno ci sono tappeti che danno libero sfogo all'immaginazione. Senza arte n\u00e9 parte, si possono semplicemente guardare le nuvole, pensare a Gustav Mahler, alla musica di Beethoven e alle sue opere. <em>Pastorale<\/em> oppure - anche se si tratta della foresta svizzera - l'opera di Richard Wagner <em>Tessitura della foresta<\/em>.<\/p>\n<\/div>\n<div>\n<p><a href=\"https:\/\/www.neue-musik-ruemlingen.ch\/\">Link al Festival di R\u00fcmlingen<\/a><\/p>\n<\/div>","protected":false},"excerpt":{"rendered":"<p><strong>Il Festival di R\u00fcmlingen porta l'opera in campagna. \"In scena. 7 opere di paesaggio\" \u00e8 il motto di quest'anno.<\/strong><\/p>","protected":false},"author":1,"featured_media":8665,"comment_status":"closed","ping_status":"closed","sticky":false,"template":"","format":"standard","meta":{"_acf_changed":false,"_relevanssi_hide_post":"","_relevanssi_hide_content":"","_relevanssi_pin_for_all":"","_relevanssi_pin_keywords":"","_relevanssi_unpin_keywords":"","_relevanssi_related_keywords":"","_relevanssi_related_include_ids":"","_relevanssi_related_exclude_ids":"","_relevanssi_related_no_append":"","_relevanssi_related_not_related":"","_relevanssi_related_posts":"","_relevanssi_noindex_reason":"","pgc_sgb_lightbox_settings":"","footnotes":""},"categories":[1531,28],"tags":[4548],"class_list":["post-8664","post","type-post","status-publish","format-standard","has-post-thumbnail","hentry","category-auffuehrungen","category-berichte","tag-festival-ruemlingen"],"acf":[],"yoast_head":"<!-- This site is optimized with the Yoast SEO plugin v27.4 - https:\/\/yoast.com\/product\/yoast-seo-wordpress\/ -->\n<title>Innen und Aussen - Schweizer Musikzeitung<\/title>\n<meta name=\"robots\" content=\"index, follow, max-snippet:-1, max-image-preview:large, max-video-preview:-1\" \/>\n<link rel=\"canonical\" href=\"https:\/\/www.musikzeitung.ch\/it\/berichte\/2018\/08\/innen-und-aussen\/\" \/>\n<meta property=\"og:locale\" content=\"it_IT\" \/>\n<meta property=\"og:type\" content=\"article\" \/>\n<meta property=\"og:title\" content=\"Innen und Aussen - Schweizer Musikzeitung\" \/>\n<meta property=\"og:description\" content=\"Das Festival R\u00fcmlingen bringt die Oper in die Landschaft. \u00abIn Szene. 7 Landschaftsopern\u00bb heisst das Motto in diesem Jahr.\" \/>\n<meta property=\"og:url\" content=\"https:\/\/www.musikzeitung.ch\/it\/berichte\/2018\/08\/innen-und-aussen\/\" \/>\n<meta property=\"og:site_name\" content=\"Schweizer Musikzeitung\" \/>\n<meta property=\"article:publisher\" content=\"https:\/\/www.facebook.com\/SchweizerMusikzeitung\/\" \/>\n<meta property=\"article:published_time\" content=\"2018-08-23T23:00:00+00:00\" \/>\n<meta property=\"article:modified_time\" content=\"2025-05-08T14:26:51+00:00\" \/>\n<meta property=\"og:image\" content=\"https:\/\/www.musikzeitung.ch\/wp-content\/uploads\/2023\/01\/fr-1.jpg\" \/>\n\t<meta property=\"og:image:width\" content=\"554\" \/>\n\t<meta property=\"og:image:height\" content=\"369\" \/>\n\t<meta property=\"og:image:type\" content=\"image\/jpeg\" \/>\n<meta name=\"author\" content=\"Musikzeitung-Redaktion\" \/>\n<meta name=\"twitter:card\" content=\"summary_large_image\" \/>\n<meta name=\"twitter:creator\" content=\"@smusikzeitung\" \/>\n<meta name=\"twitter:site\" content=\"@smusikzeitung\" \/>\n<meta name=\"twitter:label1\" content=\"Scritto da\" \/>\n\t<meta name=\"twitter:data1\" content=\"Musikzeitung-Redaktion\" \/>\n\t<meta name=\"twitter:label2\" content=\"Tempo di lettura stimato\" \/>\n\t<meta name=\"twitter:data2\" content=\"5 minuti\" \/>\n<script type=\"application\/ld+json\" class=\"yoast-schema-graph\">{\"@context\":\"https:\\\/\\\/schema.org\",\"@graph\":[{\"@type\":\"Article\",\"@id\":\"https:\\\/\\\/www.musikzeitung.ch\\\/berichte\\\/2018\\\/08\\\/innen-und-aussen#article\",\"isPartOf\":{\"@id\":\"https:\\\/\\\/www.musikzeitung.ch\\\/berichte\\\/2018\\\/08\\\/innen-und-aussen\"},\"author\":{\"name\":\"Musikzeitung-Redaktion\",\"@id\":\"https:\\\/\\\/www.musikzeitung.ch\\\/#\\\/schema\\\/person\\\/b2fd892c800856270b9dcc6001265712\"},\"headline\":\"Innen und Aussen\",\"datePublished\":\"2018-08-23T23:00:00+00:00\",\"dateModified\":\"2025-05-08T14:26:51+00:00\",\"mainEntityOfPage\":{\"@id\":\"https:\\\/\\\/www.musikzeitung.ch\\\/berichte\\\/2018\\\/08\\\/innen-und-aussen\"},\"wordCount\":692,\"publisher\":{\"@id\":\"https:\\\/\\\/www.musikzeitung.ch\\\/#organization\"},\"image\":{\"@id\":\"https:\\\/\\\/www.musikzeitung.ch\\\/berichte\\\/2018\\\/08\\\/innen-und-aussen#primaryimage\"},\"thumbnailUrl\":\"https:\\\/\\\/www.musikzeitung.ch\\\/wp-content\\\/uploads\\\/2023\\\/01\\\/fr-1.jpg\",\"keywords\":[\"Festival R\u00fcmlingen\"],\"articleSection\":[\"Auff\u00fchrungen\",\"Berichte\"],\"inLanguage\":\"it-IT\"},{\"@type\":\"WebPage\",\"@id\":\"https:\\\/\\\/www.musikzeitung.ch\\\/berichte\\\/2018\\\/08\\\/innen-und-aussen\",\"url\":\"https:\\\/\\\/www.musikzeitung.ch\\\/berichte\\\/2018\\\/08\\\/innen-und-aussen\",\"name\":\"Innen und Aussen - Schweizer Musikzeitung\",\"isPartOf\":{\"@id\":\"https:\\\/\\\/www.musikzeitung.ch\\\/#website\"},\"primaryImageOfPage\":{\"@id\":\"https:\\\/\\\/www.musikzeitung.ch\\\/berichte\\\/2018\\\/08\\\/innen-und-aussen#primaryimage\"},\"image\":{\"@id\":\"https:\\\/\\\/www.musikzeitung.ch\\\/berichte\\\/2018\\\/08\\\/innen-und-aussen#primaryimage\"},\"thumbnailUrl\":\"https:\\\/\\\/www.musikzeitung.ch\\\/wp-content\\\/uploads\\\/2023\\\/01\\\/fr-1.jpg\",\"datePublished\":\"2018-08-23T23:00:00+00:00\",\"dateModified\":\"2025-05-08T14:26:51+00:00\",\"breadcrumb\":{\"@id\":\"https:\\\/\\\/www.musikzeitung.ch\\\/berichte\\\/2018\\\/08\\\/innen-und-aussen#breadcrumb\"},\"inLanguage\":\"it-IT\",\"potentialAction\":[{\"@type\":\"ReadAction\",\"target\":[\"https:\\\/\\\/www.musikzeitung.ch\\\/berichte\\\/2018\\\/08\\\/innen-und-aussen\"]}]},{\"@type\":\"ImageObject\",\"inLanguage\":\"it-IT\",\"@id\":\"https:\\\/\\\/www.musikzeitung.ch\\\/berichte\\\/2018\\\/08\\\/innen-und-aussen#primaryimage\",\"url\":\"https:\\\/\\\/www.musikzeitung.ch\\\/wp-content\\\/uploads\\\/2023\\\/01\\\/fr-1.jpg\",\"contentUrl\":\"https:\\\/\\\/www.musikzeitung.ch\\\/wp-content\\\/uploads\\\/2023\\\/01\\\/fr-1.jpg\",\"width\":554,\"height\":369},{\"@type\":\"BreadcrumbList\",\"@id\":\"https:\\\/\\\/www.musikzeitung.ch\\\/berichte\\\/2018\\\/08\\\/innen-und-aussen#breadcrumb\",\"itemListElement\":[{\"@type\":\"ListItem\",\"position\":1,\"name\":\"Home\",\"item\":\"https:\\\/\\\/www.musikzeitung.ch\\\/\"},{\"@type\":\"ListItem\",\"position\":2,\"name\":\"Innen und Aussen\"}]},{\"@type\":\"WebSite\",\"@id\":\"https:\\\/\\\/www.musikzeitung.ch\\\/#website\",\"url\":\"https:\\\/\\\/www.musikzeitung.ch\\\/\",\"name\":\"Schweizer Musikzeitung\",\"description\":\"Die f\u00fchrende sparten\u00fcbergreifende Monatszeitung in der Schweiz f\u00fcr musikalische Fragen.\",\"publisher\":{\"@id\":\"https:\\\/\\\/www.musikzeitung.ch\\\/#organization\"},\"potentialAction\":[{\"@type\":\"SearchAction\",\"target\":{\"@type\":\"EntryPoint\",\"urlTemplate\":\"https:\\\/\\\/www.musikzeitung.ch\\\/?s={search_term_string}\"},\"query-input\":{\"@type\":\"PropertyValueSpecification\",\"valueRequired\":true,\"valueName\":\"search_term_string\"}}],\"inLanguage\":\"it-IT\"},{\"@type\":\"Organization\",\"@id\":\"https:\\\/\\\/www.musikzeitung.ch\\\/#organization\",\"name\":\"Schweizer Musikzeitung\",\"url\":\"https:\\\/\\\/www.musikzeitung.ch\\\/\",\"logo\":{\"@type\":\"ImageObject\",\"inLanguage\":\"it-IT\",\"@id\":\"https:\\\/\\\/www.musikzeitung.ch\\\/#\\\/schema\\\/logo\\\/image\\\/\",\"url\":\"https:\\\/\\\/www.musikzeitung.ch\\\/wp-content\\\/uploads\\\/2023\\\/01\\\/SMZ_Schriftzug_Sprache.png\",\"contentUrl\":\"https:\\\/\\\/www.musikzeitung.ch\\\/wp-content\\\/uploads\\\/2023\\\/01\\\/SMZ_Schriftzug_Sprache.png\",\"width\":1400,\"height\":279,\"caption\":\"Schweizer Musikzeitung\"},\"image\":{\"@id\":\"https:\\\/\\\/www.musikzeitung.ch\\\/#\\\/schema\\\/logo\\\/image\\\/\"},\"sameAs\":[\"https:\\\/\\\/www.facebook.com\\\/SchweizerMusikzeitung\\\/\",\"https:\\\/\\\/x.com\\\/smusikzeitung\",\"https:\\\/\\\/www.instagram.com\\\/musikzeitung.ch\\\/\"]},{\"@type\":\"Person\",\"@id\":\"https:\\\/\\\/www.musikzeitung.ch\\\/#\\\/schema\\\/person\\\/b2fd892c800856270b9dcc6001265712\",\"name\":\"Musikzeitung-Redaktion\",\"image\":{\"@type\":\"ImageObject\",\"inLanguage\":\"it-IT\",\"@id\":\"https:\\\/\\\/www.musikzeitung.ch\\\/wp-content\\\/uploads\\\/2022\\\/05\\\/usericon_musikzeitung-96x96.jpg\",\"url\":\"https:\\\/\\\/www.musikzeitung.ch\\\/wp-content\\\/uploads\\\/2022\\\/05\\\/usericon_musikzeitung-96x96.jpg\",\"contentUrl\":\"https:\\\/\\\/www.musikzeitung.ch\\\/wp-content\\\/uploads\\\/2022\\\/05\\\/usericon_musikzeitung-96x96.jpg\",\"caption\":\"Musikzeitung-Redaktion\"},\"url\":\"https:\\\/\\\/www.musikzeitung.ch\\\/it\\\/author\\\/admin\"}]}<\/script>\n<!-- \/ Yoast SEO plugin. -->","yoast_head_json":{"title":"Innen und Aussen - Schweizer Musikzeitung","robots":{"index":"index","follow":"follow","max-snippet":"max-snippet:-1","max-image-preview":"max-image-preview:large","max-video-preview":"max-video-preview:-1"},"canonical":"https:\/\/www.musikzeitung.ch\/it\/berichte\/2018\/08\/innen-und-aussen\/","og_locale":"it_IT","og_type":"article","og_title":"Innen und Aussen - Schweizer Musikzeitung","og_description":"Das Festival R\u00fcmlingen bringt die Oper in die Landschaft. \u00abIn Szene. 7 Landschaftsopern\u00bb heisst das Motto in diesem Jahr.","og_url":"https:\/\/www.musikzeitung.ch\/it\/berichte\/2018\/08\/innen-und-aussen\/","og_site_name":"Schweizer Musikzeitung","article_publisher":"https:\/\/www.facebook.com\/SchweizerMusikzeitung\/","article_published_time":"2018-08-23T23:00:00+00:00","article_modified_time":"2025-05-08T14:26:51+00:00","og_image":[{"width":554,"height":369,"url":"https:\/\/www.musikzeitung.ch\/wp-content\/uploads\/2023\/01\/fr-1.jpg","type":"image\/jpeg"}],"author":"Musikzeitung-Redaktion","twitter_card":"summary_large_image","twitter_creator":"@smusikzeitung","twitter_site":"@smusikzeitung","twitter_misc":{"Scritto da":"Musikzeitung-Redaktion","Tempo di lettura stimato":"5 minuti"},"schema":{"@context":"https:\/\/schema.org","@graph":[{"@type":"Article","@id":"https:\/\/www.musikzeitung.ch\/berichte\/2018\/08\/innen-und-aussen#article","isPartOf":{"@id":"https:\/\/www.musikzeitung.ch\/berichte\/2018\/08\/innen-und-aussen"},"author":{"name":"Musikzeitung-Redaktion","@id":"https:\/\/www.musikzeitung.ch\/#\/schema\/person\/b2fd892c800856270b9dcc6001265712"},"headline":"Innen und Aussen","datePublished":"2018-08-23T23:00:00+00:00","dateModified":"2025-05-08T14:26:51+00:00","mainEntityOfPage":{"@id":"https:\/\/www.musikzeitung.ch\/berichte\/2018\/08\/innen-und-aussen"},"wordCount":692,"publisher":{"@id":"https:\/\/www.musikzeitung.ch\/#organization"},"image":{"@id":"https:\/\/www.musikzeitung.ch\/berichte\/2018\/08\/innen-und-aussen#primaryimage"},"thumbnailUrl":"https:\/\/www.musikzeitung.ch\/wp-content\/uploads\/2023\/01\/fr-1.jpg","keywords":["Festival R\u00fcmlingen"],"articleSection":["Auff\u00fchrungen","Berichte"],"inLanguage":"it-IT"},{"@type":"WebPage","@id":"https:\/\/www.musikzeitung.ch\/berichte\/2018\/08\/innen-und-aussen","url":"https:\/\/www.musikzeitung.ch\/berichte\/2018\/08\/innen-und-aussen","name":"Innen und Aussen - Schweizer Musikzeitung","isPartOf":{"@id":"https:\/\/www.musikzeitung.ch\/#website"},"primaryImageOfPage":{"@id":"https:\/\/www.musikzeitung.ch\/berichte\/2018\/08\/innen-und-aussen#primaryimage"},"image":{"@id":"https:\/\/www.musikzeitung.ch\/berichte\/2018\/08\/innen-und-aussen#primaryimage"},"thumbnailUrl":"https:\/\/www.musikzeitung.ch\/wp-content\/uploads\/2023\/01\/fr-1.jpg","datePublished":"2018-08-23T23:00:00+00:00","dateModified":"2025-05-08T14:26:51+00:00","breadcrumb":{"@id":"https:\/\/www.musikzeitung.ch\/berichte\/2018\/08\/innen-und-aussen#breadcrumb"},"inLanguage":"it-IT","potentialAction":[{"@type":"ReadAction","target":["https:\/\/www.musikzeitung.ch\/berichte\/2018\/08\/innen-und-aussen"]}]},{"@type":"ImageObject","inLanguage":"it-IT","@id":"https:\/\/www.musikzeitung.ch\/berichte\/2018\/08\/innen-und-aussen#primaryimage","url":"https:\/\/www.musikzeitung.ch\/wp-content\/uploads\/2023\/01\/fr-1.jpg","contentUrl":"https:\/\/www.musikzeitung.ch\/wp-content\/uploads\/2023\/01\/fr-1.jpg","width":554,"height":369},{"@type":"BreadcrumbList","@id":"https:\/\/www.musikzeitung.ch\/berichte\/2018\/08\/innen-und-aussen#breadcrumb","itemListElement":[{"@type":"ListItem","position":1,"name":"Home","item":"https:\/\/www.musikzeitung.ch\/"},{"@type":"ListItem","position":2,"name":"Innen und Aussen"}]},{"@type":"WebSite","@id":"https:\/\/www.musikzeitung.ch\/#website","url":"https:\/\/www.musikzeitung.ch\/","name":"Giornale musicale svizzero","description":"Il principale mensile interdisciplinare della Svizzera per le questioni musicali.","publisher":{"@id":"https:\/\/www.musikzeitung.ch\/#organization"},"potentialAction":[{"@type":"SearchAction","target":{"@type":"EntryPoint","urlTemplate":"https:\/\/www.musikzeitung.ch\/?s={search_term_string}"},"query-input":{"@type":"PropertyValueSpecification","valueRequired":true,"valueName":"search_term_string"}}],"inLanguage":"it-IT"},{"@type":"Organization","@id":"https:\/\/www.musikzeitung.ch\/#organization","name":"Giornale musicale svizzero","url":"https:\/\/www.musikzeitung.ch\/","logo":{"@type":"ImageObject","inLanguage":"it-IT","@id":"https:\/\/www.musikzeitung.ch\/#\/schema\/logo\/image\/","url":"https:\/\/www.musikzeitung.ch\/wp-content\/uploads\/2023\/01\/SMZ_Schriftzug_Sprache.png","contentUrl":"https:\/\/www.musikzeitung.ch\/wp-content\/uploads\/2023\/01\/SMZ_Schriftzug_Sprache.png","width":1400,"height":279,"caption":"Schweizer Musikzeitung"},"image":{"@id":"https:\/\/www.musikzeitung.ch\/#\/schema\/logo\/image\/"},"sameAs":["https:\/\/www.facebook.com\/SchweizerMusikzeitung\/","https:\/\/x.com\/smusikzeitung","https:\/\/www.instagram.com\/musikzeitung.ch\/"]},{"@type":"Person","@id":"https:\/\/www.musikzeitung.ch\/#\/schema\/person\/b2fd892c800856270b9dcc6001265712","name":"Redazione Musikzeitung","image":{"@type":"ImageObject","inLanguage":"it-IT","@id":"https:\/\/www.musikzeitung.ch\/wp-content\/uploads\/2022\/05\/usericon_musikzeitung-96x96.jpg","url":"https:\/\/www.musikzeitung.ch\/wp-content\/uploads\/2022\/05\/usericon_musikzeitung-96x96.jpg","contentUrl":"https:\/\/www.musikzeitung.ch\/wp-content\/uploads\/2022\/05\/usericon_musikzeitung-96x96.jpg","caption":"Musikzeitung-Redaktion"},"url":"https:\/\/www.musikzeitung.ch\/it\/author\/admin"}]}},"publishpress_future_workflow_manual_trigger":{"enabledWorkflows":[]},"_links":{"self":[{"href":"https:\/\/www.musikzeitung.ch\/it\/wp-json\/wp\/v2\/posts\/8664","targetHints":{"allow":["GET"]}}],"collection":[{"href":"https:\/\/www.musikzeitung.ch\/it\/wp-json\/wp\/v2\/posts"}],"about":[{"href":"https:\/\/www.musikzeitung.ch\/it\/wp-json\/wp\/v2\/types\/post"}],"author":[{"embeddable":true,"href":"https:\/\/www.musikzeitung.ch\/it\/wp-json\/wp\/v2\/users\/1"}],"replies":[{"embeddable":true,"href":"https:\/\/www.musikzeitung.ch\/it\/wp-json\/wp\/v2\/comments?post=8664"}],"version-history":[{"count":2,"href":"https:\/\/www.musikzeitung.ch\/it\/wp-json\/wp\/v2\/posts\/8664\/revisions"}],"predecessor-version":[{"id":65018,"href":"https:\/\/www.musikzeitung.ch\/it\/wp-json\/wp\/v2\/posts\/8664\/revisions\/65018"}],"wp:featuredmedia":[{"embeddable":true,"href":"https:\/\/www.musikzeitung.ch\/it\/wp-json\/wp\/v2\/media\/8665"}],"wp:attachment":[{"href":"https:\/\/www.musikzeitung.ch\/it\/wp-json\/wp\/v2\/media?parent=8664"}],"wp:term":[{"taxonomy":"category","embeddable":true,"href":"https:\/\/www.musikzeitung.ch\/it\/wp-json\/wp\/v2\/categories?post=8664"},{"taxonomy":"post_tag","embeddable":true,"href":"https:\/\/www.musikzeitung.ch\/it\/wp-json\/wp\/v2\/tags?post=8664"}],"curies":[{"name":"wp","href":"https:\/\/api.w.org\/{rel}","templated":true}]}}