{"id":872,"date":"2017-03-17T00:00:00","date_gmt":"2017-03-16T23:00:00","guid":{"rendered":"https:\/\/www.musikzeitung.ch\/allgemein\/abschied-mit-einer-neuentdeckung\/"},"modified":"2017-03-17T00:00:00","modified_gmt":"2017-03-16T23:00:00","slug":"abschied-mit-einer-neuentdeckung","status":"publish","type":"post","link":"https:\/\/www.musikzeitung.ch\/it\/anlaesse\/2017\/03\/abschied-mit-einer-neuentdeckung","title":{"rendered":"Un addio con una nuova scoperta"},"content":{"rendered":"<figure style=\"width: 1200px\" class=\"wp-caption alignnone\"><img decoding=\"async\" class=\"size-full\" src=\"https:\/\/www.musikzeitung.ch\/wp-content\/uploads\/2023\/01\/Pergolesi_Q_Einsiedeln-Kopie-1.jpg\" alt=\"\" \/><figcaption class=\"wp-caption-text\">Pagina manoscritta del ritrovato \"Dixit Dominus\". Foto: zVg<\/figcaption><\/figure>\n<div class='text-section'>\n<p><em><strong>Giovanni Battista Pergolesi non \u00e8 nuovo alla fama; per molto tempo \u00e8 stato addirittura una figura di culto. Come si spiega che un'opera importante sia venuta alla luce solo ora?<\/strong><\/em><\/p>\n<p><strong><em>Mario Schwarz: <\/em><\/strong>Nelle biblioteche del monastero \u00e8 conservata una quantit\u00e0 infinita di materiale e sono poche le persone che vi rovistano. Una di queste \u00e8 Friedrich H\u00e4gele di Aalen. Ha l'opera di Pergolesi <em>Dixit Dominus<\/em> \u00e8 stato riportato alla luce nella biblioteca dei canonici dell'Abbazia di Berom\u00fcnster. Il <em>Missa Solemnis in C con organo concertante<\/em> di Franti\u0161ek Xaver Brixi, che eseguiamo nello stesso concerto, \u00e8 stato trovato da Karlheinz Ostermann di Silz in Tirolo, come molti altri, nella biblioteca del monastero di Ottobeuren. \u00c8 un compito arduo che non tutti si assumono. Non si trovano partiture, ma singole parti, copie o addirittura copie di copie. Nel caso di Pergolesi, il materiale era particolarmente misero. Tutti coloro che hanno avuto a che fare con esso hanno maledetto il povero scriba che vi lavorava. Non mi sono occupato personalmente di questo materiale. Ma c'erano mille domande nella partitura che ne era stata tratta; ho passato ore al telefono con l'editore.<\/p>\n<p> <em><strong>Ne valeva la pena? Sebbene Pergolesi avesse solo 26 anni, il suo catalogo di opere contiene un numero considerevole di composizioni ecclesiastiche, tra cui un altro \"Dixit Dominus\".<\/strong><\/em><\/p>\n<p>\u00c8 un'opera meravigliosa in termini di struttura, pi\u00f9 grande della sua opera sorella, e penso anche che abbia un futuro. Mostra un'intelligente distribuzione degli assoli, degli ensemble solistici e del coro, c'\u00e8 una bella variet\u00e0. Inoltre, questa musica non solo \u00e8 molto cantabile, ma \u00e8 anche chiaramente composta tenendo conto del testo. L'inizio, ad esempio, con il declamatorio \"Dixit\", che entra nel vivo, o la fine con le lunghe note in stile antico di \"Sicut erat in principio\" hanno una vera e propria grandezza. \u00c8 tutto molto emozionante e anche pittorico: un punto d'organo segna lo sgabello per i piedi del Signore, che i nemici devono diventare.<br \/> \u00a0<\/p>\n<p><em><strong>Quanto \u00e8 certa la paternit\u00e0? Secondo MGG, la fama leggendaria del genio, morto giovane, ha portato a un fiorente commercio di composizioni falsamente attribuite o contraffatte. Nel caso di Pergolesi, si dice che il rapporto tra opere autentiche e false abbia raggiunto un massimo di 1 a 10.<\/strong><\/em><\/p>\n<p>Non esiste alcuna prova dell'autenticit\u00e0 di quest'opera; a tutt'oggi non \u00e8 stato trovato alcuno spartito originale e nemmeno un riferimento a un'esecuzione. Non si sa nemmeno come l'opera sia finita nell'Abbazia di Berom\u00fcnster - e per inciso, una versione molto ridotta \u00e8 finita anche nella biblioteca dell'Abbazia di Einsiedeln. Non ci sono prove storiche, ma solo la scrittura compositiva che conosciamo dalle opere confermate e che si trova qui, i ritmi tipici, il trattamento delle fermate. Non ci sono prove, ma dal punto di vista stilistico si ha la forte sensazione che qui abbia lavorato un ottimo compositore e che l'editore abbia fatto bene a pubblicarlo con il nome di Pergolesi.<\/p>\n<\/div>\n<div>\n<hr>\n<\/div>\n<div class='text-section'>\n<p>Mario Schwarz dirige il Collegium Musicum Ostschweiz da oltre 40 anni. Si \u00e8 fatto un nome con le prime mondiali di compositori svizzeri, ad esempio nel 2004 con l'opera <em>Tredeschin<\/em> di Gion Antoni Derungs. Nel 2009 ha potuto lanciare il concerto per violino di Heinrich von Herzogenberg. Nel 2010 ha diretto l'opera musicale scenica di Derungs in occasione del 100\u00b0 anniversario della morte di Henry Dunant. <em>Henry Dunant <\/em>- il libretto \u00e8 stato scritto da Hans-Rudolf Merz (<a href='\/de\/resonance\/klassik\/2017\/03\/pergolesi-beromuenster\/content\/01\/text_files\/file\/document\/Henry Dunant.pdf'><em>SMZ<\/em> 12\/2010, pagina 25<\/a>).<\/p>\n<\/div>\n<div>\n<blockquote class='text-section'>\n<h4>Concerto d'addio di Mario Schwarz<\/h4>\n<p> Prime esecuzioni di F. X. Brixi e G. B. Pergolesi<\/p>\n<p>\u00a0<br \/> Dom 09 aprile, ore 17.00, Collegiata di Bischofszell<br \/> Gio 13 aprile, ore 19.00, Chiesa di San Fiden, San Gallo <br \/> Ven 14 aprile, ore 17.00, Chiesa protestante di Heiden<\/p>\n<p> Muriel Schwarz, soprano; Kismara Pessatti, contralto; Nik Kevin Koch, tenore; Chasper-Cur\u00f2 Mani, basso; Christian Busslinger, organo; coro e orchestra del Collegium Musicum Ostschweiz <br \/> \u00a0<\/p>\n<\/blockquote>\n<\/div>","protected":false},"excerpt":{"rendered":"<p><strong>Mario Schwarz conclude il suo pluriennale lavoro con il Collegium Musicum Ostschweiz con prime esecuzioni di gemme barocche. Egli descrive la cantata \"Dixit Dominus\" di Pergolesi, recentemente scoperta, come una sensazione.<\/strong><\/p>","protected":false},"author":1,"featured_media":873,"comment_status":"open","ping_status":"open","sticky":false,"template":"","format":"standard","meta":{"_acf_changed":false,"_relevanssi_hide_post":"","_relevanssi_hide_content":"","_relevanssi_pin_for_all":"","_relevanssi_pin_keywords":"","_relevanssi_unpin_keywords":"","_relevanssi_related_keywords":"","_relevanssi_related_include_ids":"","_relevanssi_related_exclude_ids":"","_relevanssi_related_no_append":"","_relevanssi_related_not_related":"","_relevanssi_related_posts":"","_relevanssi_noindex_reason":"","pgc_sgb_lightbox_settings":"","footnotes":""},"categories":[2,57],"tags":[],"class_list":["post-872","post","type-post","status-publish","format-standard","has-post-thumbnail","hentry","category-anlaesse","category-klassik"],"acf":[],"yoast_head":"<!-- This site is optimized with the Yoast SEO plugin v27.4 - https:\/\/yoast.com\/product\/yoast-seo-wordpress\/ -->\n<title>Abschied mit einer Neuentdeckung - Schweizer Musikzeitung<\/title>\n<meta name=\"robots\" content=\"index, follow, max-snippet:-1, max-image-preview:large, max-video-preview:-1\" \/>\n<link rel=\"canonical\" href=\"https:\/\/www.musikzeitung.ch\/it\/anlaesse\/2017\/03\/abschied-mit-einer-neuentdeckung\/\" \/>\n<meta property=\"og:locale\" content=\"it_IT\" \/>\n<meta property=\"og:type\" content=\"article\" \/>\n<meta property=\"og:title\" content=\"Abschied mit einer Neuentdeckung - Schweizer Musikzeitung\" \/>\n<meta property=\"og:description\" content=\"Mit Erstauff\u00fchrungen barocker Trouvaillen beschliesst Mario Schwarz seine langj\u00e4hrige Arbeit mit dem Collegium Musicum Ostschweiz. Pergolesis k\u00fcrzlich aufgesp\u00fcrte Kantate \u00abDixit Dominus\u00bb bezeichnet er als Sensation.\" \/>\n<meta property=\"og:url\" content=\"https:\/\/www.musikzeitung.ch\/it\/anlaesse\/2017\/03\/abschied-mit-einer-neuentdeckung\/\" \/>\n<meta property=\"og:site_name\" content=\"Schweizer Musikzeitung\" \/>\n<meta property=\"article:publisher\" content=\"https:\/\/www.facebook.com\/SchweizerMusikzeitung\/\" \/>\n<meta property=\"article:published_time\" content=\"2017-03-16T23:00:00+00:00\" \/>\n<meta property=\"og:image\" content=\"https:\/\/www.musikzeitung.ch\/wp-content\/uploads\/2023\/01\/Pergolesi_Q_Einsiedeln-Kopie-1.jpg\" \/>\n\t<meta property=\"og:image:width\" content=\"554\" \/>\n\t<meta property=\"og:image:height\" content=\"409\" \/>\n\t<meta property=\"og:image:type\" content=\"image\/jpeg\" \/>\n<meta name=\"author\" content=\"Musikzeitung-Redaktion\" \/>\n<meta name=\"twitter:card\" content=\"summary_large_image\" \/>\n<meta name=\"twitter:creator\" content=\"@smusikzeitung\" \/>\n<meta name=\"twitter:site\" content=\"@smusikzeitung\" \/>\n<meta name=\"twitter:label1\" content=\"Scritto da\" \/>\n\t<meta name=\"twitter:data1\" content=\"Musikzeitung-Redaktion\" \/>\n\t<meta name=\"twitter:label2\" content=\"Tempo di lettura stimato\" \/>\n\t<meta name=\"twitter:data2\" content=\"3 minuti\" \/>\n<script type=\"application\/ld+json\" class=\"yoast-schema-graph\">{\"@context\":\"https:\\\/\\\/schema.org\",\"@graph\":[{\"@type\":\"Article\",\"@id\":\"https:\\\/\\\/www.musikzeitung.ch\\\/anlaesse\\\/2017\\\/03\\\/abschied-mit-einer-neuentdeckung#article\",\"isPartOf\":{\"@id\":\"https:\\\/\\\/www.musikzeitung.ch\\\/anlaesse\\\/2017\\\/03\\\/abschied-mit-einer-neuentdeckung\"},\"author\":{\"name\":\"Musikzeitung-Redaktion\",\"@id\":\"https:\\\/\\\/www.musikzeitung.ch\\\/#\\\/schema\\\/person\\\/b2fd892c800856270b9dcc6001265712\"},\"headline\":\"Abschied mit einer Neuentdeckung\",\"datePublished\":\"2017-03-16T23:00:00+00:00\",\"mainEntityOfPage\":{\"@id\":\"https:\\\/\\\/www.musikzeitung.ch\\\/anlaesse\\\/2017\\\/03\\\/abschied-mit-einer-neuentdeckung\"},\"wordCount\":621,\"commentCount\":0,\"publisher\":{\"@id\":\"https:\\\/\\\/www.musikzeitung.ch\\\/#organization\"},\"image\":{\"@id\":\"https:\\\/\\\/www.musikzeitung.ch\\\/anlaesse\\\/2017\\\/03\\\/abschied-mit-einer-neuentdeckung#primaryimage\"},\"thumbnailUrl\":\"https:\\\/\\\/www.musikzeitung.ch\\\/wp-content\\\/uploads\\\/2023\\\/01\\\/Pergolesi_Q_Einsiedeln-Kopie-1.jpg\",\"articleSection\":[\"Anl\u00e4sse\",\"Klassik\"],\"inLanguage\":\"it-IT\"},{\"@type\":\"WebPage\",\"@id\":\"https:\\\/\\\/www.musikzeitung.ch\\\/anlaesse\\\/2017\\\/03\\\/abschied-mit-einer-neuentdeckung\",\"url\":\"https:\\\/\\\/www.musikzeitung.ch\\\/anlaesse\\\/2017\\\/03\\\/abschied-mit-einer-neuentdeckung\",\"name\":\"Abschied mit einer Neuentdeckung - Schweizer Musikzeitung\",\"isPartOf\":{\"@id\":\"https:\\\/\\\/www.musikzeitung.ch\\\/#website\"},\"primaryImageOfPage\":{\"@id\":\"https:\\\/\\\/www.musikzeitung.ch\\\/anlaesse\\\/2017\\\/03\\\/abschied-mit-einer-neuentdeckung#primaryimage\"},\"image\":{\"@id\":\"https:\\\/\\\/www.musikzeitung.ch\\\/anlaesse\\\/2017\\\/03\\\/abschied-mit-einer-neuentdeckung#primaryimage\"},\"thumbnailUrl\":\"https:\\\/\\\/www.musikzeitung.ch\\\/wp-content\\\/uploads\\\/2023\\\/01\\\/Pergolesi_Q_Einsiedeln-Kopie-1.jpg\",\"datePublished\":\"2017-03-16T23:00:00+00:00\",\"breadcrumb\":{\"@id\":\"https:\\\/\\\/www.musikzeitung.ch\\\/anlaesse\\\/2017\\\/03\\\/abschied-mit-einer-neuentdeckung#breadcrumb\"},\"inLanguage\":\"it-IT\",\"potentialAction\":[{\"@type\":\"ReadAction\",\"target\":[\"https:\\\/\\\/www.musikzeitung.ch\\\/anlaesse\\\/2017\\\/03\\\/abschied-mit-einer-neuentdeckung\"]}]},{\"@type\":\"ImageObject\",\"inLanguage\":\"it-IT\",\"@id\":\"https:\\\/\\\/www.musikzeitung.ch\\\/anlaesse\\\/2017\\\/03\\\/abschied-mit-einer-neuentdeckung#primaryimage\",\"url\":\"https:\\\/\\\/www.musikzeitung.ch\\\/wp-content\\\/uploads\\\/2023\\\/01\\\/Pergolesi_Q_Einsiedeln-Kopie-1.jpg\",\"contentUrl\":\"https:\\\/\\\/www.musikzeitung.ch\\\/wp-content\\\/uploads\\\/2023\\\/01\\\/Pergolesi_Q_Einsiedeln-Kopie-1.jpg\",\"width\":554,\"height\":409},{\"@type\":\"BreadcrumbList\",\"@id\":\"https:\\\/\\\/www.musikzeitung.ch\\\/anlaesse\\\/2017\\\/03\\\/abschied-mit-einer-neuentdeckung#breadcrumb\",\"itemListElement\":[{\"@type\":\"ListItem\",\"position\":1,\"name\":\"Home\",\"item\":\"https:\\\/\\\/www.musikzeitung.ch\\\/\"},{\"@type\":\"ListItem\",\"position\":2,\"name\":\"Abschied mit einer Neuentdeckung\"}]},{\"@type\":\"WebSite\",\"@id\":\"https:\\\/\\\/www.musikzeitung.ch\\\/#website\",\"url\":\"https:\\\/\\\/www.musikzeitung.ch\\\/\",\"name\":\"Schweizer Musikzeitung\",\"description\":\"Die f\u00fchrende sparten\u00fcbergreifende Monatszeitung in der Schweiz f\u00fcr musikalische Fragen.\",\"publisher\":{\"@id\":\"https:\\\/\\\/www.musikzeitung.ch\\\/#organization\"},\"potentialAction\":[{\"@type\":\"SearchAction\",\"target\":{\"@type\":\"EntryPoint\",\"urlTemplate\":\"https:\\\/\\\/www.musikzeitung.ch\\\/?s={search_term_string}\"},\"query-input\":{\"@type\":\"PropertyValueSpecification\",\"valueRequired\":true,\"valueName\":\"search_term_string\"}}],\"inLanguage\":\"it-IT\"},{\"@type\":\"Organization\",\"@id\":\"https:\\\/\\\/www.musikzeitung.ch\\\/#organization\",\"name\":\"Schweizer Musikzeitung\",\"url\":\"https:\\\/\\\/www.musikzeitung.ch\\\/\",\"logo\":{\"@type\":\"ImageObject\",\"inLanguage\":\"it-IT\",\"@id\":\"https:\\\/\\\/www.musikzeitung.ch\\\/#\\\/schema\\\/logo\\\/image\\\/\",\"url\":\"https:\\\/\\\/www.musikzeitung.ch\\\/wp-content\\\/uploads\\\/2023\\\/01\\\/SMZ_Schriftzug_Sprache.png\",\"contentUrl\":\"https:\\\/\\\/www.musikzeitung.ch\\\/wp-content\\\/uploads\\\/2023\\\/01\\\/SMZ_Schriftzug_Sprache.png\",\"width\":1400,\"height\":279,\"caption\":\"Schweizer Musikzeitung\"},\"image\":{\"@id\":\"https:\\\/\\\/www.musikzeitung.ch\\\/#\\\/schema\\\/logo\\\/image\\\/\"},\"sameAs\":[\"https:\\\/\\\/www.facebook.com\\\/SchweizerMusikzeitung\\\/\",\"https:\\\/\\\/x.com\\\/smusikzeitung\",\"https:\\\/\\\/www.instagram.com\\\/musikzeitung.ch\\\/\"]},{\"@type\":\"Person\",\"@id\":\"https:\\\/\\\/www.musikzeitung.ch\\\/#\\\/schema\\\/person\\\/b2fd892c800856270b9dcc6001265712\",\"name\":\"Musikzeitung-Redaktion\",\"image\":{\"@type\":\"ImageObject\",\"inLanguage\":\"it-IT\",\"@id\":\"https:\\\/\\\/www.musikzeitung.ch\\\/wp-content\\\/uploads\\\/2022\\\/05\\\/usericon_musikzeitung-96x96.jpg\",\"url\":\"https:\\\/\\\/www.musikzeitung.ch\\\/wp-content\\\/uploads\\\/2022\\\/05\\\/usericon_musikzeitung-96x96.jpg\",\"contentUrl\":\"https:\\\/\\\/www.musikzeitung.ch\\\/wp-content\\\/uploads\\\/2022\\\/05\\\/usericon_musikzeitung-96x96.jpg\",\"caption\":\"Musikzeitung-Redaktion\"},\"url\":\"https:\\\/\\\/www.musikzeitung.ch\\\/it\\\/author\\\/admin\"}]}<\/script>\n<!-- \/ Yoast SEO plugin. -->","yoast_head_json":{"title":"Abschied mit einer Neuentdeckung - Schweizer Musikzeitung","robots":{"index":"index","follow":"follow","max-snippet":"max-snippet:-1","max-image-preview":"max-image-preview:large","max-video-preview":"max-video-preview:-1"},"canonical":"https:\/\/www.musikzeitung.ch\/it\/anlaesse\/2017\/03\/abschied-mit-einer-neuentdeckung\/","og_locale":"it_IT","og_type":"article","og_title":"Abschied mit einer Neuentdeckung - Schweizer Musikzeitung","og_description":"Mit Erstauff\u00fchrungen barocker Trouvaillen beschliesst Mario Schwarz seine langj\u00e4hrige Arbeit mit dem Collegium Musicum Ostschweiz. Pergolesis k\u00fcrzlich aufgesp\u00fcrte Kantate \u00abDixit Dominus\u00bb bezeichnet er als Sensation.","og_url":"https:\/\/www.musikzeitung.ch\/it\/anlaesse\/2017\/03\/abschied-mit-einer-neuentdeckung\/","og_site_name":"Schweizer Musikzeitung","article_publisher":"https:\/\/www.facebook.com\/SchweizerMusikzeitung\/","article_published_time":"2017-03-16T23:00:00+00:00","og_image":[{"width":554,"height":409,"url":"https:\/\/www.musikzeitung.ch\/wp-content\/uploads\/2023\/01\/Pergolesi_Q_Einsiedeln-Kopie-1.jpg","type":"image\/jpeg"}],"author":"Musikzeitung-Redaktion","twitter_card":"summary_large_image","twitter_creator":"@smusikzeitung","twitter_site":"@smusikzeitung","twitter_misc":{"Scritto da":"Musikzeitung-Redaktion","Tempo di lettura stimato":"3 minuti"},"schema":{"@context":"https:\/\/schema.org","@graph":[{"@type":"Article","@id":"https:\/\/www.musikzeitung.ch\/anlaesse\/2017\/03\/abschied-mit-einer-neuentdeckung#article","isPartOf":{"@id":"https:\/\/www.musikzeitung.ch\/anlaesse\/2017\/03\/abschied-mit-einer-neuentdeckung"},"author":{"name":"Musikzeitung-Redaktion","@id":"https:\/\/www.musikzeitung.ch\/#\/schema\/person\/b2fd892c800856270b9dcc6001265712"},"headline":"Abschied mit einer Neuentdeckung","datePublished":"2017-03-16T23:00:00+00:00","mainEntityOfPage":{"@id":"https:\/\/www.musikzeitung.ch\/anlaesse\/2017\/03\/abschied-mit-einer-neuentdeckung"},"wordCount":621,"commentCount":0,"publisher":{"@id":"https:\/\/www.musikzeitung.ch\/#organization"},"image":{"@id":"https:\/\/www.musikzeitung.ch\/anlaesse\/2017\/03\/abschied-mit-einer-neuentdeckung#primaryimage"},"thumbnailUrl":"https:\/\/www.musikzeitung.ch\/wp-content\/uploads\/2023\/01\/Pergolesi_Q_Einsiedeln-Kopie-1.jpg","articleSection":["Anl\u00e4sse","Klassik"],"inLanguage":"it-IT"},{"@type":"WebPage","@id":"https:\/\/www.musikzeitung.ch\/anlaesse\/2017\/03\/abschied-mit-einer-neuentdeckung","url":"https:\/\/www.musikzeitung.ch\/anlaesse\/2017\/03\/abschied-mit-einer-neuentdeckung","name":"Abschied mit einer Neuentdeckung - Schweizer Musikzeitung","isPartOf":{"@id":"https:\/\/www.musikzeitung.ch\/#website"},"primaryImageOfPage":{"@id":"https:\/\/www.musikzeitung.ch\/anlaesse\/2017\/03\/abschied-mit-einer-neuentdeckung#primaryimage"},"image":{"@id":"https:\/\/www.musikzeitung.ch\/anlaesse\/2017\/03\/abschied-mit-einer-neuentdeckung#primaryimage"},"thumbnailUrl":"https:\/\/www.musikzeitung.ch\/wp-content\/uploads\/2023\/01\/Pergolesi_Q_Einsiedeln-Kopie-1.jpg","datePublished":"2017-03-16T23:00:00+00:00","breadcrumb":{"@id":"https:\/\/www.musikzeitung.ch\/anlaesse\/2017\/03\/abschied-mit-einer-neuentdeckung#breadcrumb"},"inLanguage":"it-IT","potentialAction":[{"@type":"ReadAction","target":["https:\/\/www.musikzeitung.ch\/anlaesse\/2017\/03\/abschied-mit-einer-neuentdeckung"]}]},{"@type":"ImageObject","inLanguage":"it-IT","@id":"https:\/\/www.musikzeitung.ch\/anlaesse\/2017\/03\/abschied-mit-einer-neuentdeckung#primaryimage","url":"https:\/\/www.musikzeitung.ch\/wp-content\/uploads\/2023\/01\/Pergolesi_Q_Einsiedeln-Kopie-1.jpg","contentUrl":"https:\/\/www.musikzeitung.ch\/wp-content\/uploads\/2023\/01\/Pergolesi_Q_Einsiedeln-Kopie-1.jpg","width":554,"height":409},{"@type":"BreadcrumbList","@id":"https:\/\/www.musikzeitung.ch\/anlaesse\/2017\/03\/abschied-mit-einer-neuentdeckung#breadcrumb","itemListElement":[{"@type":"ListItem","position":1,"name":"Home","item":"https:\/\/www.musikzeitung.ch\/"},{"@type":"ListItem","position":2,"name":"Abschied mit einer Neuentdeckung"}]},{"@type":"WebSite","@id":"https:\/\/www.musikzeitung.ch\/#website","url":"https:\/\/www.musikzeitung.ch\/","name":"Giornale musicale svizzero","description":"Il principale mensile interdisciplinare della Svizzera per le questioni musicali.","publisher":{"@id":"https:\/\/www.musikzeitung.ch\/#organization"},"potentialAction":[{"@type":"SearchAction","target":{"@type":"EntryPoint","urlTemplate":"https:\/\/www.musikzeitung.ch\/?s={search_term_string}"},"query-input":{"@type":"PropertyValueSpecification","valueRequired":true,"valueName":"search_term_string"}}],"inLanguage":"it-IT"},{"@type":"Organization","@id":"https:\/\/www.musikzeitung.ch\/#organization","name":"Giornale musicale svizzero","url":"https:\/\/www.musikzeitung.ch\/","logo":{"@type":"ImageObject","inLanguage":"it-IT","@id":"https:\/\/www.musikzeitung.ch\/#\/schema\/logo\/image\/","url":"https:\/\/www.musikzeitung.ch\/wp-content\/uploads\/2023\/01\/SMZ_Schriftzug_Sprache.png","contentUrl":"https:\/\/www.musikzeitung.ch\/wp-content\/uploads\/2023\/01\/SMZ_Schriftzug_Sprache.png","width":1400,"height":279,"caption":"Schweizer Musikzeitung"},"image":{"@id":"https:\/\/www.musikzeitung.ch\/#\/schema\/logo\/image\/"},"sameAs":["https:\/\/www.facebook.com\/SchweizerMusikzeitung\/","https:\/\/x.com\/smusikzeitung","https:\/\/www.instagram.com\/musikzeitung.ch\/"]},{"@type":"Person","@id":"https:\/\/www.musikzeitung.ch\/#\/schema\/person\/b2fd892c800856270b9dcc6001265712","name":"Redazione Musikzeitung","image":{"@type":"ImageObject","inLanguage":"it-IT","@id":"https:\/\/www.musikzeitung.ch\/wp-content\/uploads\/2022\/05\/usericon_musikzeitung-96x96.jpg","url":"https:\/\/www.musikzeitung.ch\/wp-content\/uploads\/2022\/05\/usericon_musikzeitung-96x96.jpg","contentUrl":"https:\/\/www.musikzeitung.ch\/wp-content\/uploads\/2022\/05\/usericon_musikzeitung-96x96.jpg","caption":"Musikzeitung-Redaktion"},"url":"https:\/\/www.musikzeitung.ch\/it\/author\/admin"}]}},"publishpress_future_workflow_manual_trigger":{"enabledWorkflows":[]},"_links":{"self":[{"href":"https:\/\/www.musikzeitung.ch\/it\/wp-json\/wp\/v2\/posts\/872","targetHints":{"allow":["GET"]}}],"collection":[{"href":"https:\/\/www.musikzeitung.ch\/it\/wp-json\/wp\/v2\/posts"}],"about":[{"href":"https:\/\/www.musikzeitung.ch\/it\/wp-json\/wp\/v2\/types\/post"}],"author":[{"embeddable":true,"href":"https:\/\/www.musikzeitung.ch\/it\/wp-json\/wp\/v2\/users\/1"}],"replies":[{"embeddable":true,"href":"https:\/\/www.musikzeitung.ch\/it\/wp-json\/wp\/v2\/comments?post=872"}],"version-history":[{"count":0,"href":"https:\/\/www.musikzeitung.ch\/it\/wp-json\/wp\/v2\/posts\/872\/revisions"}],"wp:featuredmedia":[{"embeddable":true,"href":"https:\/\/www.musikzeitung.ch\/it\/wp-json\/wp\/v2\/media\/873"}],"wp:attachment":[{"href":"https:\/\/www.musikzeitung.ch\/it\/wp-json\/wp\/v2\/media?parent=872"}],"wp:term":[{"taxonomy":"category","embeddable":true,"href":"https:\/\/www.musikzeitung.ch\/it\/wp-json\/wp\/v2\/categories?post=872"},{"taxonomy":"post_tag","embeddable":true,"href":"https:\/\/www.musikzeitung.ch\/it\/wp-json\/wp\/v2\/tags?post=872"}],"curies":[{"name":"wp","href":"https:\/\/api.w.org\/{rel}","templated":true}]}}