{"id":8732,"date":"2017-08-25T00:00:00","date_gmt":"2017-08-24T23:00:00","guid":{"rendered":"https:\/\/www.musikzeitung.ch\/allgemein\/fragen-und-fragmente\/"},"modified":"2025-07-16T17:44:32","modified_gmt":"2025-07-16T15:44:32","slug":"fragen-und-fragmente","status":"publish","type":"post","link":"https:\/\/www.musikzeitung.ch\/it\/berichte\/2017\/08\/fragen-und-fragmente","title":{"rendered":"Domande e frammenti"},"content":{"rendered":"<figure style=\"width: 554px\" class=\"wp-caption alignnone\"><img loading=\"lazy\" decoding=\"async\" src=\"https:\/\/www.musikzeitung.ch\/wp-content\/uploads\/2023\/01\/Rue.jpg\" alt=\"\" width=\"554\" height=\"368\" \/><figcaption class=\"wp-caption-text\">\"Condivisione dello schermo. Entrate nel mio mondo abitabile\" di Brigitta Muntendorf. Foto: T. Hammelmann<\/figcaption><\/figure>\n<div class=\"text-section\">\n<p>\"Faccio un passo a destra e uno in diagonale in avanti. Ora mi trovo a sei passi verticali dalla posizione di partenza. Respiro e suono un trillo\". Nel libro di Brigitta Muntendorf <em>Condivisione dello schermo. Entrate nel mio mondo abitabile<\/em> R\u00fcmlingen 2017 si presenta in forma condensata. Il sassofonista, che si muove sulle parole, sottolinea il motto \"17 l\u00e4uft. Musica in movimento\". D'altra parte, i suoi trilli solistici isolati indicano un assottigliamento del programma. Il budget era ovviamente molto pi\u00f9 ridotto rispetto agli anni precedenti. Il risultato: solo due grandi produzioni, Screen Sharing di Muntendorf e Penelope Wehrli. <em>La zattera di Eadweard<\/em>un tipo di performance che va sotto il nome di \"Interfaccia per danzatori, compositori e musicisti\".<\/p>\n<\/div>\n<div>\n<h3 class=\"\">Musica dal movimento<\/h3>\n<\/div>\n<div class=\"text-section\">\n<p>Da sapere: L'omonimo dell'opera, Eadweard Muybridge, fece scalpore alla fine del XIX secolo con le sue analisi cronofotografiche del movimento. Nello stile di un flip-book, egli allineava le fotografie in modo tale da poter analizzare, ad esempio, il galoppo di un cavallo. Penelope Wehrli, scenografa e artista performativa nata a Zurigo, sta ora aggiornando le idee di Muybridge a R\u00fcmlingen: Sta dotando i ballerini di sensori di movimento. I loro movimenti ridotti e le loro ondulazioni serpentiformi vengono trasmessi a un computer, che calcola istantaneamente una notazione grafica e tradizionale per due suonatori di fisarmonica.<\/p>\n<p>Il concetto \u00e8 ovvio. Qui i ballerini non reagiscono alla musica, ma la musica reagisce ai ballerini, che a loro volta - in una sorta di perpetuum mobile - rispondono motoriamente alle note della fisarmonica. Ci\u00f2 che \u00e8 affascinante nei primi minuti rivela presto le sue debolezze. I ritardi temporali non sono il problema principale. Ma alla lunga, sia le interiezioni frammentarie dei musicisti che i movimenti di danza diventano troppo monotoni. Una differenziazione degli algoritmi informatici potrebbe forse risolvere il problema. Si potrebbe anche pensare a una struttura pi\u00f9 stratificata per questa performance di danza. A R\u00fcmlingen, rimane una performance un po' insipida, ma che potrebbe, forse dovrebbe, motivarci a riflettere ulteriormente.\n<\/p><\/div>\n<div>\n<h3 class=\"\">Citare invece di criticare<\/h3>\n<\/div>\n<div class=\"text-section\">\n<p>Il pezzo audiovisivo di Brigitta Muntendorf, presentato in anteprima in questa forma, \u00e8 pi\u00f9 divertente <em>Condivisione dello schermo<\/em>.\u00a0<em>Entrate nel mio mondo abitabile<\/em>. Nella soffitta della chiesa di R\u00fcmlingen, mette in scena, come scrive, un'\"interfaccia tra il mondo reale, inabitabile, e un mondo artificiale, virtuale\". Per la compositrice, la vita quotidiana e la virtualit\u00e0 si compenetrano - diventano indistinguibili, ad esempio, quando le persone soddisfano i loro reali bisogni sessuali su piattaforme come Youporn. Il sesso \u00e8 in <em>Condivisione dello schermo<\/em> poco di cui si parla. Tuttavia, gli snippet di YouTube svolgono un ruolo importante, sovrapponendosi alle azioni dei musicisti sul sito.<\/p>\n<p>Muntendorf ha progettato in modo sensibile e professionale l'attico con postazioni per strumenti, grandi schermi video e splendidi effetti di luce. Il tutto funziona in modo armonioso, sviluppando un'attrazione con tutte le sue aggiunte. Si sentono ritmi pop, suoni sterili di sintetizzatori, poi strumenti a fiato in assolo o addirittura una voce che pronuncia frasi frammentarie in inglese o tedesco. Non si possono trascurare le analogie con il teatro di stazione di Manos Tsangaris. Muntendorf ha anche attori singoli seduti ai loro tavoli, con l'uno o l'altro al centro della scena.<\/p>\n<p>Una narrazione cos\u00ec ricca \u00e8 probabilmente, tra l'altro, una risposta a un mondo contemporaneo complesso. In mezzo a questa estetica della rappresentazione \"collage e rizomatica\" (Muntendorf), tuttavia, sorgono anche delle domande: YouTube potrebbe essere visto anche da un punto di vista ideologico-critico. Citare semplicemente \u00e8 troppo facile. Nel momento in cui la distrazione digitale sta diventando un problema sociale acuto, gli artisti (e gli amanti del concetto!) dovrebbero forse alzare un dito. O almeno cercare il modo di creare di nuovo qualcosa di vincolante. Quindi \u00e8 soprattutto il frammentario ad aderire a R\u00fcmlingen. - Sfortunatamente, di solito non ha un'emivita lunga.<\/p>\n<\/div>\n<div>\n<p><a href=\"http:\/\/www.neue-musik-ruemlingen.ch\">www.neue-musik-ruemlingen.ch<\/a><\/p>\n<\/div>","protected":false},"excerpt":{"rendered":"<p><strong>I principali punti del programma del festival di R\u00fcmlingen si svolgeranno questa volta in spazi chiusi. Il movimento diventa l'innesco della musica o si mescola con il virtuale. <\/strong><\/p>","protected":false},"author":1,"featured_media":8733,"comment_status":"closed","ping_status":"closed","sticky":false,"template":"","format":"standard","meta":{"_acf_changed":false,"_relevanssi_hide_post":"","_relevanssi_hide_content":"","_relevanssi_pin_for_all":"","_relevanssi_pin_keywords":"","_relevanssi_unpin_keywords":"","_relevanssi_related_keywords":"","_relevanssi_related_include_ids":"","_relevanssi_related_exclude_ids":"","_relevanssi_related_no_append":"","_relevanssi_related_not_related":"","_relevanssi_related_posts":"","_relevanssi_noindex_reason":"","pgc_sgb_lightbox_settings":"","footnotes":""},"categories":[1531,28],"tags":[4548],"class_list":["post-8732","post","type-post","status-publish","format-standard","has-post-thumbnail","hentry","category-auffuehrungen","category-berichte","tag-festival-ruemlingen"],"acf":[],"yoast_head":"<!-- This site is optimized with the Yoast SEO plugin v27.4 - https:\/\/yoast.com\/product\/yoast-seo-wordpress\/ -->\n<title>Fragen und Fragmente - Schweizer Musikzeitung<\/title>\n<meta name=\"robots\" content=\"index, follow, max-snippet:-1, max-image-preview:large, max-video-preview:-1\" \/>\n<link rel=\"canonical\" href=\"https:\/\/www.musikzeitung.ch\/it\/berichte\/2017\/08\/fragen-und-fragmente\/\" \/>\n<meta property=\"og:locale\" content=\"it_IT\" \/>\n<meta property=\"og:type\" content=\"article\" \/>\n<meta property=\"og:title\" content=\"Fragen und Fragmente - Schweizer Musikzeitung\" \/>\n<meta property=\"og:description\" content=\"Die Hauptprogrammpunkte des Festivals R\u00fcmlingen spielen diesmal in geschlossenen R\u00e4umen. Bewegung wird zum Ausl\u00f6ser f\u00fcr Musik oder mischt sich mit Virtuellem.\" \/>\n<meta property=\"og:url\" content=\"https:\/\/www.musikzeitung.ch\/it\/berichte\/2017\/08\/fragen-und-fragmente\/\" \/>\n<meta property=\"og:site_name\" content=\"Schweizer Musikzeitung\" \/>\n<meta property=\"article:publisher\" content=\"https:\/\/www.facebook.com\/SchweizerMusikzeitung\/\" \/>\n<meta property=\"article:published_time\" content=\"2017-08-24T23:00:00+00:00\" \/>\n<meta property=\"article:modified_time\" content=\"2025-07-16T15:44:32+00:00\" \/>\n<meta property=\"og:image\" content=\"https:\/\/www.musikzeitung.ch\/wp-content\/uploads\/2023\/01\/Rue.jpg\" \/>\n\t<meta property=\"og:image:width\" content=\"554\" \/>\n\t<meta property=\"og:image:height\" content=\"368\" \/>\n\t<meta property=\"og:image:type\" content=\"image\/jpeg\" \/>\n<meta name=\"author\" content=\"Musikzeitung-Redaktion\" \/>\n<meta name=\"twitter:card\" content=\"summary_large_image\" \/>\n<meta name=\"twitter:creator\" content=\"@smusikzeitung\" \/>\n<meta name=\"twitter:site\" content=\"@smusikzeitung\" \/>\n<meta name=\"twitter:label1\" content=\"Scritto da\" \/>\n\t<meta name=\"twitter:data1\" content=\"Musikzeitung-Redaktion\" \/>\n\t<meta name=\"twitter:label2\" content=\"Tempo di lettura stimato\" \/>\n\t<meta name=\"twitter:data2\" content=\"4 minuti\" \/>\n<script type=\"application\/ld+json\" class=\"yoast-schema-graph\">{\"@context\":\"https:\\\/\\\/schema.org\",\"@graph\":[{\"@type\":\"Article\",\"@id\":\"https:\\\/\\\/www.musikzeitung.ch\\\/berichte\\\/2017\\\/08\\\/fragen-und-fragmente#article\",\"isPartOf\":{\"@id\":\"https:\\\/\\\/www.musikzeitung.ch\\\/berichte\\\/2017\\\/08\\\/fragen-und-fragmente\"},\"author\":{\"name\":\"Musikzeitung-Redaktion\",\"@id\":\"https:\\\/\\\/www.musikzeitung.ch\\\/#\\\/schema\\\/person\\\/b2fd892c800856270b9dcc6001265712\"},\"headline\":\"Fragen und Fragmente\",\"datePublished\":\"2017-08-24T23:00:00+00:00\",\"dateModified\":\"2025-07-16T15:44:32+00:00\",\"mainEntityOfPage\":{\"@id\":\"https:\\\/\\\/www.musikzeitung.ch\\\/berichte\\\/2017\\\/08\\\/fragen-und-fragmente\"},\"wordCount\":618,\"publisher\":{\"@id\":\"https:\\\/\\\/www.musikzeitung.ch\\\/#organization\"},\"image\":{\"@id\":\"https:\\\/\\\/www.musikzeitung.ch\\\/berichte\\\/2017\\\/08\\\/fragen-und-fragmente#primaryimage\"},\"thumbnailUrl\":\"https:\\\/\\\/www.musikzeitung.ch\\\/wp-content\\\/uploads\\\/2023\\\/01\\\/Rue.jpg\",\"keywords\":[\"Festival R\u00fcmlingen\"],\"articleSection\":[\"Auff\u00fchrungen\",\"Berichte\"],\"inLanguage\":\"it-IT\"},{\"@type\":\"WebPage\",\"@id\":\"https:\\\/\\\/www.musikzeitung.ch\\\/berichte\\\/2017\\\/08\\\/fragen-und-fragmente\",\"url\":\"https:\\\/\\\/www.musikzeitung.ch\\\/berichte\\\/2017\\\/08\\\/fragen-und-fragmente\",\"name\":\"Fragen und Fragmente - Schweizer Musikzeitung\",\"isPartOf\":{\"@id\":\"https:\\\/\\\/www.musikzeitung.ch\\\/#website\"},\"primaryImageOfPage\":{\"@id\":\"https:\\\/\\\/www.musikzeitung.ch\\\/berichte\\\/2017\\\/08\\\/fragen-und-fragmente#primaryimage\"},\"image\":{\"@id\":\"https:\\\/\\\/www.musikzeitung.ch\\\/berichte\\\/2017\\\/08\\\/fragen-und-fragmente#primaryimage\"},\"thumbnailUrl\":\"https:\\\/\\\/www.musikzeitung.ch\\\/wp-content\\\/uploads\\\/2023\\\/01\\\/Rue.jpg\",\"datePublished\":\"2017-08-24T23:00:00+00:00\",\"dateModified\":\"2025-07-16T15:44:32+00:00\",\"breadcrumb\":{\"@id\":\"https:\\\/\\\/www.musikzeitung.ch\\\/berichte\\\/2017\\\/08\\\/fragen-und-fragmente#breadcrumb\"},\"inLanguage\":\"it-IT\",\"potentialAction\":[{\"@type\":\"ReadAction\",\"target\":[\"https:\\\/\\\/www.musikzeitung.ch\\\/berichte\\\/2017\\\/08\\\/fragen-und-fragmente\"]}]},{\"@type\":\"ImageObject\",\"inLanguage\":\"it-IT\",\"@id\":\"https:\\\/\\\/www.musikzeitung.ch\\\/berichte\\\/2017\\\/08\\\/fragen-und-fragmente#primaryimage\",\"url\":\"https:\\\/\\\/www.musikzeitung.ch\\\/wp-content\\\/uploads\\\/2023\\\/01\\\/Rue.jpg\",\"contentUrl\":\"https:\\\/\\\/www.musikzeitung.ch\\\/wp-content\\\/uploads\\\/2023\\\/01\\\/Rue.jpg\",\"width\":554,\"height\":368},{\"@type\":\"BreadcrumbList\",\"@id\":\"https:\\\/\\\/www.musikzeitung.ch\\\/berichte\\\/2017\\\/08\\\/fragen-und-fragmente#breadcrumb\",\"itemListElement\":[{\"@type\":\"ListItem\",\"position\":1,\"name\":\"Home\",\"item\":\"https:\\\/\\\/www.musikzeitung.ch\\\/\"},{\"@type\":\"ListItem\",\"position\":2,\"name\":\"Fragen und Fragmente\"}]},{\"@type\":\"WebSite\",\"@id\":\"https:\\\/\\\/www.musikzeitung.ch\\\/#website\",\"url\":\"https:\\\/\\\/www.musikzeitung.ch\\\/\",\"name\":\"Schweizer Musikzeitung\",\"description\":\"Die f\u00fchrende sparten\u00fcbergreifende Monatszeitung in der Schweiz f\u00fcr musikalische Fragen.\",\"publisher\":{\"@id\":\"https:\\\/\\\/www.musikzeitung.ch\\\/#organization\"},\"potentialAction\":[{\"@type\":\"SearchAction\",\"target\":{\"@type\":\"EntryPoint\",\"urlTemplate\":\"https:\\\/\\\/www.musikzeitung.ch\\\/?s={search_term_string}\"},\"query-input\":{\"@type\":\"PropertyValueSpecification\",\"valueRequired\":true,\"valueName\":\"search_term_string\"}}],\"inLanguage\":\"it-IT\"},{\"@type\":\"Organization\",\"@id\":\"https:\\\/\\\/www.musikzeitung.ch\\\/#organization\",\"name\":\"Schweizer Musikzeitung\",\"url\":\"https:\\\/\\\/www.musikzeitung.ch\\\/\",\"logo\":{\"@type\":\"ImageObject\",\"inLanguage\":\"it-IT\",\"@id\":\"https:\\\/\\\/www.musikzeitung.ch\\\/#\\\/schema\\\/logo\\\/image\\\/\",\"url\":\"https:\\\/\\\/www.musikzeitung.ch\\\/wp-content\\\/uploads\\\/2023\\\/01\\\/SMZ_Schriftzug_Sprache.png\",\"contentUrl\":\"https:\\\/\\\/www.musikzeitung.ch\\\/wp-content\\\/uploads\\\/2023\\\/01\\\/SMZ_Schriftzug_Sprache.png\",\"width\":1400,\"height\":279,\"caption\":\"Schweizer Musikzeitung\"},\"image\":{\"@id\":\"https:\\\/\\\/www.musikzeitung.ch\\\/#\\\/schema\\\/logo\\\/image\\\/\"},\"sameAs\":[\"https:\\\/\\\/www.facebook.com\\\/SchweizerMusikzeitung\\\/\",\"https:\\\/\\\/x.com\\\/smusikzeitung\",\"https:\\\/\\\/www.instagram.com\\\/musikzeitung.ch\\\/\"]},{\"@type\":\"Person\",\"@id\":\"https:\\\/\\\/www.musikzeitung.ch\\\/#\\\/schema\\\/person\\\/b2fd892c800856270b9dcc6001265712\",\"name\":\"Musikzeitung-Redaktion\",\"image\":{\"@type\":\"ImageObject\",\"inLanguage\":\"it-IT\",\"@id\":\"https:\\\/\\\/www.musikzeitung.ch\\\/wp-content\\\/uploads\\\/2022\\\/05\\\/usericon_musikzeitung-96x96.jpg\",\"url\":\"https:\\\/\\\/www.musikzeitung.ch\\\/wp-content\\\/uploads\\\/2022\\\/05\\\/usericon_musikzeitung-96x96.jpg\",\"contentUrl\":\"https:\\\/\\\/www.musikzeitung.ch\\\/wp-content\\\/uploads\\\/2022\\\/05\\\/usericon_musikzeitung-96x96.jpg\",\"caption\":\"Musikzeitung-Redaktion\"},\"url\":\"https:\\\/\\\/www.musikzeitung.ch\\\/it\\\/author\\\/admin\"}]}<\/script>\n<!-- \/ Yoast SEO plugin. -->","yoast_head_json":{"title":"Domande e frammenti - Schweizer Musikzeitung","robots":{"index":"index","follow":"follow","max-snippet":"max-snippet:-1","max-image-preview":"max-image-preview:large","max-video-preview":"max-video-preview:-1"},"canonical":"https:\/\/www.musikzeitung.ch\/it\/berichte\/2017\/08\/fragen-und-fragmente\/","og_locale":"it_IT","og_type":"article","og_title":"Fragen und Fragmente - Schweizer Musikzeitung","og_description":"Die Hauptprogrammpunkte des Festivals R\u00fcmlingen spielen diesmal in geschlossenen R\u00e4umen. Bewegung wird zum Ausl\u00f6ser f\u00fcr Musik oder mischt sich mit Virtuellem.","og_url":"https:\/\/www.musikzeitung.ch\/it\/berichte\/2017\/08\/fragen-und-fragmente\/","og_site_name":"Schweizer Musikzeitung","article_publisher":"https:\/\/www.facebook.com\/SchweizerMusikzeitung\/","article_published_time":"2017-08-24T23:00:00+00:00","article_modified_time":"2025-07-16T15:44:32+00:00","og_image":[{"width":554,"height":368,"url":"https:\/\/www.musikzeitung.ch\/wp-content\/uploads\/2023\/01\/Rue.jpg","type":"image\/jpeg"}],"author":"Musikzeitung-Redaktion","twitter_card":"summary_large_image","twitter_creator":"@smusikzeitung","twitter_site":"@smusikzeitung","twitter_misc":{"Scritto da":"Musikzeitung-Redaktion","Tempo di lettura stimato":"4 minuti"},"schema":{"@context":"https:\/\/schema.org","@graph":[{"@type":"Article","@id":"https:\/\/www.musikzeitung.ch\/berichte\/2017\/08\/fragen-und-fragmente#article","isPartOf":{"@id":"https:\/\/www.musikzeitung.ch\/berichte\/2017\/08\/fragen-und-fragmente"},"author":{"name":"Musikzeitung-Redaktion","@id":"https:\/\/www.musikzeitung.ch\/#\/schema\/person\/b2fd892c800856270b9dcc6001265712"},"headline":"Fragen und Fragmente","datePublished":"2017-08-24T23:00:00+00:00","dateModified":"2025-07-16T15:44:32+00:00","mainEntityOfPage":{"@id":"https:\/\/www.musikzeitung.ch\/berichte\/2017\/08\/fragen-und-fragmente"},"wordCount":618,"publisher":{"@id":"https:\/\/www.musikzeitung.ch\/#organization"},"image":{"@id":"https:\/\/www.musikzeitung.ch\/berichte\/2017\/08\/fragen-und-fragmente#primaryimage"},"thumbnailUrl":"https:\/\/www.musikzeitung.ch\/wp-content\/uploads\/2023\/01\/Rue.jpg","keywords":["Festival R\u00fcmlingen"],"articleSection":["Auff\u00fchrungen","Berichte"],"inLanguage":"it-IT"},{"@type":"WebPage","@id":"https:\/\/www.musikzeitung.ch\/berichte\/2017\/08\/fragen-und-fragmente","url":"https:\/\/www.musikzeitung.ch\/berichte\/2017\/08\/fragen-und-fragmente","name":"Domande e frammenti - Schweizer Musikzeitung","isPartOf":{"@id":"https:\/\/www.musikzeitung.ch\/#website"},"primaryImageOfPage":{"@id":"https:\/\/www.musikzeitung.ch\/berichte\/2017\/08\/fragen-und-fragmente#primaryimage"},"image":{"@id":"https:\/\/www.musikzeitung.ch\/berichte\/2017\/08\/fragen-und-fragmente#primaryimage"},"thumbnailUrl":"https:\/\/www.musikzeitung.ch\/wp-content\/uploads\/2023\/01\/Rue.jpg","datePublished":"2017-08-24T23:00:00+00:00","dateModified":"2025-07-16T15:44:32+00:00","breadcrumb":{"@id":"https:\/\/www.musikzeitung.ch\/berichte\/2017\/08\/fragen-und-fragmente#breadcrumb"},"inLanguage":"it-IT","potentialAction":[{"@type":"ReadAction","target":["https:\/\/www.musikzeitung.ch\/berichte\/2017\/08\/fragen-und-fragmente"]}]},{"@type":"ImageObject","inLanguage":"it-IT","@id":"https:\/\/www.musikzeitung.ch\/berichte\/2017\/08\/fragen-und-fragmente#primaryimage","url":"https:\/\/www.musikzeitung.ch\/wp-content\/uploads\/2023\/01\/Rue.jpg","contentUrl":"https:\/\/www.musikzeitung.ch\/wp-content\/uploads\/2023\/01\/Rue.jpg","width":554,"height":368},{"@type":"BreadcrumbList","@id":"https:\/\/www.musikzeitung.ch\/berichte\/2017\/08\/fragen-und-fragmente#breadcrumb","itemListElement":[{"@type":"ListItem","position":1,"name":"Home","item":"https:\/\/www.musikzeitung.ch\/"},{"@type":"ListItem","position":2,"name":"Fragen und Fragmente"}]},{"@type":"WebSite","@id":"https:\/\/www.musikzeitung.ch\/#website","url":"https:\/\/www.musikzeitung.ch\/","name":"Giornale musicale svizzero","description":"Il principale mensile interdisciplinare della Svizzera per le questioni musicali.","publisher":{"@id":"https:\/\/www.musikzeitung.ch\/#organization"},"potentialAction":[{"@type":"SearchAction","target":{"@type":"EntryPoint","urlTemplate":"https:\/\/www.musikzeitung.ch\/?s={search_term_string}"},"query-input":{"@type":"PropertyValueSpecification","valueRequired":true,"valueName":"search_term_string"}}],"inLanguage":"it-IT"},{"@type":"Organization","@id":"https:\/\/www.musikzeitung.ch\/#organization","name":"Giornale musicale svizzero","url":"https:\/\/www.musikzeitung.ch\/","logo":{"@type":"ImageObject","inLanguage":"it-IT","@id":"https:\/\/www.musikzeitung.ch\/#\/schema\/logo\/image\/","url":"https:\/\/www.musikzeitung.ch\/wp-content\/uploads\/2023\/01\/SMZ_Schriftzug_Sprache.png","contentUrl":"https:\/\/www.musikzeitung.ch\/wp-content\/uploads\/2023\/01\/SMZ_Schriftzug_Sprache.png","width":1400,"height":279,"caption":"Schweizer Musikzeitung"},"image":{"@id":"https:\/\/www.musikzeitung.ch\/#\/schema\/logo\/image\/"},"sameAs":["https:\/\/www.facebook.com\/SchweizerMusikzeitung\/","https:\/\/x.com\/smusikzeitung","https:\/\/www.instagram.com\/musikzeitung.ch\/"]},{"@type":"Person","@id":"https:\/\/www.musikzeitung.ch\/#\/schema\/person\/b2fd892c800856270b9dcc6001265712","name":"Redazione Musikzeitung","image":{"@type":"ImageObject","inLanguage":"it-IT","@id":"https:\/\/www.musikzeitung.ch\/wp-content\/uploads\/2022\/05\/usericon_musikzeitung-96x96.jpg","url":"https:\/\/www.musikzeitung.ch\/wp-content\/uploads\/2022\/05\/usericon_musikzeitung-96x96.jpg","contentUrl":"https:\/\/www.musikzeitung.ch\/wp-content\/uploads\/2022\/05\/usericon_musikzeitung-96x96.jpg","caption":"Musikzeitung-Redaktion"},"url":"https:\/\/www.musikzeitung.ch\/it\/author\/admin"}]}},"publishpress_future_workflow_manual_trigger":{"enabledWorkflows":[]},"_links":{"self":[{"href":"https:\/\/www.musikzeitung.ch\/it\/wp-json\/wp\/v2\/posts\/8732","targetHints":{"allow":["GET"]}}],"collection":[{"href":"https:\/\/www.musikzeitung.ch\/it\/wp-json\/wp\/v2\/posts"}],"about":[{"href":"https:\/\/www.musikzeitung.ch\/it\/wp-json\/wp\/v2\/types\/post"}],"author":[{"embeddable":true,"href":"https:\/\/www.musikzeitung.ch\/it\/wp-json\/wp\/v2\/users\/1"}],"replies":[{"embeddable":true,"href":"https:\/\/www.musikzeitung.ch\/it\/wp-json\/wp\/v2\/comments?post=8732"}],"version-history":[{"count":2,"href":"https:\/\/www.musikzeitung.ch\/it\/wp-json\/wp\/v2\/posts\/8732\/revisions"}],"predecessor-version":[{"id":66436,"href":"https:\/\/www.musikzeitung.ch\/it\/wp-json\/wp\/v2\/posts\/8732\/revisions\/66436"}],"wp:featuredmedia":[{"embeddable":true,"href":"https:\/\/www.musikzeitung.ch\/it\/wp-json\/wp\/v2\/media\/8733"}],"wp:attachment":[{"href":"https:\/\/www.musikzeitung.ch\/it\/wp-json\/wp\/v2\/media?parent=8732"}],"wp:term":[{"taxonomy":"category","embeddable":true,"href":"https:\/\/www.musikzeitung.ch\/it\/wp-json\/wp\/v2\/categories?post=8732"},{"taxonomy":"post_tag","embeddable":true,"href":"https:\/\/www.musikzeitung.ch\/it\/wp-json\/wp\/v2\/tags?post=8732"}],"curies":[{"name":"wp","href":"https:\/\/api.w.org\/{rel}","templated":true}]}}