{"id":8758,"date":"2017-05-23T00:00:00","date_gmt":"2017-05-22T23:00:00","guid":{"rendered":"https:\/\/www.musikzeitung.ch\/allgemein\/mord-an-einer-diva\/"},"modified":"2025-07-17T12:19:29","modified_gmt":"2025-07-17T10:19:29","slug":"mord-an-einer-diva","status":"publish","type":"post","link":"https:\/\/www.musikzeitung.ch\/it\/berichte\/2017\/05\/mord-an-einer-diva","title":{"rendered":"Omicidio di una diva"},"content":{"rendered":"<figure style=\"width: 554px\" class=\"wp-caption alignnone\"><img loading=\"lazy\" decoding=\"async\" src=\"https:\/\/www.musikzeitung.ch\/wp-content\/uploads\/2023\/01\/am2-3.jpg\" alt=\"\" width=\"554\" height=\"369\" \/><figcaption class=\"wp-caption-text\">Foto: Iko Freese (Teatro di San Gallo)<\/figcaption><\/figure>\n<div class=\"text-section\">\n<p>Una grande storia d'opera che \u00e8 essa stessa un'opera lirica ed \u00e8 basata su eventi (e voci) veri: Il 29 giugno 1910, il direttore d'orchestra Dr. Aloys Obrist spar\u00f2 alla sua ex amante Anna Sutter e poi a se stesso nell'appartamento di lei in Schubartstrasse 8 a Stoccarda. La cantante era in intimit\u00e0 con il suo nuovo amante, il basso-baritono Albin Swoboda, quando Obrist le fece una visita a sorpresa. Swoboda si nascose in un armadio. Dopo che Sutter ebbe nuovamente negato le proteste d'amore di Obrist, furono esplosi i colpi di pistola. Il caso fece scalpore, poich\u00e9 la Sutter era una celebre star dell'Opera di Stoccarda, ad esempio come Vedova allegra, Salom\u00e8 e Carmen. E cos\u00ec il <em>Cronaca sveva<\/em>: \"Frln. Sutter giace a letto, con il braccio destro allargato e il braccio sinistro, ferito dai proiettili, piegato insieme. Come in <em>Carmen<\/em>il suo ruolo di protagonista, giaceva l\u00ec\". Diecimila persone parteciparono al funerale e la Fontana del Destino di Karl Donndorf nei giardini del palazzo ricorda ancora oggi l'incidente. A Stoccarda non \u00e8 mai stato dimenticato.<\/p>\n<p>Nel 2001 vi \u00e8 stata allestita una mostra; nello stesso anno \u00e8 stata pubblicata la novella <em>Maschera di Anna<\/em> da<a href=\"http:\/\/www.alainclaudesulzer.ch\" target=\"_blank\" rel=\"noopener\"> Alain Claude Sulzer<\/a>e l'opera omonima del compositore sangallese \u00e8 ora basata su di essa. <a href=\"http:\/\/www.hefti.net\" target=\"_blank\" rel=\"noopener\">David Philip Hefti<\/a>. Poich\u00e9 la stessa Anna Sutter \u00e8 originaria di Wil, questa nuova opera ha, in un certo senso, un doppio diritto di nascita a San Gallo, dove \u00e8 stata presentata per la prima volta il 6 maggio (ulteriori rappresentazioni fino al 3 giugno). Il libretto di Sulzer racconta gli eventi che hanno portato al delitto, le pressioni di Obrist, il suo licenziamento dal teatro, i flirt di Sutter e infine il delitto stesso - il tutto in dieci scene, circondate da un prologo e un epilogo. Il fatto che la cameriera di Sutter, Pauline, e l'ispettore di polizia Heid siano poi diventati una coppia fa da cornice.\n<\/div>\n<div>\n<h3 class=\"\">Intelligente struttura tonale<\/h3>\n<\/div>\n<div class=\"text-section\">\n<p>La prima opera di Hefti, come egli stesso sottolinea, doveva coprire il triplo del tempo musicale mai avuto in una singola composizione; e lo ha fatto in modo abile, divertente e chiaro. La sua musica suona trasparente, non \u00e8 frenetica e non spreca la sua polvere troppo presto; al contrario, si sviluppa continuamente nel corso dei novanta minuti verso l'ossessionante conclusione. C'\u00e8 un epilogo strumentale che si costruisce ancora una volta, una \"musica del destino\", come la chiama Hefti. Questo dimostra la sua grande esperienza nel trattare l'apparato orchestrale. Sotto la direzione di Otto Tausk, l'Orchestra Sinfonica di San Gallo intensifica ancora una volta la sua esecuzione.<\/p>\n<p>Ci\u00f2 che Hefti fa nella buca dell'orchestra e il modo in cui utilizza il piccolo coro non per agire, ma per rinforzare l'azione come un commentatore statico, danno al pezzo un forte impatto. Utilizza abilmente anche le percussioni per creare atmosfere, ma anche come continuo per il canto. Nel libretto del programma, Hefti spiega come si sia avvicinato sempre di pi\u00f9 a questo genere durante il suo lavoro di composizione. \"Penso che questo si possa vedere nell'opera. La prima parte consiste in grandi scene in cui le parole hanno molto peso e la trama \u00e8 preparata. Da circa met\u00e0 in poi, alla musica viene dato pi\u00f9 spazio, ai suoni viene permesso di espandersi e respirare\".\n<\/p><\/div>\n<div>\n<h3 class=\"\">Mancanza di potenza vocale<\/h3>\n<\/div>\n<div class=\"text-section\">\n<p>Questo \u00e8 il punto di forza del nuovo brano, ma allo stesso tempo ne evidenzia anche le debolezze. La voce, il canto\/declamazione, il recitar cantando, che dovrebbero portare alla tensione emotiva del linguaggio, rimangono troppo poco caratteristici. Sotto questo aspetto, l'opera appare relativamente piatta. Ci si accorge quando Obrist (Daniel Brenna) si slancia in cantilene quasi pucciniane e kitsch, ci si accorge quando un <em>Carmen<\/em>-Ma questo sembra troppo concettualizzato, non penetrato e vissuto. Per quanto il linguaggio sia chiaro e cantabile, oltre a questo succede troppo poco. Maria Riccarda Wesseling \u00e8 convincente nel ruolo di Anna Sutter, ma mi sarebbe piaciuto che avesse una voce un po' pi\u00f9 da diva, per esempio. In definitiva, l'opera rimane per lunghi tratti troppo realistica o forse anche troppo onesta, non sviluppando a sufficienza i conflitti, l'inquietante e il patetico. Nel complesso, appare troppo dignitoso e sobrio (anche in termini di libretto), come se non volesse toccare l'essenziale. Un accorgimento registico copiato da Thornton Wilder - non usare oggetti di scena (come i fiori) ma solo accennarli - evidenzia questa carenza. Lo spazio scenico a pi\u00f9 piani progettato dalla regista Mirella Weingarten appare freddo nella sua geometria, ma non condensa la situazione - e le voci appaiono altrettanto distanti. A quest'opera manca quindi la qualit\u00e0 operistica, la travolgente \"potenza di emozioni\" (Alexander Kluge) che il materiale ovviamente contiene.<\/p>\n<\/div>\n<div class=\"text-section\">\n<dl class=\"picture media photo large\">\n<dt>\n<figure style=\"width: 554px\" class=\"wp-caption alignnone\"><img loading=\"lazy\" decoding=\"async\" class=\"media photo large\" src=\"https:\/\/www.musikzeitung.ch\/wp-content\/uploads\/2023\/01\/am1-3.jpg\" alt=\"Image \" width=\"554\" height=\"369\" \/><figcaption class=\"wp-caption-text\">Maria Riccarda Wesseling, Beate Vollack, Daniel Brenna. Foto: Iko Freese (Teatro di San Gallo)<\/figcaption><\/figure><\/dt>\n<dd class=\"longdesc\"><\/dd>\n<\/dl>\n<\/div>","protected":false},"excerpt":{"rendered":"<p><strong>Dal 6 maggio il Teatro di San Gallo presenta la prima opera di David Philip Hefti \"Anna's Mask\". La musica e la messa in scena realizzano il materiale drammatico in modo distanziato.<\/strong><\/p>","protected":false},"author":1,"featured_media":8759,"comment_status":"closed","ping_status":"closed","sticky":false,"template":"","format":"standard","meta":{"_acf_changed":false,"_relevanssi_hide_post":"","_relevanssi_hide_content":"","_relevanssi_pin_for_all":"","_relevanssi_pin_keywords":"","_relevanssi_unpin_keywords":"","_relevanssi_related_keywords":"","_relevanssi_related_include_ids":"","_relevanssi_related_exclude_ids":"","_relevanssi_related_no_append":"","_relevanssi_related_not_related":"","_relevanssi_related_posts":"","_relevanssi_noindex_reason":"","pgc_sgb_lightbox_settings":"","footnotes":""},"categories":[1531,28],"tags":[4932,2699],"class_list":["post-8758","post","type-post","status-publish","format-standard","has-post-thumbnail","hentry","category-auffuehrungen","category-berichte","tag-david-philip-hefti","tag-theater-st-gallen"],"acf":[],"yoast_head":"<!-- This site is optimized with the Yoast SEO plugin v27.4 - https:\/\/yoast.com\/product\/yoast-seo-wordpress\/ -->\n<title>Mord an einer Diva - Schweizer Musikzeitung<\/title>\n<meta name=\"robots\" content=\"index, follow, max-snippet:-1, max-image-preview:large, max-video-preview:-1\" \/>\n<link rel=\"canonical\" href=\"https:\/\/www.musikzeitung.ch\/it\/berichte\/2017\/05\/mord-an-einer-diva\/\" \/>\n<meta property=\"og:locale\" content=\"it_IT\" \/>\n<meta property=\"og:type\" content=\"article\" \/>\n<meta property=\"og:title\" content=\"Mord an einer Diva - Schweizer Musikzeitung\" \/>\n<meta property=\"og:description\" content=\"Das Theater St. Gallen zeigt seit dem 6. Mai David Philip Heftis erste Oper \u00abAnnas Maske\u00bb. Die Musik und die Inszenierung setzen den dramatischen Stoff distanziert um.\" \/>\n<meta property=\"og:url\" content=\"https:\/\/www.musikzeitung.ch\/it\/berichte\/2017\/05\/mord-an-einer-diva\/\" \/>\n<meta property=\"og:site_name\" content=\"Schweizer Musikzeitung\" \/>\n<meta property=\"article:publisher\" content=\"https:\/\/www.facebook.com\/SchweizerMusikzeitung\/\" \/>\n<meta property=\"article:published_time\" content=\"2017-05-22T23:00:00+00:00\" \/>\n<meta property=\"article:modified_time\" content=\"2025-07-17T10:19:29+00:00\" \/>\n<meta property=\"og:image\" content=\"https:\/\/www.musikzeitung.ch\/wp-content\/uploads\/2023\/01\/am2-3.jpg\" \/>\n\t<meta property=\"og:image:width\" content=\"554\" \/>\n\t<meta property=\"og:image:height\" content=\"369\" \/>\n\t<meta property=\"og:image:type\" content=\"image\/jpeg\" \/>\n<meta name=\"author\" content=\"Musikzeitung-Redaktion\" \/>\n<meta name=\"twitter:card\" content=\"summary_large_image\" \/>\n<meta name=\"twitter:creator\" content=\"@smusikzeitung\" \/>\n<meta name=\"twitter:site\" content=\"@smusikzeitung\" \/>\n<meta name=\"twitter:label1\" content=\"Scritto da\" \/>\n\t<meta name=\"twitter:data1\" content=\"Musikzeitung-Redaktion\" \/>\n\t<meta name=\"twitter:label2\" content=\"Tempo di lettura stimato\" \/>\n\t<meta name=\"twitter:data2\" content=\"5 minuti\" \/>\n<script type=\"application\/ld+json\" class=\"yoast-schema-graph\">{\"@context\":\"https:\\\/\\\/schema.org\",\"@graph\":[{\"@type\":\"Article\",\"@id\":\"https:\\\/\\\/www.musikzeitung.ch\\\/berichte\\\/2017\\\/05\\\/mord-an-einer-diva#article\",\"isPartOf\":{\"@id\":\"https:\\\/\\\/www.musikzeitung.ch\\\/berichte\\\/2017\\\/05\\\/mord-an-einer-diva\"},\"author\":{\"name\":\"Musikzeitung-Redaktion\",\"@id\":\"https:\\\/\\\/www.musikzeitung.ch\\\/#\\\/schema\\\/person\\\/b2fd892c800856270b9dcc6001265712\"},\"headline\":\"Mord an einer Diva\",\"datePublished\":\"2017-05-22T23:00:00+00:00\",\"dateModified\":\"2025-07-17T10:19:29+00:00\",\"mainEntityOfPage\":{\"@id\":\"https:\\\/\\\/www.musikzeitung.ch\\\/berichte\\\/2017\\\/05\\\/mord-an-einer-diva\"},\"wordCount\":799,\"publisher\":{\"@id\":\"https:\\\/\\\/www.musikzeitung.ch\\\/#organization\"},\"image\":{\"@id\":\"https:\\\/\\\/www.musikzeitung.ch\\\/berichte\\\/2017\\\/05\\\/mord-an-einer-diva#primaryimage\"},\"thumbnailUrl\":\"https:\\\/\\\/www.musikzeitung.ch\\\/wp-content\\\/uploads\\\/2023\\\/01\\\/am2-3.jpg\",\"keywords\":[\"David Philip Hefti\",\"Theater St. Gallen\"],\"articleSection\":[\"Auff\u00fchrungen\",\"Berichte\"],\"inLanguage\":\"it-IT\"},{\"@type\":\"WebPage\",\"@id\":\"https:\\\/\\\/www.musikzeitung.ch\\\/berichte\\\/2017\\\/05\\\/mord-an-einer-diva\",\"url\":\"https:\\\/\\\/www.musikzeitung.ch\\\/berichte\\\/2017\\\/05\\\/mord-an-einer-diva\",\"name\":\"Mord an einer Diva - Schweizer Musikzeitung\",\"isPartOf\":{\"@id\":\"https:\\\/\\\/www.musikzeitung.ch\\\/#website\"},\"primaryImageOfPage\":{\"@id\":\"https:\\\/\\\/www.musikzeitung.ch\\\/berichte\\\/2017\\\/05\\\/mord-an-einer-diva#primaryimage\"},\"image\":{\"@id\":\"https:\\\/\\\/www.musikzeitung.ch\\\/berichte\\\/2017\\\/05\\\/mord-an-einer-diva#primaryimage\"},\"thumbnailUrl\":\"https:\\\/\\\/www.musikzeitung.ch\\\/wp-content\\\/uploads\\\/2023\\\/01\\\/am2-3.jpg\",\"datePublished\":\"2017-05-22T23:00:00+00:00\",\"dateModified\":\"2025-07-17T10:19:29+00:00\",\"breadcrumb\":{\"@id\":\"https:\\\/\\\/www.musikzeitung.ch\\\/berichte\\\/2017\\\/05\\\/mord-an-einer-diva#breadcrumb\"},\"inLanguage\":\"it-IT\",\"potentialAction\":[{\"@type\":\"ReadAction\",\"target\":[\"https:\\\/\\\/www.musikzeitung.ch\\\/berichte\\\/2017\\\/05\\\/mord-an-einer-diva\"]}]},{\"@type\":\"ImageObject\",\"inLanguage\":\"it-IT\",\"@id\":\"https:\\\/\\\/www.musikzeitung.ch\\\/berichte\\\/2017\\\/05\\\/mord-an-einer-diva#primaryimage\",\"url\":\"https:\\\/\\\/www.musikzeitung.ch\\\/wp-content\\\/uploads\\\/2023\\\/01\\\/am2-3.jpg\",\"contentUrl\":\"https:\\\/\\\/www.musikzeitung.ch\\\/wp-content\\\/uploads\\\/2023\\\/01\\\/am2-3.jpg\",\"width\":554,\"height\":369},{\"@type\":\"BreadcrumbList\",\"@id\":\"https:\\\/\\\/www.musikzeitung.ch\\\/berichte\\\/2017\\\/05\\\/mord-an-einer-diva#breadcrumb\",\"itemListElement\":[{\"@type\":\"ListItem\",\"position\":1,\"name\":\"Home\",\"item\":\"https:\\\/\\\/www.musikzeitung.ch\\\/\"},{\"@type\":\"ListItem\",\"position\":2,\"name\":\"Mord an einer Diva\"}]},{\"@type\":\"WebSite\",\"@id\":\"https:\\\/\\\/www.musikzeitung.ch\\\/#website\",\"url\":\"https:\\\/\\\/www.musikzeitung.ch\\\/\",\"name\":\"Schweizer Musikzeitung\",\"description\":\"Die f\u00fchrende sparten\u00fcbergreifende Monatszeitung in der Schweiz f\u00fcr musikalische Fragen.\",\"publisher\":{\"@id\":\"https:\\\/\\\/www.musikzeitung.ch\\\/#organization\"},\"potentialAction\":[{\"@type\":\"SearchAction\",\"target\":{\"@type\":\"EntryPoint\",\"urlTemplate\":\"https:\\\/\\\/www.musikzeitung.ch\\\/?s={search_term_string}\"},\"query-input\":{\"@type\":\"PropertyValueSpecification\",\"valueRequired\":true,\"valueName\":\"search_term_string\"}}],\"inLanguage\":\"it-IT\"},{\"@type\":\"Organization\",\"@id\":\"https:\\\/\\\/www.musikzeitung.ch\\\/#organization\",\"name\":\"Schweizer Musikzeitung\",\"url\":\"https:\\\/\\\/www.musikzeitung.ch\\\/\",\"logo\":{\"@type\":\"ImageObject\",\"inLanguage\":\"it-IT\",\"@id\":\"https:\\\/\\\/www.musikzeitung.ch\\\/#\\\/schema\\\/logo\\\/image\\\/\",\"url\":\"https:\\\/\\\/www.musikzeitung.ch\\\/wp-content\\\/uploads\\\/2023\\\/01\\\/SMZ_Schriftzug_Sprache.png\",\"contentUrl\":\"https:\\\/\\\/www.musikzeitung.ch\\\/wp-content\\\/uploads\\\/2023\\\/01\\\/SMZ_Schriftzug_Sprache.png\",\"width\":1400,\"height\":279,\"caption\":\"Schweizer Musikzeitung\"},\"image\":{\"@id\":\"https:\\\/\\\/www.musikzeitung.ch\\\/#\\\/schema\\\/logo\\\/image\\\/\"},\"sameAs\":[\"https:\\\/\\\/www.facebook.com\\\/SchweizerMusikzeitung\\\/\",\"https:\\\/\\\/x.com\\\/smusikzeitung\",\"https:\\\/\\\/www.instagram.com\\\/musikzeitung.ch\\\/\"]},{\"@type\":\"Person\",\"@id\":\"https:\\\/\\\/www.musikzeitung.ch\\\/#\\\/schema\\\/person\\\/b2fd892c800856270b9dcc6001265712\",\"name\":\"Musikzeitung-Redaktion\",\"image\":{\"@type\":\"ImageObject\",\"inLanguage\":\"it-IT\",\"@id\":\"https:\\\/\\\/www.musikzeitung.ch\\\/wp-content\\\/uploads\\\/2022\\\/05\\\/usericon_musikzeitung-96x96.jpg\",\"url\":\"https:\\\/\\\/www.musikzeitung.ch\\\/wp-content\\\/uploads\\\/2022\\\/05\\\/usericon_musikzeitung-96x96.jpg\",\"contentUrl\":\"https:\\\/\\\/www.musikzeitung.ch\\\/wp-content\\\/uploads\\\/2022\\\/05\\\/usericon_musikzeitung-96x96.jpg\",\"caption\":\"Musikzeitung-Redaktion\"},\"url\":\"https:\\\/\\\/www.musikzeitung.ch\\\/it\\\/author\\\/admin\"}]}<\/script>\n<!-- \/ Yoast SEO plugin. -->","yoast_head_json":{"title":"Assassinio di una diva - Schweizer Musikzeitung","robots":{"index":"index","follow":"follow","max-snippet":"max-snippet:-1","max-image-preview":"max-image-preview:large","max-video-preview":"max-video-preview:-1"},"canonical":"https:\/\/www.musikzeitung.ch\/it\/berichte\/2017\/05\/mord-an-einer-diva\/","og_locale":"it_IT","og_type":"article","og_title":"Mord an einer Diva - Schweizer Musikzeitung","og_description":"Das Theater St. Gallen zeigt seit dem 6. Mai David Philip Heftis erste Oper \u00abAnnas Maske\u00bb. Die Musik und die Inszenierung setzen den dramatischen Stoff distanziert um.","og_url":"https:\/\/www.musikzeitung.ch\/it\/berichte\/2017\/05\/mord-an-einer-diva\/","og_site_name":"Schweizer Musikzeitung","article_publisher":"https:\/\/www.facebook.com\/SchweizerMusikzeitung\/","article_published_time":"2017-05-22T23:00:00+00:00","article_modified_time":"2025-07-17T10:19:29+00:00","og_image":[{"width":554,"height":369,"url":"https:\/\/www.musikzeitung.ch\/wp-content\/uploads\/2023\/01\/am2-3.jpg","type":"image\/jpeg"}],"author":"Musikzeitung-Redaktion","twitter_card":"summary_large_image","twitter_creator":"@smusikzeitung","twitter_site":"@smusikzeitung","twitter_misc":{"Scritto da":"Musikzeitung-Redaktion","Tempo di lettura stimato":"5 minuti"},"schema":{"@context":"https:\/\/schema.org","@graph":[{"@type":"Article","@id":"https:\/\/www.musikzeitung.ch\/berichte\/2017\/05\/mord-an-einer-diva#article","isPartOf":{"@id":"https:\/\/www.musikzeitung.ch\/berichte\/2017\/05\/mord-an-einer-diva"},"author":{"name":"Musikzeitung-Redaktion","@id":"https:\/\/www.musikzeitung.ch\/#\/schema\/person\/b2fd892c800856270b9dcc6001265712"},"headline":"Mord an einer Diva","datePublished":"2017-05-22T23:00:00+00:00","dateModified":"2025-07-17T10:19:29+00:00","mainEntityOfPage":{"@id":"https:\/\/www.musikzeitung.ch\/berichte\/2017\/05\/mord-an-einer-diva"},"wordCount":799,"publisher":{"@id":"https:\/\/www.musikzeitung.ch\/#organization"},"image":{"@id":"https:\/\/www.musikzeitung.ch\/berichte\/2017\/05\/mord-an-einer-diva#primaryimage"},"thumbnailUrl":"https:\/\/www.musikzeitung.ch\/wp-content\/uploads\/2023\/01\/am2-3.jpg","keywords":["David Philip Hefti","Theater St. Gallen"],"articleSection":["Auff\u00fchrungen","Berichte"],"inLanguage":"it-IT"},{"@type":"WebPage","@id":"https:\/\/www.musikzeitung.ch\/berichte\/2017\/05\/mord-an-einer-diva","url":"https:\/\/www.musikzeitung.ch\/berichte\/2017\/05\/mord-an-einer-diva","name":"Assassinio di una diva - Schweizer Musikzeitung","isPartOf":{"@id":"https:\/\/www.musikzeitung.ch\/#website"},"primaryImageOfPage":{"@id":"https:\/\/www.musikzeitung.ch\/berichte\/2017\/05\/mord-an-einer-diva#primaryimage"},"image":{"@id":"https:\/\/www.musikzeitung.ch\/berichte\/2017\/05\/mord-an-einer-diva#primaryimage"},"thumbnailUrl":"https:\/\/www.musikzeitung.ch\/wp-content\/uploads\/2023\/01\/am2-3.jpg","datePublished":"2017-05-22T23:00:00+00:00","dateModified":"2025-07-17T10:19:29+00:00","breadcrumb":{"@id":"https:\/\/www.musikzeitung.ch\/berichte\/2017\/05\/mord-an-einer-diva#breadcrumb"},"inLanguage":"it-IT","potentialAction":[{"@type":"ReadAction","target":["https:\/\/www.musikzeitung.ch\/berichte\/2017\/05\/mord-an-einer-diva"]}]},{"@type":"ImageObject","inLanguage":"it-IT","@id":"https:\/\/www.musikzeitung.ch\/berichte\/2017\/05\/mord-an-einer-diva#primaryimage","url":"https:\/\/www.musikzeitung.ch\/wp-content\/uploads\/2023\/01\/am2-3.jpg","contentUrl":"https:\/\/www.musikzeitung.ch\/wp-content\/uploads\/2023\/01\/am2-3.jpg","width":554,"height":369},{"@type":"BreadcrumbList","@id":"https:\/\/www.musikzeitung.ch\/berichte\/2017\/05\/mord-an-einer-diva#breadcrumb","itemListElement":[{"@type":"ListItem","position":1,"name":"Home","item":"https:\/\/www.musikzeitung.ch\/"},{"@type":"ListItem","position":2,"name":"Mord an einer Diva"}]},{"@type":"WebSite","@id":"https:\/\/www.musikzeitung.ch\/#website","url":"https:\/\/www.musikzeitung.ch\/","name":"Giornale musicale svizzero","description":"Il principale mensile interdisciplinare della Svizzera per le questioni musicali.","publisher":{"@id":"https:\/\/www.musikzeitung.ch\/#organization"},"potentialAction":[{"@type":"SearchAction","target":{"@type":"EntryPoint","urlTemplate":"https:\/\/www.musikzeitung.ch\/?s={search_term_string}"},"query-input":{"@type":"PropertyValueSpecification","valueRequired":true,"valueName":"search_term_string"}}],"inLanguage":"it-IT"},{"@type":"Organization","@id":"https:\/\/www.musikzeitung.ch\/#organization","name":"Giornale musicale svizzero","url":"https:\/\/www.musikzeitung.ch\/","logo":{"@type":"ImageObject","inLanguage":"it-IT","@id":"https:\/\/www.musikzeitung.ch\/#\/schema\/logo\/image\/","url":"https:\/\/www.musikzeitung.ch\/wp-content\/uploads\/2023\/01\/SMZ_Schriftzug_Sprache.png","contentUrl":"https:\/\/www.musikzeitung.ch\/wp-content\/uploads\/2023\/01\/SMZ_Schriftzug_Sprache.png","width":1400,"height":279,"caption":"Schweizer Musikzeitung"},"image":{"@id":"https:\/\/www.musikzeitung.ch\/#\/schema\/logo\/image\/"},"sameAs":["https:\/\/www.facebook.com\/SchweizerMusikzeitung\/","https:\/\/x.com\/smusikzeitung","https:\/\/www.instagram.com\/musikzeitung.ch\/"]},{"@type":"Person","@id":"https:\/\/www.musikzeitung.ch\/#\/schema\/person\/b2fd892c800856270b9dcc6001265712","name":"Redazione Musikzeitung","image":{"@type":"ImageObject","inLanguage":"it-IT","@id":"https:\/\/www.musikzeitung.ch\/wp-content\/uploads\/2022\/05\/usericon_musikzeitung-96x96.jpg","url":"https:\/\/www.musikzeitung.ch\/wp-content\/uploads\/2022\/05\/usericon_musikzeitung-96x96.jpg","contentUrl":"https:\/\/www.musikzeitung.ch\/wp-content\/uploads\/2022\/05\/usericon_musikzeitung-96x96.jpg","caption":"Musikzeitung-Redaktion"},"url":"https:\/\/www.musikzeitung.ch\/it\/author\/admin"}]}},"publishpress_future_workflow_manual_trigger":{"enabledWorkflows":[]},"_links":{"self":[{"href":"https:\/\/www.musikzeitung.ch\/it\/wp-json\/wp\/v2\/posts\/8758","targetHints":{"allow":["GET"]}}],"collection":[{"href":"https:\/\/www.musikzeitung.ch\/it\/wp-json\/wp\/v2\/posts"}],"about":[{"href":"https:\/\/www.musikzeitung.ch\/it\/wp-json\/wp\/v2\/types\/post"}],"author":[{"embeddable":true,"href":"https:\/\/www.musikzeitung.ch\/it\/wp-json\/wp\/v2\/users\/1"}],"replies":[{"embeddable":true,"href":"https:\/\/www.musikzeitung.ch\/it\/wp-json\/wp\/v2\/comments?post=8758"}],"version-history":[{"count":2,"href":"https:\/\/www.musikzeitung.ch\/it\/wp-json\/wp\/v2\/posts\/8758\/revisions"}],"predecessor-version":[{"id":66464,"href":"https:\/\/www.musikzeitung.ch\/it\/wp-json\/wp\/v2\/posts\/8758\/revisions\/66464"}],"wp:featuredmedia":[{"embeddable":true,"href":"https:\/\/www.musikzeitung.ch\/it\/wp-json\/wp\/v2\/media\/8759"}],"wp:attachment":[{"href":"https:\/\/www.musikzeitung.ch\/it\/wp-json\/wp\/v2\/media?parent=8758"}],"wp:term":[{"taxonomy":"category","embeddable":true,"href":"https:\/\/www.musikzeitung.ch\/it\/wp-json\/wp\/v2\/categories?post=8758"},{"taxonomy":"post_tag","embeddable":true,"href":"https:\/\/www.musikzeitung.ch\/it\/wp-json\/wp\/v2\/tags?post=8758"}],"curies":[{"name":"wp","href":"https:\/\/api.w.org\/{rel}","templated":true}]}}