{"id":8895,"date":"2014-09-03T00:00:00","date_gmt":"2014-09-02T23:00:00","guid":{"rendered":"https:\/\/www.musikzeitung.ch\/allgemein\/ein-gluecksfall-der-schweizer-festivalkultur\/"},"modified":"2025-08-06T17:19:40","modified_gmt":"2025-08-06T15:19:40","slug":"ein-gluecksfall-der-schweizer-festivalkultur","status":"publish","type":"post","link":"https:\/\/www.musikzeitung.ch\/it\/berichte\/2014\/09\/ein-gluecksfall-der-schweizer-festivalkultur","title":{"rendered":"Un colpo di fortuna per la cultura svizzera dei festival"},"content":{"rendered":"<figure style=\"width: 554px\" class=\"wp-caption alignnone\"><img loading=\"lazy\" decoding=\"async\" src=\"https:\/\/www.musikzeitung.ch\/wp-content\/uploads\/2023\/01\/fi-2.jpg\" alt=\"\" width=\"554\" height=\"453\" \/><figcaption class=\"wp-caption-text\">I Nordic Voices hanno impressionato con le loro bellissime voci. Foto: zVg<\/figcaption><\/figure>\n<div class=\"text-section\">\n<p>Esistono ancora festival di musica classica con un programma coerente, prove tangibili sul posto e un legame con la regione e lo spazio di esecuzione? Nell'odierna euforia festivaliera, orientata pi\u00f9 al richiamo delle masse che a tali criteri o processi artistici, la domanda \u00e8 giustificata. Spesso ci vengono serviti programmi standardizzati che mascherano la mancanza di un concetto artistico con i loro nomi altisonanti.<\/p>\n<p>Tuttavia, ci sono festival di musica classica che trasmettono vitalit\u00e0 attraverso una limitazione tematica e una programmazione competente. Oltre al Festival di Friburgo, si possono citare lo Zurich Early Music Forum e il Basel Early Music Festival. Quest'ultimo organizza vari eventi durante l'anno oltre al festival. Mentre il festival di Zurigo copre un'ampia gamma stilistica con musica che va dal canto gregoriano al XIX secolo, il festival di Basilea si impegna a promuovere i laureati di Basilea nel campo della musica antica. Concentrandosi sui punti di svolta centrali della musica antica (l'anno scorso il passaggio dalla \"prima pratica\" alla \"seconda pratica\") e su ulteriori simposi tematici, questo festival \u00e8 anche molto stimolante dal punto di vista accademico.<\/p>\n<p>Il Festival International de Musiqes Sacr\u00e9es di Friburgo \u00e8 un colpo di fortuna. Un'apertura quasi popolare gli conferisce un carattere personale. Il programma presenta una musica aperta a diverse epoche e radici religiose, che spesso porta a un'emozione immediata. Profano e sacro, strumentale e vocale, occidentale e orientale si combinano senza sforzo - questo diventa particolarmente impressionante se si assiste a tutti i concerti. Ad esempio, i maqu\u00e2m sufi ricordano le canzoni d'amore napoletane, o il Medioevo andaluso incontra il cattolicesimo barocco.\n<\/p><\/div>\n<div class=\"text-section\">\n<dl class=\"picture media photo pos-2\">\n<dt>\n<figure style=\"width: 180px\" class=\"wp-caption alignnone\"><img loading=\"lazy\" decoding=\"async\" class=\"media photo pos-2\" src=\"https:\/\/www.musikzeitung.ch\/wp-content\/uploads\/2023\/01\/fi2.jpg\" alt=\"Image \" width=\"180\" height=\"277\" \/><figcaption class=\"wp-caption-text\">Paul van Nevel. Foto: zVg<\/figcaption><\/figure><\/dt>\n<dd class=\"caption\"><\/dd>\n<\/dl>\n<\/div>\n<div class=\"text-section\">\n<h3>Spazio ideale per l'architettura vocale<\/h3>\n<p>La 15a Biennale si \u00e8 svolta nella settimana dal 5 al 12 luglio. Con 14 concerti (due concerti al giorno), un atelier di canto gregoriano e un concorso di composizione (il vincitore di quest'anno \u00e8 Takahiro Sakuma con <em>Cintura di asteroidi<\/em>) offre un programma sofisticato, con l'Eglise du Coll\u00e8ge Saint-Michel che fa parte della ricetta segreta. Si potrebbe quasi sentire una piuma cadere nella chiesa barocca perfettamente proporzionata. Ecco quattro concerti per darvi un'idea di questa entusiasmante settimana.<\/p>\n<p>Per quanto riguarda la scelta delle opere, la trasparenza vocale e la qualit\u00e0 vocale, il concerto ha destato una grande impressione. <em>Libro dei cori di Eton<\/em> dell'Ensemble belga Huelgas sotto la direzione di Paul van Nevel mi ha colpito molto. Dalla ricca collezione di queste opere, che sono miracolosamente sopravvissute nell'anglicismo, van Nevel seleziona ambientazioni di testi da cinque a nove parti dedicate alla Madre di Dio. La ricchezza armonica delle opere di Sutton, Horewud, Sturton, Browne e Wylkynson \u00e8 incredibile. Che discrepanza tra questa musica delicata e gli intrighi di Enrico VIII! L'ensemble Huelgas fa luce sull'architettura delle opere e mostra come la partitura allunghi il quadro convenzionale, come le imitazioni vocali si infrangano come onde in armonie audaci, e anche come le frasi finali si dissolvano quasi politonalmente e la registrazione serpeggiante assuma una vita propria. Mentre nell'opera di Johannes Sutton <em>Saluto Regina<\/em> il dramma si acuisce fino alla fine e nelle ultime battute le voci scivolano in una tensione quasi lacerante, il sublime flusso sonoro di Edmundus Sturton in <em>Gaude Virgo Mater<\/em> qualsiasi senso del tempo. Una musica che conduce melodicamente e armonicamente agli estremi, pur rimanendo fedele alla pulsazione costante, un flusso simile al vapore. Nel libro di Johannes Browne <em>Stabat mater dolorosa<\/em> dinamiche e l'impulsivit\u00e0 ritmica vengono alla ribalta. Le ramificazioni melismatiche quasi straripanti sono cantate con facilit\u00e0 dall'ensemble Huelgas, anche negli acuti estremi. Il rilievo delle voci sottolinea la profondit\u00e0 contrappuntistica di questi canti mariani.\n<\/div>\n<div class=\"text-section\">\n<h3>Cattolicesimo, sufismo e folklore<\/h3>\n<p>Le esplorazioni della piet\u00e0 pugliese di Pino de Vittorio sembrano quasi ingenue rispetto a questa complessa polifonia, ma come contrasto barocco sono rinfrescanti. Soprattutto nelle canzoni e nelle danze anonime, in cui si accompagna alla chitarra, Pino de Vittorio dimostra vitalit\u00e0 agogica, presenza comunicativa e talento retorico, anche se questo non nasconde le sue debolezze vocali. La sua voce tenorile \u00e8 poco sostenibile e la sua intonazione \u00e8 spesso incerta. Nelle sinfonie di Rocco Greco, invece, Rebecca Ferri (violoncello) e Patrizia Varone (clavicembalo\/organo) sfoggiano perle di sensibilit\u00e0 assortite.<\/p>\n<p>Il concerto dell'ensemble franco-marocchino Al-Adw\u00e2r \u00e8 diviso in due parti, non sempre facili da distinguere a causa della loro struttura improvvisativa. Il concerto inizia con l'omonimo <em>Maq\u00e2m d'amour<\/em>una composizione di A\u00efcha Redouane (voce e q\u00e2nun) e Habib Yammine (voce, riqq e daff), e termina con poesie selezionate della scuola classica Nahda, i cui testi illustrano l'eleganza, l'apertura e la tolleranza della filosofia di vita sufi. Si tratta di una musica eterofonica ed enfatizzata dal ritmo, che trasporta i cambiamenti d'umore dalla malinconia e dalla gioia esuberante alla serenit\u00e0 filosofica attraverso la sua ricchezza di ornamenti arabi. La voce toccante di Redouane rende i versi sulla sintesi degli opposti comprensibili almeno emotivamente nel loro messaggio senza tempo.<\/p>\n<p>Il concerto del sestetto vocale norvegese Nordic Voices \u00e8 un incontro speciale, che combina la polifonia vocale del XVI secolo (Clemens non Papa, Pierre de Manchicourt, Christobal Morales) con varie interpretazioni del mistero natalizio. Il sestetto vocale colpisce per la bellezza delle voci, la vitalit\u00e0 e il senso del gesto musicale. Nella loro elaborata sonorit\u00e0 corale, i brani di Arvo P\u00e4rt <em>Magnificat<\/em> qualsiasi tipo di familiarit\u00e0. La prima mondiale di <em>O Magnum Mysterium<\/em> del compositore svizzero Ren\u00e9 Oberson, un lavoro commissionato dal festival, che costruisce vari elementi di tecnica compositiva in un'armonia dinamica e finemente equilibrata. Henrik \u00d8degaard lavora con elementi folkloristici nella sua versione pi\u00f9 radicale. La composizione, inframmezzata da urla primordiali, canti sopracuti e minimalismo alla Steve Reich, non manca di effetti immediati che trasformano in modo rinfrescante il mistero della nascita di Dio in una rumorosa allegria. Lasse Thoresen <em>Solb\u00f8n<\/em> inizia con il secondo intervallo, scuro e riposante. \u00c8 impressionante come l'ensemble norvegese utilizzi una ricca tavolozza di stati d'animo e tecniche vocali, oscillando per cos\u00ec dire tra voce e strumento. Falsetto, jodel e whooping conferiscono al canto del sole un'intensa radiosit\u00e0.<\/p>\n<p>Tra due anni si terr\u00e0 la 16a edizione del Festival International de Musiqes Sacr\u00e9es. \u00c8 auspicabile che questa biennale, che esiste dal 1986 ed \u00e8 magistralmente diretta da Pierre Tercier, rimanga fedele al suo atteggiamento sicuro di s\u00e9. Essa offre un prezioso forum per il dialogo, la conservazione e il rinnovamento della musica sacra.\n<\/p><\/div>","protected":false},"excerpt":{"rendered":"<p><strong>Il Festival International de Musiques Sacr\u00e9es si \u00e8 svolto per la 15a volta a Friburgo all'inizio di luglio. Il programma prevedeva musiche con radici religiose di epoche e culture diverse. <\/strong><\/p>","protected":false},"author":1,"featured_media":8896,"comment_status":"closed","ping_status":"closed","sticky":false,"template":"","format":"standard","meta":{"_acf_changed":false,"_relevanssi_hide_post":"","_relevanssi_hide_content":"","_relevanssi_pin_for_all":"","_relevanssi_pin_keywords":"","_relevanssi_unpin_keywords":"","_relevanssi_related_keywords":"","_relevanssi_related_include_ids":"","_relevanssi_related_exclude_ids":"","_relevanssi_related_no_append":"","_relevanssi_related_not_related":"","_relevanssi_related_posts":"","_relevanssi_noindex_reason":"","pgc_sgb_lightbox_settings":"","footnotes":""},"categories":[1531,28],"tags":[5217],"class_list":["post-8895","post","type-post","status-publish","format-standard","has-post-thumbnail","hentry","category-auffuehrungen","category-berichte","tag-festival-international-de-musiques-sacrees"],"acf":[],"yoast_head":"<!-- This site is optimized with the Yoast SEO plugin v27.4 - https:\/\/yoast.com\/product\/yoast-seo-wordpress\/ -->\n<title>Ein Gl\u00fccksfall der Schweizer Festivalkultur - Schweizer Musikzeitung<\/title>\n<meta name=\"description\" content=\"Das Festival International de Musiques Sacr\u00e9es fand Anfang Juli zum 15. Mal in Fribourg statt.\" \/>\n<meta name=\"robots\" content=\"index, follow, max-snippet:-1, max-image-preview:large, max-video-preview:-1\" \/>\n<link rel=\"canonical\" href=\"https:\/\/www.musikzeitung.ch\/it\/berichte\/2014\/09\/ein-gluecksfall-der-schweizer-festivalkultur\/\" \/>\n<meta property=\"og:locale\" content=\"it_IT\" \/>\n<meta property=\"og:type\" content=\"article\" \/>\n<meta property=\"og:title\" content=\"Ein Gl\u00fccksfall der Schweizer Festivalkultur - Schweizer Musikzeitung\" \/>\n<meta property=\"og:description\" content=\"Das Festival International de Musiques Sacr\u00e9es fand Anfang Juli zum 15. Mal in Fribourg statt.\" \/>\n<meta property=\"og:url\" content=\"https:\/\/www.musikzeitung.ch\/it\/berichte\/2014\/09\/ein-gluecksfall-der-schweizer-festivalkultur\/\" \/>\n<meta property=\"og:site_name\" content=\"Schweizer Musikzeitung\" \/>\n<meta property=\"article:publisher\" content=\"https:\/\/www.facebook.com\/SchweizerMusikzeitung\/\" \/>\n<meta property=\"article:published_time\" content=\"2014-09-02T23:00:00+00:00\" \/>\n<meta property=\"article:modified_time\" content=\"2025-08-06T15:19:40+00:00\" \/>\n<meta property=\"og:image\" content=\"https:\/\/www.musikzeitung.ch\/wp-content\/uploads\/2023\/01\/fi-2.jpg\" \/>\n\t<meta property=\"og:image:width\" content=\"554\" \/>\n\t<meta property=\"og:image:height\" content=\"453\" \/>\n\t<meta property=\"og:image:type\" content=\"image\/jpeg\" \/>\n<meta name=\"author\" content=\"Musikzeitung-Redaktion\" \/>\n<meta name=\"twitter:card\" content=\"summary_large_image\" \/>\n<meta name=\"twitter:creator\" content=\"@smusikzeitung\" \/>\n<meta name=\"twitter:site\" content=\"@smusikzeitung\" \/>\n<meta name=\"twitter:label1\" content=\"Scritto da\" \/>\n\t<meta name=\"twitter:data1\" content=\"Musikzeitung-Redaktion\" \/>\n\t<meta name=\"twitter:label2\" content=\"Tempo di lettura stimato\" \/>\n\t<meta name=\"twitter:data2\" content=\"6 minuti\" \/>\n<script type=\"application\/ld+json\" class=\"yoast-schema-graph\">{\"@context\":\"https:\\\/\\\/schema.org\",\"@graph\":[{\"@type\":\"Article\",\"@id\":\"https:\\\/\\\/www.musikzeitung.ch\\\/berichte\\\/2014\\\/09\\\/ein-gluecksfall-der-schweizer-festivalkultur#article\",\"isPartOf\":{\"@id\":\"https:\\\/\\\/www.musikzeitung.ch\\\/berichte\\\/2014\\\/09\\\/ein-gluecksfall-der-schweizer-festivalkultur\"},\"author\":{\"name\":\"Musikzeitung-Redaktion\",\"@id\":\"https:\\\/\\\/www.musikzeitung.ch\\\/#\\\/schema\\\/person\\\/b2fd892c800856270b9dcc6001265712\"},\"headline\":\"Ein Gl\u00fccksfall der Schweizer Festivalkultur\",\"datePublished\":\"2014-09-02T23:00:00+00:00\",\"dateModified\":\"2025-08-06T15:19:40+00:00\",\"mainEntityOfPage\":{\"@id\":\"https:\\\/\\\/www.musikzeitung.ch\\\/berichte\\\/2014\\\/09\\\/ein-gluecksfall-der-schweizer-festivalkultur\"},\"wordCount\":1037,\"publisher\":{\"@id\":\"https:\\\/\\\/www.musikzeitung.ch\\\/#organization\"},\"image\":{\"@id\":\"https:\\\/\\\/www.musikzeitung.ch\\\/berichte\\\/2014\\\/09\\\/ein-gluecksfall-der-schweizer-festivalkultur#primaryimage\"},\"thumbnailUrl\":\"https:\\\/\\\/www.musikzeitung.ch\\\/wp-content\\\/uploads\\\/2023\\\/01\\\/fi-2.jpg\",\"keywords\":[\"Festival International de Musiques Sacr\u00e9es\"],\"articleSection\":[\"Auff\u00fchrungen\",\"Berichte\"],\"inLanguage\":\"it-IT\"},{\"@type\":\"WebPage\",\"@id\":\"https:\\\/\\\/www.musikzeitung.ch\\\/berichte\\\/2014\\\/09\\\/ein-gluecksfall-der-schweizer-festivalkultur\",\"url\":\"https:\\\/\\\/www.musikzeitung.ch\\\/berichte\\\/2014\\\/09\\\/ein-gluecksfall-der-schweizer-festivalkultur\",\"name\":\"Ein Gl\u00fccksfall der Schweizer Festivalkultur - Schweizer Musikzeitung\",\"isPartOf\":{\"@id\":\"https:\\\/\\\/www.musikzeitung.ch\\\/#website\"},\"primaryImageOfPage\":{\"@id\":\"https:\\\/\\\/www.musikzeitung.ch\\\/berichte\\\/2014\\\/09\\\/ein-gluecksfall-der-schweizer-festivalkultur#primaryimage\"},\"image\":{\"@id\":\"https:\\\/\\\/www.musikzeitung.ch\\\/berichte\\\/2014\\\/09\\\/ein-gluecksfall-der-schweizer-festivalkultur#primaryimage\"},\"thumbnailUrl\":\"https:\\\/\\\/www.musikzeitung.ch\\\/wp-content\\\/uploads\\\/2023\\\/01\\\/fi-2.jpg\",\"datePublished\":\"2014-09-02T23:00:00+00:00\",\"dateModified\":\"2025-08-06T15:19:40+00:00\",\"description\":\"Das Festival International de Musiques Sacr\u00e9es fand Anfang Juli zum 15. Mal in Fribourg statt.\",\"breadcrumb\":{\"@id\":\"https:\\\/\\\/www.musikzeitung.ch\\\/berichte\\\/2014\\\/09\\\/ein-gluecksfall-der-schweizer-festivalkultur#breadcrumb\"},\"inLanguage\":\"it-IT\",\"potentialAction\":[{\"@type\":\"ReadAction\",\"target\":[\"https:\\\/\\\/www.musikzeitung.ch\\\/berichte\\\/2014\\\/09\\\/ein-gluecksfall-der-schweizer-festivalkultur\"]}]},{\"@type\":\"ImageObject\",\"inLanguage\":\"it-IT\",\"@id\":\"https:\\\/\\\/www.musikzeitung.ch\\\/berichte\\\/2014\\\/09\\\/ein-gluecksfall-der-schweizer-festivalkultur#primaryimage\",\"url\":\"https:\\\/\\\/www.musikzeitung.ch\\\/wp-content\\\/uploads\\\/2023\\\/01\\\/fi-2.jpg\",\"contentUrl\":\"https:\\\/\\\/www.musikzeitung.ch\\\/wp-content\\\/uploads\\\/2023\\\/01\\\/fi-2.jpg\",\"width\":554,\"height\":453},{\"@type\":\"BreadcrumbList\",\"@id\":\"https:\\\/\\\/www.musikzeitung.ch\\\/berichte\\\/2014\\\/09\\\/ein-gluecksfall-der-schweizer-festivalkultur#breadcrumb\",\"itemListElement\":[{\"@type\":\"ListItem\",\"position\":1,\"name\":\"Home\",\"item\":\"https:\\\/\\\/www.musikzeitung.ch\\\/\"},{\"@type\":\"ListItem\",\"position\":2,\"name\":\"Ein Gl\u00fccksfall der Schweizer Festivalkultur\"}]},{\"@type\":\"WebSite\",\"@id\":\"https:\\\/\\\/www.musikzeitung.ch\\\/#website\",\"url\":\"https:\\\/\\\/www.musikzeitung.ch\\\/\",\"name\":\"Schweizer Musikzeitung\",\"description\":\"Die f\u00fchrende sparten\u00fcbergreifende Monatszeitung in der Schweiz f\u00fcr musikalische Fragen.\",\"publisher\":{\"@id\":\"https:\\\/\\\/www.musikzeitung.ch\\\/#organization\"},\"potentialAction\":[{\"@type\":\"SearchAction\",\"target\":{\"@type\":\"EntryPoint\",\"urlTemplate\":\"https:\\\/\\\/www.musikzeitung.ch\\\/?s={search_term_string}\"},\"query-input\":{\"@type\":\"PropertyValueSpecification\",\"valueRequired\":true,\"valueName\":\"search_term_string\"}}],\"inLanguage\":\"it-IT\"},{\"@type\":\"Organization\",\"@id\":\"https:\\\/\\\/www.musikzeitung.ch\\\/#organization\",\"name\":\"Schweizer Musikzeitung\",\"url\":\"https:\\\/\\\/www.musikzeitung.ch\\\/\",\"logo\":{\"@type\":\"ImageObject\",\"inLanguage\":\"it-IT\",\"@id\":\"https:\\\/\\\/www.musikzeitung.ch\\\/#\\\/schema\\\/logo\\\/image\\\/\",\"url\":\"https:\\\/\\\/www.musikzeitung.ch\\\/wp-content\\\/uploads\\\/2023\\\/01\\\/SMZ_Schriftzug_Sprache.png\",\"contentUrl\":\"https:\\\/\\\/www.musikzeitung.ch\\\/wp-content\\\/uploads\\\/2023\\\/01\\\/SMZ_Schriftzug_Sprache.png\",\"width\":1400,\"height\":279,\"caption\":\"Schweizer Musikzeitung\"},\"image\":{\"@id\":\"https:\\\/\\\/www.musikzeitung.ch\\\/#\\\/schema\\\/logo\\\/image\\\/\"},\"sameAs\":[\"https:\\\/\\\/www.facebook.com\\\/SchweizerMusikzeitung\\\/\",\"https:\\\/\\\/x.com\\\/smusikzeitung\",\"https:\\\/\\\/www.instagram.com\\\/musikzeitung.ch\\\/\"]},{\"@type\":\"Person\",\"@id\":\"https:\\\/\\\/www.musikzeitung.ch\\\/#\\\/schema\\\/person\\\/b2fd892c800856270b9dcc6001265712\",\"name\":\"Musikzeitung-Redaktion\",\"image\":{\"@type\":\"ImageObject\",\"inLanguage\":\"it-IT\",\"@id\":\"https:\\\/\\\/www.musikzeitung.ch\\\/wp-content\\\/uploads\\\/2022\\\/05\\\/usericon_musikzeitung-96x96.jpg\",\"url\":\"https:\\\/\\\/www.musikzeitung.ch\\\/wp-content\\\/uploads\\\/2022\\\/05\\\/usericon_musikzeitung-96x96.jpg\",\"contentUrl\":\"https:\\\/\\\/www.musikzeitung.ch\\\/wp-content\\\/uploads\\\/2022\\\/05\\\/usericon_musikzeitung-96x96.jpg\",\"caption\":\"Musikzeitung-Redaktion\"},\"url\":\"https:\\\/\\\/www.musikzeitung.ch\\\/it\\\/author\\\/admin\"}]}<\/script>\n<!-- \/ Yoast SEO plugin. -->","yoast_head_json":{"title":"Un colpo di fortuna per la cultura festivaliera svizzera - Schweizer Musikzeitung","description":"Il Festival International de Musiques Sacr\u00e9es si \u00e8 svolto per la quindicesima volta a Friburgo all'inizio di luglio.","robots":{"index":"index","follow":"follow","max-snippet":"max-snippet:-1","max-image-preview":"max-image-preview:large","max-video-preview":"max-video-preview:-1"},"canonical":"https:\/\/www.musikzeitung.ch\/it\/berichte\/2014\/09\/ein-gluecksfall-der-schweizer-festivalkultur\/","og_locale":"it_IT","og_type":"article","og_title":"Ein Gl\u00fccksfall der Schweizer Festivalkultur - Schweizer Musikzeitung","og_description":"Das Festival International de Musiques Sacr\u00e9es fand Anfang Juli zum 15. Mal in Fribourg statt.","og_url":"https:\/\/www.musikzeitung.ch\/it\/berichte\/2014\/09\/ein-gluecksfall-der-schweizer-festivalkultur\/","og_site_name":"Schweizer Musikzeitung","article_publisher":"https:\/\/www.facebook.com\/SchweizerMusikzeitung\/","article_published_time":"2014-09-02T23:00:00+00:00","article_modified_time":"2025-08-06T15:19:40+00:00","og_image":[{"width":554,"height":453,"url":"https:\/\/www.musikzeitung.ch\/wp-content\/uploads\/2023\/01\/fi-2.jpg","type":"image\/jpeg"}],"author":"Musikzeitung-Redaktion","twitter_card":"summary_large_image","twitter_creator":"@smusikzeitung","twitter_site":"@smusikzeitung","twitter_misc":{"Scritto da":"Musikzeitung-Redaktion","Tempo di lettura stimato":"6 minuti"},"schema":{"@context":"https:\/\/schema.org","@graph":[{"@type":"Article","@id":"https:\/\/www.musikzeitung.ch\/berichte\/2014\/09\/ein-gluecksfall-der-schweizer-festivalkultur#article","isPartOf":{"@id":"https:\/\/www.musikzeitung.ch\/berichte\/2014\/09\/ein-gluecksfall-der-schweizer-festivalkultur"},"author":{"name":"Musikzeitung-Redaktion","@id":"https:\/\/www.musikzeitung.ch\/#\/schema\/person\/b2fd892c800856270b9dcc6001265712"},"headline":"Ein Gl\u00fccksfall der Schweizer Festivalkultur","datePublished":"2014-09-02T23:00:00+00:00","dateModified":"2025-08-06T15:19:40+00:00","mainEntityOfPage":{"@id":"https:\/\/www.musikzeitung.ch\/berichte\/2014\/09\/ein-gluecksfall-der-schweizer-festivalkultur"},"wordCount":1037,"publisher":{"@id":"https:\/\/www.musikzeitung.ch\/#organization"},"image":{"@id":"https:\/\/www.musikzeitung.ch\/berichte\/2014\/09\/ein-gluecksfall-der-schweizer-festivalkultur#primaryimage"},"thumbnailUrl":"https:\/\/www.musikzeitung.ch\/wp-content\/uploads\/2023\/01\/fi-2.jpg","keywords":["Festival International de Musiques Sacr\u00e9es"],"articleSection":["Auff\u00fchrungen","Berichte"],"inLanguage":"it-IT"},{"@type":"WebPage","@id":"https:\/\/www.musikzeitung.ch\/berichte\/2014\/09\/ein-gluecksfall-der-schweizer-festivalkultur","url":"https:\/\/www.musikzeitung.ch\/berichte\/2014\/09\/ein-gluecksfall-der-schweizer-festivalkultur","name":"Un colpo di fortuna per la cultura festivaliera svizzera - Schweizer Musikzeitung","isPartOf":{"@id":"https:\/\/www.musikzeitung.ch\/#website"},"primaryImageOfPage":{"@id":"https:\/\/www.musikzeitung.ch\/berichte\/2014\/09\/ein-gluecksfall-der-schweizer-festivalkultur#primaryimage"},"image":{"@id":"https:\/\/www.musikzeitung.ch\/berichte\/2014\/09\/ein-gluecksfall-der-schweizer-festivalkultur#primaryimage"},"thumbnailUrl":"https:\/\/www.musikzeitung.ch\/wp-content\/uploads\/2023\/01\/fi-2.jpg","datePublished":"2014-09-02T23:00:00+00:00","dateModified":"2025-08-06T15:19:40+00:00","description":"Il Festival International de Musiques Sacr\u00e9es si \u00e8 svolto per la quindicesima volta a Friburgo all'inizio di luglio.","breadcrumb":{"@id":"https:\/\/www.musikzeitung.ch\/berichte\/2014\/09\/ein-gluecksfall-der-schweizer-festivalkultur#breadcrumb"},"inLanguage":"it-IT","potentialAction":[{"@type":"ReadAction","target":["https:\/\/www.musikzeitung.ch\/berichte\/2014\/09\/ein-gluecksfall-der-schweizer-festivalkultur"]}]},{"@type":"ImageObject","inLanguage":"it-IT","@id":"https:\/\/www.musikzeitung.ch\/berichte\/2014\/09\/ein-gluecksfall-der-schweizer-festivalkultur#primaryimage","url":"https:\/\/www.musikzeitung.ch\/wp-content\/uploads\/2023\/01\/fi-2.jpg","contentUrl":"https:\/\/www.musikzeitung.ch\/wp-content\/uploads\/2023\/01\/fi-2.jpg","width":554,"height":453},{"@type":"BreadcrumbList","@id":"https:\/\/www.musikzeitung.ch\/berichte\/2014\/09\/ein-gluecksfall-der-schweizer-festivalkultur#breadcrumb","itemListElement":[{"@type":"ListItem","position":1,"name":"Home","item":"https:\/\/www.musikzeitung.ch\/"},{"@type":"ListItem","position":2,"name":"Ein Gl\u00fccksfall der Schweizer Festivalkultur"}]},{"@type":"WebSite","@id":"https:\/\/www.musikzeitung.ch\/#website","url":"https:\/\/www.musikzeitung.ch\/","name":"Giornale musicale svizzero","description":"Il principale mensile interdisciplinare della Svizzera per le questioni musicali.","publisher":{"@id":"https:\/\/www.musikzeitung.ch\/#organization"},"potentialAction":[{"@type":"SearchAction","target":{"@type":"EntryPoint","urlTemplate":"https:\/\/www.musikzeitung.ch\/?s={search_term_string}"},"query-input":{"@type":"PropertyValueSpecification","valueRequired":true,"valueName":"search_term_string"}}],"inLanguage":"it-IT"},{"@type":"Organization","@id":"https:\/\/www.musikzeitung.ch\/#organization","name":"Giornale musicale svizzero","url":"https:\/\/www.musikzeitung.ch\/","logo":{"@type":"ImageObject","inLanguage":"it-IT","@id":"https:\/\/www.musikzeitung.ch\/#\/schema\/logo\/image\/","url":"https:\/\/www.musikzeitung.ch\/wp-content\/uploads\/2023\/01\/SMZ_Schriftzug_Sprache.png","contentUrl":"https:\/\/www.musikzeitung.ch\/wp-content\/uploads\/2023\/01\/SMZ_Schriftzug_Sprache.png","width":1400,"height":279,"caption":"Schweizer Musikzeitung"},"image":{"@id":"https:\/\/www.musikzeitung.ch\/#\/schema\/logo\/image\/"},"sameAs":["https:\/\/www.facebook.com\/SchweizerMusikzeitung\/","https:\/\/x.com\/smusikzeitung","https:\/\/www.instagram.com\/musikzeitung.ch\/"]},{"@type":"Person","@id":"https:\/\/www.musikzeitung.ch\/#\/schema\/person\/b2fd892c800856270b9dcc6001265712","name":"Redazione Musikzeitung","image":{"@type":"ImageObject","inLanguage":"it-IT","@id":"https:\/\/www.musikzeitung.ch\/wp-content\/uploads\/2022\/05\/usericon_musikzeitung-96x96.jpg","url":"https:\/\/www.musikzeitung.ch\/wp-content\/uploads\/2022\/05\/usericon_musikzeitung-96x96.jpg","contentUrl":"https:\/\/www.musikzeitung.ch\/wp-content\/uploads\/2022\/05\/usericon_musikzeitung-96x96.jpg","caption":"Musikzeitung-Redaktion"},"url":"https:\/\/www.musikzeitung.ch\/it\/author\/admin"}]}},"publishpress_future_workflow_manual_trigger":{"enabledWorkflows":[]},"_links":{"self":[{"href":"https:\/\/www.musikzeitung.ch\/it\/wp-json\/wp\/v2\/posts\/8895","targetHints":{"allow":["GET"]}}],"collection":[{"href":"https:\/\/www.musikzeitung.ch\/it\/wp-json\/wp\/v2\/posts"}],"about":[{"href":"https:\/\/www.musikzeitung.ch\/it\/wp-json\/wp\/v2\/types\/post"}],"author":[{"embeddable":true,"href":"https:\/\/www.musikzeitung.ch\/it\/wp-json\/wp\/v2\/users\/1"}],"replies":[{"embeddable":true,"href":"https:\/\/www.musikzeitung.ch\/it\/wp-json\/wp\/v2\/comments?post=8895"}],"version-history":[{"count":2,"href":"https:\/\/www.musikzeitung.ch\/it\/wp-json\/wp\/v2\/posts\/8895\/revisions"}],"predecessor-version":[{"id":66737,"href":"https:\/\/www.musikzeitung.ch\/it\/wp-json\/wp\/v2\/posts\/8895\/revisions\/66737"}],"wp:featuredmedia":[{"embeddable":true,"href":"https:\/\/www.musikzeitung.ch\/it\/wp-json\/wp\/v2\/media\/8896"}],"wp:attachment":[{"href":"https:\/\/www.musikzeitung.ch\/it\/wp-json\/wp\/v2\/media?parent=8895"}],"wp:term":[{"taxonomy":"category","embeddable":true,"href":"https:\/\/www.musikzeitung.ch\/it\/wp-json\/wp\/v2\/categories?post=8895"},{"taxonomy":"post_tag","embeddable":true,"href":"https:\/\/www.musikzeitung.ch\/it\/wp-json\/wp\/v2\/tags?post=8895"}],"curies":[{"name":"wp","href":"https:\/\/api.w.org\/{rel}","templated":true}]}}