{"id":8898,"date":"2014-09-03T00:00:00","date_gmt":"2014-09-02T23:00:00","guid":{"rendered":"https:\/\/www.musikzeitung.ch\/allgemein\/glocken-geister-glasharmonika\/"},"modified":"2025-08-06T17:22:35","modified_gmt":"2025-08-06T15:22:35","slug":"glocken-geister-glasharmonika","status":"publish","type":"post","link":"https:\/\/www.musikzeitung.ch\/it\/berichte\/2014\/09\/glocken-geister-glasharmonika","title":{"rendered":"Campane, fantasmi, armonica a bicchieri"},"content":{"rendered":"<figure style=\"width: 554px\" class=\"wp-caption alignnone\"><img loading=\"lazy\" decoding=\"async\" src=\"https:\/\/www.musikzeitung.ch\/wp-content\/uploads\/2023\/01\/sg-7.jpg\" alt=\"\" width=\"554\" height=\"369\" \/><figcaption class=\"wp-caption-text\">I L\u00e4ndler vogliono dire la loro! Muschio della banda Eidg. Foto: \u00a9 Ernst Spycher<\/figcaption><\/figure>\n<div class=\"text-section\">\n<p>Tre anziani signori con l'apparecchio per i denti preparano la sala per le prove musicali. Spingono le pareti e le sedie al loro posto, borbottano tra loro e sistemano gli oggetti di scena. Mentre si muovono, due campanacci suonano come per caso in un accordo comune, uno da destra e uno da sinistra. Ma alla fine, quando il suono delle sedie si trasforma in una musica a tre voci, \u00e8 chiaro che lo spettacolo riguarda la destra e la sinistra. <em>I L\u00e4ndler vogliono dire la loro<\/em> nulla \u00e8 lasciato al caso alla Kapelle Eidgen\u00f6ssisch Moos. Il trio guidato da Ruedi H\u00e4usermann apre il festival Schweizgen\u00f6ssisch - Die Schweiz a Berlino con un'affascinante miscela di teatro musicale, concerto, tour turistico e prova pubblica. Il loro obiettivo non \u00e8 quello di evitare i clich\u00e9. Piuttosto, sembra che i tre musicisti si siano prefissati il compito di costringere tutte, ma proprio tutte le idee su questo tema, anche le pi\u00f9 sciocche, in una sola serata: La musica di L\u00e4ndlerk\u00f6nig Kasi Geisser, testi di Robert Walser, apparizioni di animali, un \"raddoppio del coro\" realizzato con mezzi tecnici, una macchina per lo jodel... I tre si dedicano a tutti i mezzi teatrali con seriet\u00e0 e precisione musicale. Si alternano momenti poetici, sottili, divertenti, concentrati, sovraccarichi e sonicamente densi, che culminano infine in un \"finale conviviale\" con musica popolare svizzera sulle rive della Sprea e sotto il sole della sera: un'apertura davvero piacevole!<\/p>\n<p>La musica del Quartetto Yilian Ca\u00f1izares di Losanna non \u00e8 tanto radicata in Svizzera quanto nel mondo. La cantante e violinista Yilian Ca\u00f1izares, originaria dell'Avana, guida il pubblico attraverso il suo variegato programma in spagnolo, francese e inglese. Ritmi di danza sudamericani e linee jazz all'unisono si alternano a ballate fluttuanti ed esoteriche. La radiosa Ca\u00f1izares in abito bianco muove passi di samba, scuote i suoi riccioli, improvvisa con il violino e la voce allo stesso tempo, sempre sostenuta dal solido suono di base della sua band. Tuttavia, il pianista Daniel Stawinski \u00e8 particolarmente convincente come solista, che per questo momento \u00e8 completamente assorbito dalla musica, si perde in essa e vi porta con s\u00e9 sulle onde del suo pianismo.<\/p>\n<p>L'evento di Claude-Alain Sulzer, invece, lascia piuttosto perplessi. Un programma intitolato <em>Maschera di Anna<\/em> Secondo il programma, \u00e8 previsto un concerto letterario sviluppato appositamente per il festival. Sulzer legger\u00e0 dal suo romanzo omonimo, incentrato sulla vita della cantante svizzera Anna Suttner - e in particolare sulle scandalose circostanze della sua morte. Apprendiamo fin dall'inizio che le hanno sparato. Del suo amante. E che era una famosa attrice di Carmen. Nel mezzo, una prolissa recita delle biografie di tutte le persone coinvolte, in uno stile autocelebrativo e straripante, per lo pi\u00f9 senza una battuta finale, e anche, ancora e ancora e per molto tempo: la musica! Benjamin Nyffenegger al violoncello e Oliver Schnyder al pianoforte suonano in modo virtuoso e sensibile. Ma cosa dovrebbe avere a che fare la Sonata di Rachmaninov con la narrazione non pu\u00f2 essere riconosciuto con la migliore volont\u00e0 del mondo. L'arco di suspense della novella, gi\u00e0 piuttosto sottile, viene allungato su diversi episodi e intermezzi musicali, il che non migliora affatto una narrazione con poche sorprese. Cosa \u00e8 stato sviluppato qui appositamente per il festival?<\/p>\n<p>Anche J\u00fcrg Kienberger, pur essendo un comico, non \u00e8 necessariamente un maestro del tempismo. Il suo programma<em> Io ape, ergo ronzio<\/em>in cui tratta della vita e della morte delle api, inizia con l'apparizione di un intrattenitore solitario alla tastiera. Il travestito Kienberger infiamma il pubblico con schiocchi di cosce alla pari del titolo del suo pezzo - e non si fa certo un favore chiudendo le orecchie del pubblico alle cose pi\u00f9 belle proprio all'inizio. Eppure sono proprio questi i momenti pi\u00f9 belli del suo programma: quando una leggera malinconia, quando una tristezza diventa palpabile: quella delle api, quella di J\u00fcrg Kienberger, e la posizione smarrita su cui sembra essersi sempre trovato chiunque abbia a che fare con il piccolo mondo delle api. Per tutto il tempo sul palcoscenico \u00e8 presente un alveare, da cui si sente un ronzio costante quasi impercettibile. Alla fine \u00e8 caduto il silenzio. \u00c8 commovente e triste quando Kienberger prende l'organo di vetro e canta con voce alta e fragile: \"Cosa vogliamo cantare ora, qui nella solitudine, quando tutti noi ce ne siamo andati, che il nostro canto delizia...\". Il pubblico, desideroso di ridere, non resiste e applaude nel bel mezzo dell'ultima nota fluttuante. \u00c8 un peccato che Kienberger, con la sua drammaturgia sbagliata, abbia tolto il gusto alla sua stessa opera.<\/p>\n<p>Il festival si \u00e8 concluso con il teatro musicale <em>Quando morir\u00f2<\/em> diretto da Thom Luz. Sul palcoscenico, altrimenti vuoto, si trovano diversi strumenti a tastiera: pianoforti, un Wurlitzer, un'armonica a bicchieri. Una donna siede al pianoforte con una tazza di porcellana in cima. Lentamente e con diversi tentativi, spinge la tazza fuori dal bordo in modo che cada con un fragore. Il ticchettio di un orologio si fa sentire. Un quartetto maschile canta canzoni pop inglesi, la donna lo interrompe. Si tratta della vita di Rosemary Brown, che negli anni Sessanta sosteneva di essere una medium e di essere visitata da compositori defunti, in particolare da Franz Liszt. I compositori le dettavano le parti mancanti delle composizioni incompiute. Il palcoscenico diventa un mondo intermedio. Spazio immaginario, piatto, spazio sonoro, sala da concerto, aldil\u00e0, camera della morte. I compositori appaiono, sussurrano, fanno musica e scompaiono di nuovo. Rosemary Brown canta con voce sottile, suona, parla, interrompe. Grandi scatole nere rotolano sul palco come per magia. Tutto \u00e8 oscurato, crepuscolare, avvolto nella nebbia. Gli interpreti appaiono solo come sagome in controluce. E come voci che cantano, parlano e sussurrano.<\/p>\n<p><em>Quando morir\u00f2<\/em> \u00e8 una serata sottilmente organizzata che utilizza tutti i mezzi teatrali, soprattutto la musica, per raccontare una storia che si rivolge all'inconscio. I personaggi e gli eventi rimangono stranamente impalpabili e ambigui, e tutto sembra in qualche modo rimosso. All'uscita si ha la sensazione di aver appena visto un fantasma.\n<\/div>","protected":false},"excerpt":{"rendered":"<p><strong>Il Festival svizzero, dall'1 al 3 agosto, ha presentato produzioni musicali svizzere della Kapelle Eidgen\u00f6ssisch Moos, del Quartetto Yilian Ca\u00f1izares, di Alain Sulzer, J\u00fcrg Kienberger e Thom Luz al Radialsystem di Berlino.<\/strong><\/p>","protected":false},"author":1,"featured_media":8899,"comment_status":"closed","ping_status":"closed","sticky":false,"template":"","format":"standard","meta":{"_acf_changed":false,"_relevanssi_hide_post":"","_relevanssi_hide_content":"","_relevanssi_pin_for_all":"","_relevanssi_pin_keywords":"","_relevanssi_unpin_keywords":"","_relevanssi_related_keywords":"","_relevanssi_related_include_ids":"","_relevanssi_related_exclude_ids":"","_relevanssi_related_no_append":"","_relevanssi_related_not_related":"","_relevanssi_related_posts":"","_relevanssi_noindex_reason":"","pgc_sgb_lightbox_settings":"","footnotes":""},"categories":[1531,28],"tags":[5218],"class_list":["post-8898","post","type-post","status-publish","format-standard","has-post-thumbnail","hentry","category-auffuehrungen","category-berichte","tag-schweizgenoessisch-festival"],"acf":[],"yoast_head":"<!-- This site is optimized with the Yoast SEO plugin v27.4 - https:\/\/yoast.com\/product\/yoast-seo-wordpress\/ -->\n<title>Glocken, Geister, Glasharmonika - Schweizer Musikzeitung<\/title>\n<meta name=\"description\" content=\"Das Schweizgen\u00f6ssisch-Festival vom 1. bis 3. August stellte Schweizer Musikproduktionen im Berliner Radialsystem vor.\" \/>\n<meta name=\"robots\" content=\"index, follow, max-snippet:-1, max-image-preview:large, max-video-preview:-1\" \/>\n<link rel=\"canonical\" href=\"https:\/\/www.musikzeitung.ch\/it\/berichte\/2014\/09\/glocken-geister-glasharmonika\/\" \/>\n<meta property=\"og:locale\" content=\"it_IT\" \/>\n<meta property=\"og:type\" content=\"article\" \/>\n<meta property=\"og:title\" content=\"Glocken, Geister, Glasharmonika - Schweizer Musikzeitung\" \/>\n<meta property=\"og:description\" content=\"Das Schweizgen\u00f6ssisch-Festival vom 1. bis 3. August stellte Schweizer Musikproduktionen im Berliner Radialsystem vor.\" \/>\n<meta property=\"og:url\" content=\"https:\/\/www.musikzeitung.ch\/it\/berichte\/2014\/09\/glocken-geister-glasharmonika\/\" \/>\n<meta property=\"og:site_name\" content=\"Schweizer Musikzeitung\" \/>\n<meta property=\"article:publisher\" content=\"https:\/\/www.facebook.com\/SchweizerMusikzeitung\/\" \/>\n<meta property=\"article:published_time\" content=\"2014-09-02T23:00:00+00:00\" \/>\n<meta property=\"article:modified_time\" content=\"2025-08-06T15:22:35+00:00\" \/>\n<meta property=\"og:image\" content=\"https:\/\/www.musikzeitung.ch\/wp-content\/uploads\/2023\/01\/sg-7.jpg\" \/>\n\t<meta property=\"og:image:width\" content=\"554\" \/>\n\t<meta property=\"og:image:height\" content=\"369\" \/>\n\t<meta property=\"og:image:type\" content=\"image\/jpeg\" \/>\n<meta name=\"author\" content=\"Musikzeitung-Redaktion\" \/>\n<meta name=\"twitter:card\" content=\"summary_large_image\" \/>\n<meta name=\"twitter:creator\" content=\"@smusikzeitung\" \/>\n<meta name=\"twitter:site\" content=\"@smusikzeitung\" \/>\n<meta name=\"twitter:label1\" content=\"Scritto da\" \/>\n\t<meta name=\"twitter:data1\" content=\"Musikzeitung-Redaktion\" \/>\n\t<meta name=\"twitter:label2\" content=\"Tempo di lettura stimato\" \/>\n\t<meta name=\"twitter:data2\" content=\"6 minuti\" \/>\n<script type=\"application\/ld+json\" class=\"yoast-schema-graph\">{\"@context\":\"https:\\\/\\\/schema.org\",\"@graph\":[{\"@type\":\"Article\",\"@id\":\"https:\\\/\\\/www.musikzeitung.ch\\\/berichte\\\/2014\\\/09\\\/glocken-geister-glasharmonika#article\",\"isPartOf\":{\"@id\":\"https:\\\/\\\/www.musikzeitung.ch\\\/berichte\\\/2014\\\/09\\\/glocken-geister-glasharmonika\"},\"author\":{\"name\":\"Musikzeitung-Redaktion\",\"@id\":\"https:\\\/\\\/www.musikzeitung.ch\\\/#\\\/schema\\\/person\\\/b2fd892c800856270b9dcc6001265712\"},\"headline\":\"Glocken, Geister, Glasharmonika\",\"datePublished\":\"2014-09-02T23:00:00+00:00\",\"dateModified\":\"2025-08-06T15:22:35+00:00\",\"mainEntityOfPage\":{\"@id\":\"https:\\\/\\\/www.musikzeitung.ch\\\/berichte\\\/2014\\\/09\\\/glocken-geister-glasharmonika\"},\"wordCount\":999,\"publisher\":{\"@id\":\"https:\\\/\\\/www.musikzeitung.ch\\\/#organization\"},\"image\":{\"@id\":\"https:\\\/\\\/www.musikzeitung.ch\\\/berichte\\\/2014\\\/09\\\/glocken-geister-glasharmonika#primaryimage\"},\"thumbnailUrl\":\"https:\\\/\\\/www.musikzeitung.ch\\\/wp-content\\\/uploads\\\/2023\\\/01\\\/sg-7.jpg\",\"keywords\":[\"Schweizgen\u00f6ssisch-Festival\"],\"articleSection\":[\"Auff\u00fchrungen\",\"Berichte\"],\"inLanguage\":\"it-IT\"},{\"@type\":\"WebPage\",\"@id\":\"https:\\\/\\\/www.musikzeitung.ch\\\/berichte\\\/2014\\\/09\\\/glocken-geister-glasharmonika\",\"url\":\"https:\\\/\\\/www.musikzeitung.ch\\\/berichte\\\/2014\\\/09\\\/glocken-geister-glasharmonika\",\"name\":\"Glocken, Geister, Glasharmonika - Schweizer Musikzeitung\",\"isPartOf\":{\"@id\":\"https:\\\/\\\/www.musikzeitung.ch\\\/#website\"},\"primaryImageOfPage\":{\"@id\":\"https:\\\/\\\/www.musikzeitung.ch\\\/berichte\\\/2014\\\/09\\\/glocken-geister-glasharmonika#primaryimage\"},\"image\":{\"@id\":\"https:\\\/\\\/www.musikzeitung.ch\\\/berichte\\\/2014\\\/09\\\/glocken-geister-glasharmonika#primaryimage\"},\"thumbnailUrl\":\"https:\\\/\\\/www.musikzeitung.ch\\\/wp-content\\\/uploads\\\/2023\\\/01\\\/sg-7.jpg\",\"datePublished\":\"2014-09-02T23:00:00+00:00\",\"dateModified\":\"2025-08-06T15:22:35+00:00\",\"description\":\"Das Schweizgen\u00f6ssisch-Festival vom 1. bis 3. August stellte Schweizer Musikproduktionen im Berliner Radialsystem vor.\",\"breadcrumb\":{\"@id\":\"https:\\\/\\\/www.musikzeitung.ch\\\/berichte\\\/2014\\\/09\\\/glocken-geister-glasharmonika#breadcrumb\"},\"inLanguage\":\"it-IT\",\"potentialAction\":[{\"@type\":\"ReadAction\",\"target\":[\"https:\\\/\\\/www.musikzeitung.ch\\\/berichte\\\/2014\\\/09\\\/glocken-geister-glasharmonika\"]}]},{\"@type\":\"ImageObject\",\"inLanguage\":\"it-IT\",\"@id\":\"https:\\\/\\\/www.musikzeitung.ch\\\/berichte\\\/2014\\\/09\\\/glocken-geister-glasharmonika#primaryimage\",\"url\":\"https:\\\/\\\/www.musikzeitung.ch\\\/wp-content\\\/uploads\\\/2023\\\/01\\\/sg-7.jpg\",\"contentUrl\":\"https:\\\/\\\/www.musikzeitung.ch\\\/wp-content\\\/uploads\\\/2023\\\/01\\\/sg-7.jpg\",\"width\":554,\"height\":369},{\"@type\":\"BreadcrumbList\",\"@id\":\"https:\\\/\\\/www.musikzeitung.ch\\\/berichte\\\/2014\\\/09\\\/glocken-geister-glasharmonika#breadcrumb\",\"itemListElement\":[{\"@type\":\"ListItem\",\"position\":1,\"name\":\"Home\",\"item\":\"https:\\\/\\\/www.musikzeitung.ch\\\/\"},{\"@type\":\"ListItem\",\"position\":2,\"name\":\"Glocken, Geister, Glasharmonika\"}]},{\"@type\":\"WebSite\",\"@id\":\"https:\\\/\\\/www.musikzeitung.ch\\\/#website\",\"url\":\"https:\\\/\\\/www.musikzeitung.ch\\\/\",\"name\":\"Schweizer Musikzeitung\",\"description\":\"Die f\u00fchrende sparten\u00fcbergreifende Monatszeitung in der Schweiz f\u00fcr musikalische Fragen.\",\"publisher\":{\"@id\":\"https:\\\/\\\/www.musikzeitung.ch\\\/#organization\"},\"potentialAction\":[{\"@type\":\"SearchAction\",\"target\":{\"@type\":\"EntryPoint\",\"urlTemplate\":\"https:\\\/\\\/www.musikzeitung.ch\\\/?s={search_term_string}\"},\"query-input\":{\"@type\":\"PropertyValueSpecification\",\"valueRequired\":true,\"valueName\":\"search_term_string\"}}],\"inLanguage\":\"it-IT\"},{\"@type\":\"Organization\",\"@id\":\"https:\\\/\\\/www.musikzeitung.ch\\\/#organization\",\"name\":\"Schweizer Musikzeitung\",\"url\":\"https:\\\/\\\/www.musikzeitung.ch\\\/\",\"logo\":{\"@type\":\"ImageObject\",\"inLanguage\":\"it-IT\",\"@id\":\"https:\\\/\\\/www.musikzeitung.ch\\\/#\\\/schema\\\/logo\\\/image\\\/\",\"url\":\"https:\\\/\\\/www.musikzeitung.ch\\\/wp-content\\\/uploads\\\/2023\\\/01\\\/SMZ_Schriftzug_Sprache.png\",\"contentUrl\":\"https:\\\/\\\/www.musikzeitung.ch\\\/wp-content\\\/uploads\\\/2023\\\/01\\\/SMZ_Schriftzug_Sprache.png\",\"width\":1400,\"height\":279,\"caption\":\"Schweizer Musikzeitung\"},\"image\":{\"@id\":\"https:\\\/\\\/www.musikzeitung.ch\\\/#\\\/schema\\\/logo\\\/image\\\/\"},\"sameAs\":[\"https:\\\/\\\/www.facebook.com\\\/SchweizerMusikzeitung\\\/\",\"https:\\\/\\\/x.com\\\/smusikzeitung\",\"https:\\\/\\\/www.instagram.com\\\/musikzeitung.ch\\\/\"]},{\"@type\":\"Person\",\"@id\":\"https:\\\/\\\/www.musikzeitung.ch\\\/#\\\/schema\\\/person\\\/b2fd892c800856270b9dcc6001265712\",\"name\":\"Musikzeitung-Redaktion\",\"image\":{\"@type\":\"ImageObject\",\"inLanguage\":\"it-IT\",\"@id\":\"https:\\\/\\\/www.musikzeitung.ch\\\/wp-content\\\/uploads\\\/2022\\\/05\\\/usericon_musikzeitung-96x96.jpg\",\"url\":\"https:\\\/\\\/www.musikzeitung.ch\\\/wp-content\\\/uploads\\\/2022\\\/05\\\/usericon_musikzeitung-96x96.jpg\",\"contentUrl\":\"https:\\\/\\\/www.musikzeitung.ch\\\/wp-content\\\/uploads\\\/2022\\\/05\\\/usericon_musikzeitung-96x96.jpg\",\"caption\":\"Musikzeitung-Redaktion\"},\"url\":\"https:\\\/\\\/www.musikzeitung.ch\\\/it\\\/author\\\/admin\"}]}<\/script>\n<!-- \/ Yoast SEO plugin. -->","yoast_head_json":{"title":"Campane, fantasmi, armonica a bicchieri - Schweizer Musikzeitung","description":"Il Festival della Svizzera, dall'1 al 3 agosto, ha presentato le produzioni musicali svizzere al Radialsystem di Berlino.","robots":{"index":"index","follow":"follow","max-snippet":"max-snippet:-1","max-image-preview":"max-image-preview:large","max-video-preview":"max-video-preview:-1"},"canonical":"https:\/\/www.musikzeitung.ch\/it\/berichte\/2014\/09\/glocken-geister-glasharmonika\/","og_locale":"it_IT","og_type":"article","og_title":"Glocken, Geister, Glasharmonika - Schweizer Musikzeitung","og_description":"Das Schweizgen\u00f6ssisch-Festival vom 1. bis 3. August stellte Schweizer Musikproduktionen im Berliner Radialsystem vor.","og_url":"https:\/\/www.musikzeitung.ch\/it\/berichte\/2014\/09\/glocken-geister-glasharmonika\/","og_site_name":"Schweizer Musikzeitung","article_publisher":"https:\/\/www.facebook.com\/SchweizerMusikzeitung\/","article_published_time":"2014-09-02T23:00:00+00:00","article_modified_time":"2025-08-06T15:22:35+00:00","og_image":[{"width":554,"height":369,"url":"https:\/\/www.musikzeitung.ch\/wp-content\/uploads\/2023\/01\/sg-7.jpg","type":"image\/jpeg"}],"author":"Musikzeitung-Redaktion","twitter_card":"summary_large_image","twitter_creator":"@smusikzeitung","twitter_site":"@smusikzeitung","twitter_misc":{"Scritto da":"Musikzeitung-Redaktion","Tempo di lettura stimato":"6 minuti"},"schema":{"@context":"https:\/\/schema.org","@graph":[{"@type":"Article","@id":"https:\/\/www.musikzeitung.ch\/berichte\/2014\/09\/glocken-geister-glasharmonika#article","isPartOf":{"@id":"https:\/\/www.musikzeitung.ch\/berichte\/2014\/09\/glocken-geister-glasharmonika"},"author":{"name":"Musikzeitung-Redaktion","@id":"https:\/\/www.musikzeitung.ch\/#\/schema\/person\/b2fd892c800856270b9dcc6001265712"},"headline":"Glocken, Geister, Glasharmonika","datePublished":"2014-09-02T23:00:00+00:00","dateModified":"2025-08-06T15:22:35+00:00","mainEntityOfPage":{"@id":"https:\/\/www.musikzeitung.ch\/berichte\/2014\/09\/glocken-geister-glasharmonika"},"wordCount":999,"publisher":{"@id":"https:\/\/www.musikzeitung.ch\/#organization"},"image":{"@id":"https:\/\/www.musikzeitung.ch\/berichte\/2014\/09\/glocken-geister-glasharmonika#primaryimage"},"thumbnailUrl":"https:\/\/www.musikzeitung.ch\/wp-content\/uploads\/2023\/01\/sg-7.jpg","keywords":["Schweizgen\u00f6ssisch-Festival"],"articleSection":["Auff\u00fchrungen","Berichte"],"inLanguage":"it-IT"},{"@type":"WebPage","@id":"https:\/\/www.musikzeitung.ch\/berichte\/2014\/09\/glocken-geister-glasharmonika","url":"https:\/\/www.musikzeitung.ch\/berichte\/2014\/09\/glocken-geister-glasharmonika","name":"Campane, fantasmi, armonica a bicchieri - Schweizer Musikzeitung","isPartOf":{"@id":"https:\/\/www.musikzeitung.ch\/#website"},"primaryImageOfPage":{"@id":"https:\/\/www.musikzeitung.ch\/berichte\/2014\/09\/glocken-geister-glasharmonika#primaryimage"},"image":{"@id":"https:\/\/www.musikzeitung.ch\/berichte\/2014\/09\/glocken-geister-glasharmonika#primaryimage"},"thumbnailUrl":"https:\/\/www.musikzeitung.ch\/wp-content\/uploads\/2023\/01\/sg-7.jpg","datePublished":"2014-09-02T23:00:00+00:00","dateModified":"2025-08-06T15:22:35+00:00","description":"Il Festival della Svizzera, dall'1 al 3 agosto, ha presentato le produzioni musicali svizzere al Radialsystem di Berlino.","breadcrumb":{"@id":"https:\/\/www.musikzeitung.ch\/berichte\/2014\/09\/glocken-geister-glasharmonika#breadcrumb"},"inLanguage":"it-IT","potentialAction":[{"@type":"ReadAction","target":["https:\/\/www.musikzeitung.ch\/berichte\/2014\/09\/glocken-geister-glasharmonika"]}]},{"@type":"ImageObject","inLanguage":"it-IT","@id":"https:\/\/www.musikzeitung.ch\/berichte\/2014\/09\/glocken-geister-glasharmonika#primaryimage","url":"https:\/\/www.musikzeitung.ch\/wp-content\/uploads\/2023\/01\/sg-7.jpg","contentUrl":"https:\/\/www.musikzeitung.ch\/wp-content\/uploads\/2023\/01\/sg-7.jpg","width":554,"height":369},{"@type":"BreadcrumbList","@id":"https:\/\/www.musikzeitung.ch\/berichte\/2014\/09\/glocken-geister-glasharmonika#breadcrumb","itemListElement":[{"@type":"ListItem","position":1,"name":"Home","item":"https:\/\/www.musikzeitung.ch\/"},{"@type":"ListItem","position":2,"name":"Glocken, Geister, Glasharmonika"}]},{"@type":"WebSite","@id":"https:\/\/www.musikzeitung.ch\/#website","url":"https:\/\/www.musikzeitung.ch\/","name":"Giornale musicale svizzero","description":"Il principale mensile interdisciplinare della Svizzera per le questioni musicali.","publisher":{"@id":"https:\/\/www.musikzeitung.ch\/#organization"},"potentialAction":[{"@type":"SearchAction","target":{"@type":"EntryPoint","urlTemplate":"https:\/\/www.musikzeitung.ch\/?s={search_term_string}"},"query-input":{"@type":"PropertyValueSpecification","valueRequired":true,"valueName":"search_term_string"}}],"inLanguage":"it-IT"},{"@type":"Organization","@id":"https:\/\/www.musikzeitung.ch\/#organization","name":"Giornale musicale svizzero","url":"https:\/\/www.musikzeitung.ch\/","logo":{"@type":"ImageObject","inLanguage":"it-IT","@id":"https:\/\/www.musikzeitung.ch\/#\/schema\/logo\/image\/","url":"https:\/\/www.musikzeitung.ch\/wp-content\/uploads\/2023\/01\/SMZ_Schriftzug_Sprache.png","contentUrl":"https:\/\/www.musikzeitung.ch\/wp-content\/uploads\/2023\/01\/SMZ_Schriftzug_Sprache.png","width":1400,"height":279,"caption":"Schweizer Musikzeitung"},"image":{"@id":"https:\/\/www.musikzeitung.ch\/#\/schema\/logo\/image\/"},"sameAs":["https:\/\/www.facebook.com\/SchweizerMusikzeitung\/","https:\/\/x.com\/smusikzeitung","https:\/\/www.instagram.com\/musikzeitung.ch\/"]},{"@type":"Person","@id":"https:\/\/www.musikzeitung.ch\/#\/schema\/person\/b2fd892c800856270b9dcc6001265712","name":"Redazione Musikzeitung","image":{"@type":"ImageObject","inLanguage":"it-IT","@id":"https:\/\/www.musikzeitung.ch\/wp-content\/uploads\/2022\/05\/usericon_musikzeitung-96x96.jpg","url":"https:\/\/www.musikzeitung.ch\/wp-content\/uploads\/2022\/05\/usericon_musikzeitung-96x96.jpg","contentUrl":"https:\/\/www.musikzeitung.ch\/wp-content\/uploads\/2022\/05\/usericon_musikzeitung-96x96.jpg","caption":"Musikzeitung-Redaktion"},"url":"https:\/\/www.musikzeitung.ch\/it\/author\/admin"}]}},"publishpress_future_workflow_manual_trigger":{"enabledWorkflows":[]},"_links":{"self":[{"href":"https:\/\/www.musikzeitung.ch\/it\/wp-json\/wp\/v2\/posts\/8898","targetHints":{"allow":["GET"]}}],"collection":[{"href":"https:\/\/www.musikzeitung.ch\/it\/wp-json\/wp\/v2\/posts"}],"about":[{"href":"https:\/\/www.musikzeitung.ch\/it\/wp-json\/wp\/v2\/types\/post"}],"author":[{"embeddable":true,"href":"https:\/\/www.musikzeitung.ch\/it\/wp-json\/wp\/v2\/users\/1"}],"replies":[{"embeddable":true,"href":"https:\/\/www.musikzeitung.ch\/it\/wp-json\/wp\/v2\/comments?post=8898"}],"version-history":[{"count":2,"href":"https:\/\/www.musikzeitung.ch\/it\/wp-json\/wp\/v2\/posts\/8898\/revisions"}],"predecessor-version":[{"id":66739,"href":"https:\/\/www.musikzeitung.ch\/it\/wp-json\/wp\/v2\/posts\/8898\/revisions\/66739"}],"wp:featuredmedia":[{"embeddable":true,"href":"https:\/\/www.musikzeitung.ch\/it\/wp-json\/wp\/v2\/media\/8899"}],"wp:attachment":[{"href":"https:\/\/www.musikzeitung.ch\/it\/wp-json\/wp\/v2\/media?parent=8898"}],"wp:term":[{"taxonomy":"category","embeddable":true,"href":"https:\/\/www.musikzeitung.ch\/it\/wp-json\/wp\/v2\/categories?post=8898"},{"taxonomy":"post_tag","embeddable":true,"href":"https:\/\/www.musikzeitung.ch\/it\/wp-json\/wp\/v2\/tags?post=8898"}],"curies":[{"name":"wp","href":"https:\/\/api.w.org\/{rel}","templated":true}]}}