{"id":8942,"date":"2020-02-17T00:00:00","date_gmt":"2020-02-16T23:00:00","guid":{"rendered":"https:\/\/www.musikzeitung.ch\/allgemein\/zusammen-denken-und-hineinwirken\/"},"modified":"2025-01-03T11:54:12","modified_gmt":"2025-01-03T10:54:12","slug":"zusammen-denken-und-hineinwirken","status":"publish","type":"post","link":"https:\/\/www.musikzeitung.ch\/it\/berichte\/2020\/02\/zusammen-denken-und-hineinwirken","title":{"rendered":"Pensare e agire insieme"},"content":{"rendered":"<figure style=\"width: 554px\" class=\"wp-caption alignnone\"><img loading=\"lazy\" decoding=\"async\" src=\"https:\/\/www.musikzeitung.ch\/wp-content\/uploads\/2023\/01\/vkf.jpg\" alt=\"\" width=\"554\" height=\"369\" \/><figcaption class=\"wp-caption-text\">Sede Montforthaus a Feldkirch. Foto: Conservatorio statale del Vorarlberg\/Victor Marin<\/figcaption><\/figure>\n<div class=\"text-section\">\n<p>Il <a href=\"https:\/\/vlk.ac.at\/\" target=\"_blank\" rel=\"noopener\">Conservatorio statale del Vorarlberg<\/a> ha ospitato un simposio per professionisti della cultura e della musica il 4 e 5 febbraio. Il tema \"Musica e societ\u00e0\" ha riunito circa 170 partecipanti provenienti dalla regione dei quattro Paesi nel <a href=\"https:\/\/www.montforthausfeldkirch.com\/\" target=\"_blank\" rel=\"noopener\">Montforthaus Feldkirch <\/a>insieme. Oltre alle presentazioni e ai contributi, si sono svolti vivaci dibattiti nei turni di discussione e il primo formato in assoluto \u00e8 stato utilizzato per lo scambio di idee.<\/p>\n<\/div>\n<div>\n<h3 class=\"\">Cultura per tutti coloro che la desiderano<\/h3>\n<\/div>\n<div class=\"text-section\">\n<p>Martin Tr\u00f6ndle (Universit\u00e0 Zeppelin di Friedrichshafen) ha gettato le basi per i dibattiti successivi con la sua relazione sulla \"ricerca dei non visitatori\": le istituzioni culturali (nel senso stretto di teatri, teatri d'opera e sale da concerto classiche) sono note come luoghi in cui si trova solo una piccola parte della societ\u00e0. Tuttavia, non \u00e8 ancora chiaro chi si lascia sfuggire le numerose offerte del settore classico e, soprattutto, per quali ragioni. Alcuni risultati di uno studio (condotto a Berlino nel 2019 con circa 1.300 giovani universitari) sono qui brevemente menzionati: le pagine dedicate alla classica sono poco utilizzate come luogo di informazione e preparazione, mentre le informazioni offline e gli amici sono la seconda fonte pi\u00f9 importante dopo internet.<\/p>\n<p>La mancanza di tempo e di denaro sono spesso citati come motivi per non partecipare agli eventi tradizionali; tuttavia, non sono determinanti per il comportamento dei visitatori. Tr\u00f6ndle parla di 11 % di cosiddetti \"mai-visitatori\", che \u00e8 inutile cercare di attirare; vale pi\u00f9 la pena perch\u00e9 \u00e8 pi\u00f9 promettente conoscere i circa 20 % di \"non ancora\" e \"forse-visitatori\". Le istituzioni possono chiedersi come offrire \"prossimit\u00e0\" a tutti i livelli possibili e come rendere i loro locali e i loro programmi invitanti per tutti coloro che vogliono cultura.<\/p>\n<\/div>\n<div>\n<h3 class=\"\">Musica e sviluppo regionale<\/h3>\n<\/div>\n<div class=\"text-section\">\n<p>La sala da concerto di Blaibach, nella Foresta Bavarese, un progetto locale che \u00e8 diventato noto anche al di fuori della regione, \u00e8 stata finanziata in gran parte da programmi di sviluppo urbano. Anche in questo caso, come per molti altri organizzatori, esiste il ben noto problema dei costi di gestione dei programmi. Nel frattempo, qui si \u00e8 rinunciato completamente ai finanziamenti pubblici, troppo insignificanti rispetto allo sforzo necessario per ottenerli. Il direttore artistico Thomas E. Bauer sostiene con passione che esiste un diritto alla cultura di primo piano, all'istruzione e alle infrastrutture, anche nelle zone rurali.<\/p>\n<p>La serie di concerti \"Montforter Zwischent\u00f6ne\" cerca la rilevanza regionale coinvolgendo le comunit\u00e0 locali, suonando negli spazi urbani e avendo un impatto che va oltre Feldkirch, nella valle del Reno con i suoi 250.000 abitanti. Nelle sue produzioni, i temi della regione vengono ripresi ed elaborati artisticamente in nuovi formati concertistici; la partecipazione significa prendere sul serio la \"competenza dell'utente\" quanto la competenza.<\/p>\n<\/div>\n<div>\n<h3 class=\"\">Qualifica per i progetti di sociomusica<\/h3>\n<\/div>\n<div class=\"text-section\">\n<p>Christine Rhomberg (Hilti Foundation) ha fornito un esempio di promozione pratica dei talenti con la sua relazione sull'impegno \"Musica per il cambiamento sociale\" e ha introdotto il secondo tema principale dell'incontro: Come si pu\u00f2 dare ai musicisti la possibilit\u00e0 di essere coinvolti in contesti sociali mentre sono ancora in formazione? Sono necessarie persone creative e collaborazioni intelligenti per combinare il business musicale consolidato e le iniziative socio-musicali come JeKi o Superar in modo sostenibile e redditizio.<\/p>\n<p>\u00c8 un compito urgente avvicinare gli studi musicali e la formazione degli insegnanti per colmare le devastanti lacune nella formazione musicale di base dei bambini. Questo aspetto \u00e8 stato sottolineato anche da Peter Heiler della Scuola di Musica di Bregenz: \"Per una 'scuola di musica nella scuola' sono necessari insegnanti di musica che abbiano in mente l'intero spettro di 'educare - imparare - suonare', dato che il sostegno dei genitori \u00e8 sempre minore\".<\/p>\n<p>Il simposio \u00e8 stato arricchito da un programma musicale che ha visto esibirsi diversi ensemble del Conservatorio di Stato del Vorarlberg e il coro Superar (diretto da Magdalena Fingerlos). La fase finale del Concorso Hugo - un concorso studentesco internazionale organizzato da Montforter Zwischent\u00f6ne per nuovi formati di concerto - ha presentato quattro squadre di accademie musicali di lingua tedesca con idee sul tema \"Taking detours\". Il collettivo XYlit di Lipsia ha conquistato la giuria e il pubblico con il suo progetto \"Traumlandschaft\"; i vincitori del concorso Hugo hanno ricevuto 1000 euro di premio e potranno ora sviluppare il loro progetto con un budget di produzione professionale per il festival estivo Montforter Zwischent\u00f6ne.<\/p>\n<p>Il simposio \u00e8 stato un preludio di successo per ulteriori scambi tra la musica e la societ\u00e0 ed \u00e8 stato collocato in una posizione intelligente: Il Landeskonservatorium ha appena richiesto l'accreditamento come universit\u00e0 musicale. Per il direttore artistico, J\u00f6rg Maria Ortwein, la sua istituzione e il simposio sono ugualmente importanti come \"fonte di ispirazione per approcci innovativi\". L'obiettivo \u00e8 quello di affermare l'emergente universit\u00e0 musicale privata come piattaforma ideale per lo sviluppo di personalit\u00e0 artistiche con un impatto multilivello sulla societ\u00e0\".<\/p>\n<\/div>\n<div class=\"text-section\">\n<dl class=\"picture media photo large\">\n<dt>\n<figure style=\"width: 554px\" class=\"wp-caption alignnone\"><img loading=\"lazy\" decoding=\"async\" class=\"media photo large\" src=\"https:\/\/www.musikzeitung.ch\/wp-content\/uploads\/2023\/01\/vko.jpg\" alt=\"\" width=\"554\" height=\"369\" \/><figcaption class=\"wp-caption-text\">Per J\u00f6rg Maria Ortwein, direttore artistico del Conservatorio di Stato, sono importanti il networking e gli approcci didattici innovativi. Foto: Conservatorio di Stato del Vorarlberg\/Victor Marin<\/figcaption><\/figure><\/dt>\n<dd class=\"longdesc\"><\/dd>\n<\/dl>\n<\/div>","protected":false},"excerpt":{"rendered":"<p><strong>\"La musica lavora su tre livelli: regionale, sociale e individuale\". Questa frase, riportata nel trailer del simposio di Feldkirch, \u00e8 stata il tema della due giorni.<\/strong><\/p>","protected":false},"author":1,"featured_media":8943,"comment_status":"closed","ping_status":"closed","sticky":false,"template":"","format":"standard","meta":{"_acf_changed":false,"_relevanssi_hide_post":"","_relevanssi_hide_content":"","_relevanssi_pin_for_all":"","_relevanssi_pin_keywords":"","_relevanssi_unpin_keywords":"","_relevanssi_related_keywords":"","_relevanssi_related_include_ids":"","_relevanssi_related_exclude_ids":"","_relevanssi_related_no_append":"","_relevanssi_related_not_related":"","_relevanssi_related_posts":"","_relevanssi_noindex_reason":"","pgc_sgb_lightbox_settings":"","footnotes":""},"categories":[28,1540],"tags":[2250,2249],"class_list":["post-8942","post","type-post","status-publish","format-standard","has-post-thumbnail","hentry","category-berichte","category-tagungen","tag-montforter-zwischentoene","tag-vorarlberger-landeskonservatorium"],"acf":[],"yoast_head":"<!-- This site is optimized with the Yoast SEO plugin v27.4 - https:\/\/yoast.com\/product\/yoast-seo-wordpress\/ -->\n<title>Zusammen denken und hineinwirken - Schweizer Musikzeitung<\/title>\n<meta name=\"description\" content=\"\u00abMusik wirkt auf drei Ebenen: regional, sozial und individuell.\u00bb An dieser Feststellung orientierte sich das Symposium in Feldkirch.\" \/>\n<meta name=\"robots\" content=\"index, follow, max-snippet:-1, max-image-preview:large, max-video-preview:-1\" \/>\n<link rel=\"canonical\" href=\"https:\/\/www.musikzeitung.ch\/it\/berichte\/2020\/02\/zusammen-denken-und-hineinwirken\/\" \/>\n<meta property=\"og:locale\" content=\"it_IT\" \/>\n<meta property=\"og:type\" content=\"article\" \/>\n<meta property=\"og:title\" content=\"Zusammen denken und hineinwirken - Schweizer Musikzeitung\" \/>\n<meta property=\"og:description\" content=\"\u00abMusik wirkt auf drei Ebenen: regional, sozial und individuell.\u00bb An dieser Feststellung orientierte sich das Symposium in Feldkirch.\" \/>\n<meta property=\"og:url\" content=\"https:\/\/www.musikzeitung.ch\/it\/berichte\/2020\/02\/zusammen-denken-und-hineinwirken\/\" \/>\n<meta property=\"og:site_name\" content=\"Schweizer Musikzeitung\" \/>\n<meta property=\"article:publisher\" content=\"https:\/\/www.facebook.com\/SchweizerMusikzeitung\/\" \/>\n<meta property=\"article:published_time\" content=\"2020-02-16T23:00:00+00:00\" \/>\n<meta property=\"article:modified_time\" content=\"2025-01-03T10:54:12+00:00\" \/>\n<meta property=\"og:image\" content=\"https:\/\/www.musikzeitung.ch\/wp-content\/uploads\/2023\/01\/vkf.jpg\" \/>\n\t<meta property=\"og:image:width\" content=\"554\" \/>\n\t<meta property=\"og:image:height\" content=\"369\" \/>\n\t<meta property=\"og:image:type\" content=\"image\/jpeg\" \/>\n<meta name=\"author\" content=\"Musikzeitung-Redaktion\" \/>\n<meta name=\"twitter:card\" content=\"summary_large_image\" \/>\n<meta name=\"twitter:creator\" content=\"@smusikzeitung\" \/>\n<meta name=\"twitter:site\" content=\"@smusikzeitung\" \/>\n<meta name=\"twitter:label1\" content=\"Scritto da\" \/>\n\t<meta name=\"twitter:data1\" content=\"Musikzeitung-Redaktion\" \/>\n\t<meta name=\"twitter:label2\" content=\"Tempo di lettura stimato\" \/>\n\t<meta name=\"twitter:data2\" content=\"5 minuti\" \/>\n<script type=\"application\/ld+json\" class=\"yoast-schema-graph\">{\"@context\":\"https:\\\/\\\/schema.org\",\"@graph\":[{\"@type\":\"Article\",\"@id\":\"https:\\\/\\\/www.musikzeitung.ch\\\/berichte\\\/2020\\\/02\\\/zusammen-denken-und-hineinwirken#article\",\"isPartOf\":{\"@id\":\"https:\\\/\\\/www.musikzeitung.ch\\\/berichte\\\/2020\\\/02\\\/zusammen-denken-und-hineinwirken\"},\"author\":{\"name\":\"Musikzeitung-Redaktion\",\"@id\":\"https:\\\/\\\/www.musikzeitung.ch\\\/#\\\/schema\\\/person\\\/b2fd892c800856270b9dcc6001265712\"},\"headline\":\"Zusammen denken und hineinwirken\",\"datePublished\":\"2020-02-16T23:00:00+00:00\",\"dateModified\":\"2025-01-03T10:54:12+00:00\",\"mainEntityOfPage\":{\"@id\":\"https:\\\/\\\/www.musikzeitung.ch\\\/berichte\\\/2020\\\/02\\\/zusammen-denken-und-hineinwirken\"},\"wordCount\":747,\"publisher\":{\"@id\":\"https:\\\/\\\/www.musikzeitung.ch\\\/#organization\"},\"image\":{\"@id\":\"https:\\\/\\\/www.musikzeitung.ch\\\/berichte\\\/2020\\\/02\\\/zusammen-denken-und-hineinwirken#primaryimage\"},\"thumbnailUrl\":\"https:\\\/\\\/www.musikzeitung.ch\\\/wp-content\\\/uploads\\\/2023\\\/01\\\/vkf.jpg\",\"keywords\":[\"Montforter Zwischent\u00f6ne\",\"Vorarlberger Landeskonservatorium\"],\"articleSection\":[\"Berichte\",\"Tagungen\"],\"inLanguage\":\"it-IT\"},{\"@type\":\"WebPage\",\"@id\":\"https:\\\/\\\/www.musikzeitung.ch\\\/berichte\\\/2020\\\/02\\\/zusammen-denken-und-hineinwirken\",\"url\":\"https:\\\/\\\/www.musikzeitung.ch\\\/berichte\\\/2020\\\/02\\\/zusammen-denken-und-hineinwirken\",\"name\":\"Zusammen denken und hineinwirken - Schweizer Musikzeitung\",\"isPartOf\":{\"@id\":\"https:\\\/\\\/www.musikzeitung.ch\\\/#website\"},\"primaryImageOfPage\":{\"@id\":\"https:\\\/\\\/www.musikzeitung.ch\\\/berichte\\\/2020\\\/02\\\/zusammen-denken-und-hineinwirken#primaryimage\"},\"image\":{\"@id\":\"https:\\\/\\\/www.musikzeitung.ch\\\/berichte\\\/2020\\\/02\\\/zusammen-denken-und-hineinwirken#primaryimage\"},\"thumbnailUrl\":\"https:\\\/\\\/www.musikzeitung.ch\\\/wp-content\\\/uploads\\\/2023\\\/01\\\/vkf.jpg\",\"datePublished\":\"2020-02-16T23:00:00+00:00\",\"dateModified\":\"2025-01-03T10:54:12+00:00\",\"description\":\"\u00abMusik wirkt auf drei Ebenen: regional, sozial und individuell.\u00bb An dieser Feststellung orientierte sich das Symposium in Feldkirch.\",\"breadcrumb\":{\"@id\":\"https:\\\/\\\/www.musikzeitung.ch\\\/berichte\\\/2020\\\/02\\\/zusammen-denken-und-hineinwirken#breadcrumb\"},\"inLanguage\":\"it-IT\",\"potentialAction\":[{\"@type\":\"ReadAction\",\"target\":[\"https:\\\/\\\/www.musikzeitung.ch\\\/berichte\\\/2020\\\/02\\\/zusammen-denken-und-hineinwirken\"]}]},{\"@type\":\"ImageObject\",\"inLanguage\":\"it-IT\",\"@id\":\"https:\\\/\\\/www.musikzeitung.ch\\\/berichte\\\/2020\\\/02\\\/zusammen-denken-und-hineinwirken#primaryimage\",\"url\":\"https:\\\/\\\/www.musikzeitung.ch\\\/wp-content\\\/uploads\\\/2023\\\/01\\\/vkf.jpg\",\"contentUrl\":\"https:\\\/\\\/www.musikzeitung.ch\\\/wp-content\\\/uploads\\\/2023\\\/01\\\/vkf.jpg\",\"width\":554,\"height\":369},{\"@type\":\"BreadcrumbList\",\"@id\":\"https:\\\/\\\/www.musikzeitung.ch\\\/berichte\\\/2020\\\/02\\\/zusammen-denken-und-hineinwirken#breadcrumb\",\"itemListElement\":[{\"@type\":\"ListItem\",\"position\":1,\"name\":\"Home\",\"item\":\"https:\\\/\\\/www.musikzeitung.ch\\\/\"},{\"@type\":\"ListItem\",\"position\":2,\"name\":\"Zusammen denken und hineinwirken\"}]},{\"@type\":\"WebSite\",\"@id\":\"https:\\\/\\\/www.musikzeitung.ch\\\/#website\",\"url\":\"https:\\\/\\\/www.musikzeitung.ch\\\/\",\"name\":\"Schweizer Musikzeitung\",\"description\":\"Die f\u00fchrende sparten\u00fcbergreifende Monatszeitung in der Schweiz f\u00fcr musikalische Fragen.\",\"publisher\":{\"@id\":\"https:\\\/\\\/www.musikzeitung.ch\\\/#organization\"},\"potentialAction\":[{\"@type\":\"SearchAction\",\"target\":{\"@type\":\"EntryPoint\",\"urlTemplate\":\"https:\\\/\\\/www.musikzeitung.ch\\\/?s={search_term_string}\"},\"query-input\":{\"@type\":\"PropertyValueSpecification\",\"valueRequired\":true,\"valueName\":\"search_term_string\"}}],\"inLanguage\":\"it-IT\"},{\"@type\":\"Organization\",\"@id\":\"https:\\\/\\\/www.musikzeitung.ch\\\/#organization\",\"name\":\"Schweizer Musikzeitung\",\"url\":\"https:\\\/\\\/www.musikzeitung.ch\\\/\",\"logo\":{\"@type\":\"ImageObject\",\"inLanguage\":\"it-IT\",\"@id\":\"https:\\\/\\\/www.musikzeitung.ch\\\/#\\\/schema\\\/logo\\\/image\\\/\",\"url\":\"https:\\\/\\\/www.musikzeitung.ch\\\/wp-content\\\/uploads\\\/2023\\\/01\\\/SMZ_Schriftzug_Sprache.png\",\"contentUrl\":\"https:\\\/\\\/www.musikzeitung.ch\\\/wp-content\\\/uploads\\\/2023\\\/01\\\/SMZ_Schriftzug_Sprache.png\",\"width\":1400,\"height\":279,\"caption\":\"Schweizer Musikzeitung\"},\"image\":{\"@id\":\"https:\\\/\\\/www.musikzeitung.ch\\\/#\\\/schema\\\/logo\\\/image\\\/\"},\"sameAs\":[\"https:\\\/\\\/www.facebook.com\\\/SchweizerMusikzeitung\\\/\",\"https:\\\/\\\/x.com\\\/smusikzeitung\",\"https:\\\/\\\/www.instagram.com\\\/musikzeitung.ch\\\/\"]},{\"@type\":\"Person\",\"@id\":\"https:\\\/\\\/www.musikzeitung.ch\\\/#\\\/schema\\\/person\\\/b2fd892c800856270b9dcc6001265712\",\"name\":\"Musikzeitung-Redaktion\",\"image\":{\"@type\":\"ImageObject\",\"inLanguage\":\"it-IT\",\"@id\":\"https:\\\/\\\/www.musikzeitung.ch\\\/wp-content\\\/uploads\\\/2022\\\/05\\\/usericon_musikzeitung-96x96.jpg\",\"url\":\"https:\\\/\\\/www.musikzeitung.ch\\\/wp-content\\\/uploads\\\/2022\\\/05\\\/usericon_musikzeitung-96x96.jpg\",\"contentUrl\":\"https:\\\/\\\/www.musikzeitung.ch\\\/wp-content\\\/uploads\\\/2022\\\/05\\\/usericon_musikzeitung-96x96.jpg\",\"caption\":\"Musikzeitung-Redaktion\"},\"url\":\"https:\\\/\\\/www.musikzeitung.ch\\\/it\\\/author\\\/admin\"}]}<\/script>\n<!-- \/ Yoast SEO plugin. -->","yoast_head_json":{"title":"Pensare e lavorare insieme - Schweizer Musikzeitung","description":"\u00abLa musica lavora su tre livelli: regionale, sociale e individuale\u00bb. Il simposio di Feldkirch si \u00e8 basato su questa affermazione.","robots":{"index":"index","follow":"follow","max-snippet":"max-snippet:-1","max-image-preview":"max-image-preview:large","max-video-preview":"max-video-preview:-1"},"canonical":"https:\/\/www.musikzeitung.ch\/it\/berichte\/2020\/02\/zusammen-denken-und-hineinwirken\/","og_locale":"it_IT","og_type":"article","og_title":"Zusammen denken und hineinwirken - Schweizer Musikzeitung","og_description":"\u00abMusik wirkt auf drei Ebenen: regional, sozial und individuell.\u00bb An dieser Feststellung orientierte sich das Symposium in Feldkirch.","og_url":"https:\/\/www.musikzeitung.ch\/it\/berichte\/2020\/02\/zusammen-denken-und-hineinwirken\/","og_site_name":"Schweizer Musikzeitung","article_publisher":"https:\/\/www.facebook.com\/SchweizerMusikzeitung\/","article_published_time":"2020-02-16T23:00:00+00:00","article_modified_time":"2025-01-03T10:54:12+00:00","og_image":[{"width":554,"height":369,"url":"https:\/\/www.musikzeitung.ch\/wp-content\/uploads\/2023\/01\/vkf.jpg","type":"image\/jpeg"}],"author":"Musikzeitung-Redaktion","twitter_card":"summary_large_image","twitter_creator":"@smusikzeitung","twitter_site":"@smusikzeitung","twitter_misc":{"Scritto da":"Musikzeitung-Redaktion","Tempo di lettura stimato":"5 minuti"},"schema":{"@context":"https:\/\/schema.org","@graph":[{"@type":"Article","@id":"https:\/\/www.musikzeitung.ch\/berichte\/2020\/02\/zusammen-denken-und-hineinwirken#article","isPartOf":{"@id":"https:\/\/www.musikzeitung.ch\/berichte\/2020\/02\/zusammen-denken-und-hineinwirken"},"author":{"name":"Musikzeitung-Redaktion","@id":"https:\/\/www.musikzeitung.ch\/#\/schema\/person\/b2fd892c800856270b9dcc6001265712"},"headline":"Zusammen denken und hineinwirken","datePublished":"2020-02-16T23:00:00+00:00","dateModified":"2025-01-03T10:54:12+00:00","mainEntityOfPage":{"@id":"https:\/\/www.musikzeitung.ch\/berichte\/2020\/02\/zusammen-denken-und-hineinwirken"},"wordCount":747,"publisher":{"@id":"https:\/\/www.musikzeitung.ch\/#organization"},"image":{"@id":"https:\/\/www.musikzeitung.ch\/berichte\/2020\/02\/zusammen-denken-und-hineinwirken#primaryimage"},"thumbnailUrl":"https:\/\/www.musikzeitung.ch\/wp-content\/uploads\/2023\/01\/vkf.jpg","keywords":["Montforter Zwischent\u00f6ne","Vorarlberger Landeskonservatorium"],"articleSection":["Berichte","Tagungen"],"inLanguage":"it-IT"},{"@type":"WebPage","@id":"https:\/\/www.musikzeitung.ch\/berichte\/2020\/02\/zusammen-denken-und-hineinwirken","url":"https:\/\/www.musikzeitung.ch\/berichte\/2020\/02\/zusammen-denken-und-hineinwirken","name":"Pensare e lavorare insieme - Schweizer Musikzeitung","isPartOf":{"@id":"https:\/\/www.musikzeitung.ch\/#website"},"primaryImageOfPage":{"@id":"https:\/\/www.musikzeitung.ch\/berichte\/2020\/02\/zusammen-denken-und-hineinwirken#primaryimage"},"image":{"@id":"https:\/\/www.musikzeitung.ch\/berichte\/2020\/02\/zusammen-denken-und-hineinwirken#primaryimage"},"thumbnailUrl":"https:\/\/www.musikzeitung.ch\/wp-content\/uploads\/2023\/01\/vkf.jpg","datePublished":"2020-02-16T23:00:00+00:00","dateModified":"2025-01-03T10:54:12+00:00","description":"\u00abLa musica lavora su tre livelli: regionale, sociale e individuale\u00bb. Il simposio di Feldkirch si \u00e8 basato su questa affermazione.","breadcrumb":{"@id":"https:\/\/www.musikzeitung.ch\/berichte\/2020\/02\/zusammen-denken-und-hineinwirken#breadcrumb"},"inLanguage":"it-IT","potentialAction":[{"@type":"ReadAction","target":["https:\/\/www.musikzeitung.ch\/berichte\/2020\/02\/zusammen-denken-und-hineinwirken"]}]},{"@type":"ImageObject","inLanguage":"it-IT","@id":"https:\/\/www.musikzeitung.ch\/berichte\/2020\/02\/zusammen-denken-und-hineinwirken#primaryimage","url":"https:\/\/www.musikzeitung.ch\/wp-content\/uploads\/2023\/01\/vkf.jpg","contentUrl":"https:\/\/www.musikzeitung.ch\/wp-content\/uploads\/2023\/01\/vkf.jpg","width":554,"height":369},{"@type":"BreadcrumbList","@id":"https:\/\/www.musikzeitung.ch\/berichte\/2020\/02\/zusammen-denken-und-hineinwirken#breadcrumb","itemListElement":[{"@type":"ListItem","position":1,"name":"Home","item":"https:\/\/www.musikzeitung.ch\/"},{"@type":"ListItem","position":2,"name":"Zusammen denken und hineinwirken"}]},{"@type":"WebSite","@id":"https:\/\/www.musikzeitung.ch\/#website","url":"https:\/\/www.musikzeitung.ch\/","name":"Giornale musicale svizzero","description":"Il principale mensile interdisciplinare della Svizzera per le questioni musicali.","publisher":{"@id":"https:\/\/www.musikzeitung.ch\/#organization"},"potentialAction":[{"@type":"SearchAction","target":{"@type":"EntryPoint","urlTemplate":"https:\/\/www.musikzeitung.ch\/?s={search_term_string}"},"query-input":{"@type":"PropertyValueSpecification","valueRequired":true,"valueName":"search_term_string"}}],"inLanguage":"it-IT"},{"@type":"Organization","@id":"https:\/\/www.musikzeitung.ch\/#organization","name":"Giornale musicale svizzero","url":"https:\/\/www.musikzeitung.ch\/","logo":{"@type":"ImageObject","inLanguage":"it-IT","@id":"https:\/\/www.musikzeitung.ch\/#\/schema\/logo\/image\/","url":"https:\/\/www.musikzeitung.ch\/wp-content\/uploads\/2023\/01\/SMZ_Schriftzug_Sprache.png","contentUrl":"https:\/\/www.musikzeitung.ch\/wp-content\/uploads\/2023\/01\/SMZ_Schriftzug_Sprache.png","width":1400,"height":279,"caption":"Schweizer Musikzeitung"},"image":{"@id":"https:\/\/www.musikzeitung.ch\/#\/schema\/logo\/image\/"},"sameAs":["https:\/\/www.facebook.com\/SchweizerMusikzeitung\/","https:\/\/x.com\/smusikzeitung","https:\/\/www.instagram.com\/musikzeitung.ch\/"]},{"@type":"Person","@id":"https:\/\/www.musikzeitung.ch\/#\/schema\/person\/b2fd892c800856270b9dcc6001265712","name":"Redazione Musikzeitung","image":{"@type":"ImageObject","inLanguage":"it-IT","@id":"https:\/\/www.musikzeitung.ch\/wp-content\/uploads\/2022\/05\/usericon_musikzeitung-96x96.jpg","url":"https:\/\/www.musikzeitung.ch\/wp-content\/uploads\/2022\/05\/usericon_musikzeitung-96x96.jpg","contentUrl":"https:\/\/www.musikzeitung.ch\/wp-content\/uploads\/2022\/05\/usericon_musikzeitung-96x96.jpg","caption":"Musikzeitung-Redaktion"},"url":"https:\/\/www.musikzeitung.ch\/it\/author\/admin"}]}},"publishpress_future_workflow_manual_trigger":{"enabledWorkflows":[]},"_links":{"self":[{"href":"https:\/\/www.musikzeitung.ch\/it\/wp-json\/wp\/v2\/posts\/8942","targetHints":{"allow":["GET"]}}],"collection":[{"href":"https:\/\/www.musikzeitung.ch\/it\/wp-json\/wp\/v2\/posts"}],"about":[{"href":"https:\/\/www.musikzeitung.ch\/it\/wp-json\/wp\/v2\/types\/post"}],"author":[{"embeddable":true,"href":"https:\/\/www.musikzeitung.ch\/it\/wp-json\/wp\/v2\/users\/1"}],"replies":[{"embeddable":true,"href":"https:\/\/www.musikzeitung.ch\/it\/wp-json\/wp\/v2\/comments?post=8942"}],"version-history":[{"count":3,"href":"https:\/\/www.musikzeitung.ch\/it\/wp-json\/wp\/v2\/posts\/8942\/revisions"}],"predecessor-version":[{"id":61536,"href":"https:\/\/www.musikzeitung.ch\/it\/wp-json\/wp\/v2\/posts\/8942\/revisions\/61536"}],"wp:featuredmedia":[{"embeddable":true,"href":"https:\/\/www.musikzeitung.ch\/it\/wp-json\/wp\/v2\/media\/8943"}],"wp:attachment":[{"href":"https:\/\/www.musikzeitung.ch\/it\/wp-json\/wp\/v2\/media?parent=8942"}],"wp:term":[{"taxonomy":"category","embeddable":true,"href":"https:\/\/www.musikzeitung.ch\/it\/wp-json\/wp\/v2\/categories?post=8942"},{"taxonomy":"post_tag","embeddable":true,"href":"https:\/\/www.musikzeitung.ch\/it\/wp-json\/wp\/v2\/tags?post=8942"}],"curies":[{"name":"wp","href":"https:\/\/api.w.org\/{rel}","templated":true}]}}