{"id":8956,"date":"2019-02-06T00:00:00","date_gmt":"2019-02-05T23:00:00","guid":{"rendered":"https:\/\/www.musikzeitung.ch\/allgemein\/wildes-und-geordnetes-lernen\/"},"modified":"2025-08-07T10:46:20","modified_gmt":"2025-08-07T08:46:20","slug":"wildes-und-geordnetes-lernen","status":"publish","type":"post","link":"https:\/\/www.musikzeitung.ch\/it\/berichte\/2019\/02\/wildes-und-geordnetes-lernen","title":{"rendered":"Apprendimento selvaggio e organizzato"},"content":{"rendered":"<figure style=\"width: 554px\" class=\"wp-caption alignnone\"><img loading=\"lazy\" decoding=\"async\" src=\"https:\/\/www.musikzeitung.ch\/wp-content\/uploads\/2023\/01\/pt-3.jpg\" alt=\"\" width=\"554\" height=\"374\" \/><figcaption class=\"wp-caption-text\">Victor Wanderley ha organizzato il simposio. Foto: Niklaus R\u00fcegg<\/figcaption><\/figure>\n<div class=\"text-section\">\n<p>Il simposio PRJ del 19 gennaio 2019 \u00e8 stato piccolo ma piacevole, senza troppo clamore, ma con sostanza. \u00c8 stato organizzato ancora una volta dal <a href=\"http:\/\/www.konsibern.ch\" target=\"_blank\" rel=\"noopener\">Scuola di musica del Conservatorio di Berna<\/a> in collaborazione con il <a href=\"https:\/\/www.musikzeitung.ch\/news\/2025\/08\/prix-yves-paternot-2025-geht-an-anton-beliaev\" target=\"_blank\" rel=\"noopener\">Associazione delle scuole di musica bernesi (VBMS)<\/a> organizzato. Rispetto alla prima edizione, l'evento di perfezionamento per il settore pop, rock e jazz si \u00e8 aperto un po' in direzione della pedagogia generale. L'organizzatore Victor Wanderley ha sottolineato che il suo simposio non era rivolto solo agli insegnanti di PRJ, ma ai rappresentanti di tutti i generi musicali. Questa apertura ha funzionato molto bene per l'evento, ma si \u00e8 avuta l'impressione che i rappresentanti della musica classica non si siano (ancora) sentiti interpellati.<\/p>\n<p>L'evento si \u00e8 svolto in un \"formato di incontro\", il che significa che ai partecipanti \u00e8 stato dato ampio spazio per scambiare idee e condividere i loro risultati ed esperienze nella sessione plenaria. Tre esperti invitati hanno fornito importanti contributi, hanno guidato i workshop e stimolato le discussioni.\n<\/p><\/div>\n<div>\n<h3 class=\"\">\u00c8 tutto nel mix<\/h3>\n<\/div>\n<div class=\"text-section\">\n<p>Natalia Ardila-Mantilla, responsabile della Pedagogia strumentale e vocale presso l'Istituto di ricerca sull'educazione musicale dell'Universit\u00e0 di Musica e Teatro di Colonia, si occupa di ricerca sull'educazione musicale in contesti di apprendimento formali e informali e sullo sviluppo di concetti per l'apprendimento della musica in gruppi eterogenei. Ha fornito un'interessante introduzione con sei domande sulla loro storia educativa personale e su ci\u00f2 che ritengono di aver appreso nei vari contesti di apprendimento. Tutti hanno dovuto dare le proprie risposte nella sessione plenaria. Le intuizioni illuminanti che sono emerse sono state sorprendenti. Chiunque pensasse di poter dedurre i vantaggi di una o dell'altra forma di apprendimento si sbagliava tanto quanto chi pensava che l'apprendimento informale dovesse essere classificato come PRJ e quello formale come classico. La relatrice ha utilizzato i profili didattici che aveva creato nel suo lavoro di ricerca per dimostrare che le due forme di apprendimento si verificano pi\u00f9 o meno allo stesso modo da entrambe le parti. Ha ipotizzato quattro mondi di apprendimento: Lezioni, ensemble, performance e sfera privata, che possono essere organizzati in modo pi\u00f9 o meno formale o informale. \u00c8 fondamentale che ci sia un mix fruttuoso e che l'insegnante cerchi di influenzare i mondi di apprendimento informali dei suoi studenti.<\/p>\n<\/div>\n<div class=\"text-section\">\n<dl class=\"picture media photo large\">\n<dt>\n<figure style=\"width: 554px\" class=\"wp-caption alignnone\"><img loading=\"lazy\" decoding=\"async\" class=\"media photo large\" src=\"https:\/\/www.musikzeitung.ch\/wp-content\/uploads\/2023\/01\/pw1.jpg\" alt=\"\" width=\"554\" height=\"343\" \/><figcaption class=\"wp-caption-text\">Natalia Ardila-Mantilla<\/figcaption><\/figure><\/dt>\n<dd class=\"caption\"><\/dd>\n<\/dl>\n<\/div>\n<div>\n<h3 class=\"\">Pedagogia del freestyle<\/h3>\n<\/div>\n<div class=\"text-section\">\n<p>Nik B\u00e4rtsch, pianista jazz di successo internazionale originario di Zurigo e laureato in musica classica, ha descritto la sua carriera di studente di musica negli anni '70 e '80 e ha parlato della formazione e della coltivazione di comunit\u00e0 creative, del suo Club Exil, della serie dei luned\u00ec con la sua \"Ritual Groove Music\" con workshop e concerti. \"La creativit\u00e0 ha bisogno di strutture\", \u00e8 convinto B\u00e4rtsch. Le radici locali, un campo base, sono importanti per lui per poter lavorare a livello internazionale. Per questo si reca ogni giorno nel suo \"esilio\", definendo cos\u00ec casa ed esilio come congruenti. B\u00e4rtsch \u00e8 un sostenitore della \"pedagogia del freestyle\", che pone l'accento sull'iniziativa personale, sul \"fare, rischiare, imparare\". Aveva gi\u00e0 imparato questo \"modo selvaggio di imparare\" durante la sua impegnativa carriera di studente di musica. All'inizio la scuola di musica di Zurigo ha avuto difficolt\u00e0 con i suoi interessi: voleva suonare la batteria e il boogie-woogie e detestava gli spartiti. Queste cose non facevano parte della cultura didattica dell'epoca. Cos\u00ec non ebbe altra scelta che imparare da solo e in gruppi musicali. Alla fine, il ragazzo di talento incontr\u00f2 insegnanti di musica comprensivi che \"in qualche modo lo seguirono\" e lo aiutarono a trovare la sua strada.<\/p>\n<\/div>\n<div class=\"text-section\">\n<dl class=\"picture media photo large\">\n<dt>\n<figure style=\"width: 554px\" class=\"wp-caption alignnone\"><img loading=\"lazy\" decoding=\"async\" class=\"media photo large\" src=\"https:\/\/www.musikzeitung.ch\/wp-content\/uploads\/2023\/01\/pw2.jpg\" alt=\"Image \" width=\"554\" height=\"346\" \/><figcaption class=\"wp-caption-text\">Nik B\u00e4rtsch<\/figcaption><\/figure><\/dt>\n<dd class=\"caption\"><\/dd>\n<\/dl>\n<\/div>\n<div>\n<h3 class=\"\">\"Il ritmo \u00e8 tutto\"<\/h3>\n<\/div>\n<div class=\"text-section\">\n<p>Il pianista, batterista, matematico e docente al Jazzcampus di Basilea, Malcolm Braff, ci ha sorpreso con un approccio scientifico a un fenomeno non considerato accademico: il groove. Egli adotta un approccio opposto, per cos\u00ec dire, e tenta di spiegare e formalizzare il freestyle. Braff distingue tra ritmo musicale teorico e pratico: \"Nella musica popolare il ritmo non \u00e8 mai uguale\", ha sottolineato, aggiungendo \"nella musica classica non lo \u00e8 nemmeno\". Il groove nello swing si crea spostando e variando leggermente la lunghezza delle note. Con un gruppo di un quarto e due ottavi, ad esempio, questo pu\u00f2 significare un'approssimazione a una terzina. Questa regola pu\u00f2 essere utilizzata anche per rendere swing alcuni brani classici. Un esempio popolare \u00e8 Bach. Anche il valzer viennese non sarebbe un valzer se tutte e tre le note fossero suonate esattamente della stessa lunghezza. Braff ha illustrato graficamente questi spostamenti ritmici, partendo da una terzina pari come un triangolo isoscele, e ha suddiviso gli effetti ritmici in \"negative groove balance\" (o \"laidback\"), \"positive groove balance\" (spinta in avanti) e \"taking off the ground\/taking down to the ground\" (fraseggio attraverso il cambiamento degli accenti). Le dimostrazioni pratiche alla batteria e al pianoforte con ritmi alternati suonati simultaneamente a sinistra e a destra sono state impressionanti.<\/p>\n<\/div>\n<div class=\"text-section\">\n<dl class=\"picture media photo large\">\n<dt>\n<figure style=\"width: 554px\" class=\"wp-caption alignnone\"><img loading=\"lazy\" decoding=\"async\" class=\"media photo large\" src=\"https:\/\/www.musikzeitung.ch\/wp-content\/uploads\/2023\/01\/pw3.jpg\" alt=\" \" width=\"554\" height=\"409\" \/><figcaption class=\"wp-caption-text\">Malcolm Braff<\/figcaption><\/figure><\/dt>\n<dd class=\"caption\"><\/dd>\n<\/dl>\n<\/div>\n<div>\n<p>Il prossimo simposio PRJ si terr\u00e0 l'11 gennaio 2020.<\/p>\n<\/div>","protected":false},"excerpt":{"rendered":"<p><strong>Il 2\u00b0 Simposio di Pedagogia Pop-Rock-Jazz (PRJ) si \u00e8 concentrato sulle diverse forme di apprendimento e ha sfatato i pregiudizi comuni. <\/strong><\/p>","protected":false},"author":1,"featured_media":8957,"comment_status":"closed","ping_status":"closed","sticky":false,"template":"","format":"standard","meta":{"_acf_changed":false,"_relevanssi_hide_post":"","_relevanssi_hide_content":"","_relevanssi_pin_for_all":"","_relevanssi_pin_keywords":"","_relevanssi_unpin_keywords":"","_relevanssi_related_keywords":"","_relevanssi_related_include_ids":"","_relevanssi_related_exclude_ids":"","_relevanssi_related_no_append":"","_relevanssi_related_not_related":"","_relevanssi_related_posts":"","_relevanssi_noindex_reason":"","pgc_sgb_lightbox_settings":"","footnotes":""},"categories":[28,1540],"tags":[5221],"class_list":["post-8956","post","type-post","status-publish","format-standard","has-post-thumbnail","hentry","category-berichte","category-tagungen","tag-symposium-fuer-pop-rock-jazz-paedagogik"],"acf":[],"yoast_head":"<!-- This site is optimized with the Yoast SEO plugin v27.4 - https:\/\/yoast.com\/product\/yoast-seo-wordpress\/ -->\n<title>Wildes und geordnetes Lernen - Schweizer Musikzeitung<\/title>\n<meta name=\"description\" content=\"Das 2. Symposium f\u00fcr Pop-Rock-Jazz-P\u00e4dagogik (PRJ) befasste sich mit verschiedenen Lernformen und entkr\u00e4ftete g\u00e4ngige Vorurteile.\" \/>\n<meta name=\"robots\" content=\"index, follow, max-snippet:-1, max-image-preview:large, max-video-preview:-1\" \/>\n<link rel=\"canonical\" href=\"https:\/\/www.musikzeitung.ch\/it\/berichte\/2019\/02\/wildes-und-geordnetes-lernen\/\" \/>\n<meta property=\"og:locale\" content=\"it_IT\" \/>\n<meta property=\"og:type\" content=\"article\" \/>\n<meta property=\"og:title\" content=\"Wildes und geordnetes Lernen - Schweizer Musikzeitung\" \/>\n<meta property=\"og:description\" content=\"Das 2. Symposium f\u00fcr Pop-Rock-Jazz-P\u00e4dagogik (PRJ) befasste sich mit verschiedenen Lernformen und entkr\u00e4ftete g\u00e4ngige Vorurteile.\" \/>\n<meta property=\"og:url\" content=\"https:\/\/www.musikzeitung.ch\/it\/berichte\/2019\/02\/wildes-und-geordnetes-lernen\/\" \/>\n<meta property=\"og:site_name\" content=\"Schweizer Musikzeitung\" \/>\n<meta property=\"article:publisher\" content=\"https:\/\/www.facebook.com\/SchweizerMusikzeitung\/\" \/>\n<meta property=\"article:published_time\" content=\"2019-02-05T23:00:00+00:00\" \/>\n<meta property=\"article:modified_time\" content=\"2025-08-07T08:46:20+00:00\" \/>\n<meta property=\"og:image\" content=\"https:\/\/www.musikzeitung.ch\/wp-content\/uploads\/2023\/01\/pt-3.jpg\" \/>\n\t<meta property=\"og:image:width\" content=\"554\" \/>\n\t<meta property=\"og:image:height\" content=\"374\" \/>\n\t<meta property=\"og:image:type\" content=\"image\/jpeg\" \/>\n<meta name=\"author\" content=\"Musikzeitung-Redaktion\" \/>\n<meta name=\"twitter:card\" content=\"summary_large_image\" \/>\n<meta name=\"twitter:creator\" content=\"@smusikzeitung\" \/>\n<meta name=\"twitter:site\" content=\"@smusikzeitung\" \/>\n<meta name=\"twitter:label1\" content=\"Scritto da\" \/>\n\t<meta name=\"twitter:data1\" content=\"Musikzeitung-Redaktion\" \/>\n\t<meta name=\"twitter:label2\" content=\"Tempo di lettura stimato\" \/>\n\t<meta name=\"twitter:data2\" content=\"5 minuti\" \/>\n<script type=\"application\/ld+json\" class=\"yoast-schema-graph\">{\"@context\":\"https:\\\/\\\/schema.org\",\"@graph\":[{\"@type\":\"Article\",\"@id\":\"https:\\\/\\\/www.musikzeitung.ch\\\/berichte\\\/2019\\\/02\\\/wildes-und-geordnetes-lernen#article\",\"isPartOf\":{\"@id\":\"https:\\\/\\\/www.musikzeitung.ch\\\/berichte\\\/2019\\\/02\\\/wildes-und-geordnetes-lernen\"},\"author\":{\"name\":\"Musikzeitung-Redaktion\",\"@id\":\"https:\\\/\\\/www.musikzeitung.ch\\\/#\\\/schema\\\/person\\\/b2fd892c800856270b9dcc6001265712\"},\"headline\":\"Wildes und geordnetes Lernen\",\"datePublished\":\"2019-02-05T23:00:00+00:00\",\"dateModified\":\"2025-08-07T08:46:20+00:00\",\"mainEntityOfPage\":{\"@id\":\"https:\\\/\\\/www.musikzeitung.ch\\\/berichte\\\/2019\\\/02\\\/wildes-und-geordnetes-lernen\"},\"wordCount\":778,\"publisher\":{\"@id\":\"https:\\\/\\\/www.musikzeitung.ch\\\/#organization\"},\"image\":{\"@id\":\"https:\\\/\\\/www.musikzeitung.ch\\\/berichte\\\/2019\\\/02\\\/wildes-und-geordnetes-lernen#primaryimage\"},\"thumbnailUrl\":\"https:\\\/\\\/www.musikzeitung.ch\\\/wp-content\\\/uploads\\\/2023\\\/01\\\/pt-3.jpg\",\"keywords\":[\"Symposium f\u00fcr Pop-Rock-Jazz-P\u00e4dagogik\"],\"articleSection\":[\"Berichte\",\"Tagungen\"],\"inLanguage\":\"it-IT\"},{\"@type\":\"WebPage\",\"@id\":\"https:\\\/\\\/www.musikzeitung.ch\\\/berichte\\\/2019\\\/02\\\/wildes-und-geordnetes-lernen\",\"url\":\"https:\\\/\\\/www.musikzeitung.ch\\\/berichte\\\/2019\\\/02\\\/wildes-und-geordnetes-lernen\",\"name\":\"Wildes und geordnetes Lernen - Schweizer Musikzeitung\",\"isPartOf\":{\"@id\":\"https:\\\/\\\/www.musikzeitung.ch\\\/#website\"},\"primaryImageOfPage\":{\"@id\":\"https:\\\/\\\/www.musikzeitung.ch\\\/berichte\\\/2019\\\/02\\\/wildes-und-geordnetes-lernen#primaryimage\"},\"image\":{\"@id\":\"https:\\\/\\\/www.musikzeitung.ch\\\/berichte\\\/2019\\\/02\\\/wildes-und-geordnetes-lernen#primaryimage\"},\"thumbnailUrl\":\"https:\\\/\\\/www.musikzeitung.ch\\\/wp-content\\\/uploads\\\/2023\\\/01\\\/pt-3.jpg\",\"datePublished\":\"2019-02-05T23:00:00+00:00\",\"dateModified\":\"2025-08-07T08:46:20+00:00\",\"description\":\"Das 2. Symposium f\u00fcr Pop-Rock-Jazz-P\u00e4dagogik (PRJ) befasste sich mit verschiedenen Lernformen und entkr\u00e4ftete g\u00e4ngige Vorurteile.\",\"breadcrumb\":{\"@id\":\"https:\\\/\\\/www.musikzeitung.ch\\\/berichte\\\/2019\\\/02\\\/wildes-und-geordnetes-lernen#breadcrumb\"},\"inLanguage\":\"it-IT\",\"potentialAction\":[{\"@type\":\"ReadAction\",\"target\":[\"https:\\\/\\\/www.musikzeitung.ch\\\/berichte\\\/2019\\\/02\\\/wildes-und-geordnetes-lernen\"]}]},{\"@type\":\"ImageObject\",\"inLanguage\":\"it-IT\",\"@id\":\"https:\\\/\\\/www.musikzeitung.ch\\\/berichte\\\/2019\\\/02\\\/wildes-und-geordnetes-lernen#primaryimage\",\"url\":\"https:\\\/\\\/www.musikzeitung.ch\\\/wp-content\\\/uploads\\\/2023\\\/01\\\/pt-3.jpg\",\"contentUrl\":\"https:\\\/\\\/www.musikzeitung.ch\\\/wp-content\\\/uploads\\\/2023\\\/01\\\/pt-3.jpg\",\"width\":554,\"height\":374},{\"@type\":\"BreadcrumbList\",\"@id\":\"https:\\\/\\\/www.musikzeitung.ch\\\/berichte\\\/2019\\\/02\\\/wildes-und-geordnetes-lernen#breadcrumb\",\"itemListElement\":[{\"@type\":\"ListItem\",\"position\":1,\"name\":\"Home\",\"item\":\"https:\\\/\\\/www.musikzeitung.ch\\\/\"},{\"@type\":\"ListItem\",\"position\":2,\"name\":\"Wildes und geordnetes Lernen\"}]},{\"@type\":\"WebSite\",\"@id\":\"https:\\\/\\\/www.musikzeitung.ch\\\/#website\",\"url\":\"https:\\\/\\\/www.musikzeitung.ch\\\/\",\"name\":\"Schweizer Musikzeitung\",\"description\":\"Die f\u00fchrende sparten\u00fcbergreifende Monatszeitung in der Schweiz f\u00fcr musikalische Fragen.\",\"publisher\":{\"@id\":\"https:\\\/\\\/www.musikzeitung.ch\\\/#organization\"},\"potentialAction\":[{\"@type\":\"SearchAction\",\"target\":{\"@type\":\"EntryPoint\",\"urlTemplate\":\"https:\\\/\\\/www.musikzeitung.ch\\\/?s={search_term_string}\"},\"query-input\":{\"@type\":\"PropertyValueSpecification\",\"valueRequired\":true,\"valueName\":\"search_term_string\"}}],\"inLanguage\":\"it-IT\"},{\"@type\":\"Organization\",\"@id\":\"https:\\\/\\\/www.musikzeitung.ch\\\/#organization\",\"name\":\"Schweizer Musikzeitung\",\"url\":\"https:\\\/\\\/www.musikzeitung.ch\\\/\",\"logo\":{\"@type\":\"ImageObject\",\"inLanguage\":\"it-IT\",\"@id\":\"https:\\\/\\\/www.musikzeitung.ch\\\/#\\\/schema\\\/logo\\\/image\\\/\",\"url\":\"https:\\\/\\\/www.musikzeitung.ch\\\/wp-content\\\/uploads\\\/2023\\\/01\\\/SMZ_Schriftzug_Sprache.png\",\"contentUrl\":\"https:\\\/\\\/www.musikzeitung.ch\\\/wp-content\\\/uploads\\\/2023\\\/01\\\/SMZ_Schriftzug_Sprache.png\",\"width\":1400,\"height\":279,\"caption\":\"Schweizer Musikzeitung\"},\"image\":{\"@id\":\"https:\\\/\\\/www.musikzeitung.ch\\\/#\\\/schema\\\/logo\\\/image\\\/\"},\"sameAs\":[\"https:\\\/\\\/www.facebook.com\\\/SchweizerMusikzeitung\\\/\",\"https:\\\/\\\/x.com\\\/smusikzeitung\",\"https:\\\/\\\/www.instagram.com\\\/musikzeitung.ch\\\/\"]},{\"@type\":\"Person\",\"@id\":\"https:\\\/\\\/www.musikzeitung.ch\\\/#\\\/schema\\\/person\\\/b2fd892c800856270b9dcc6001265712\",\"name\":\"Musikzeitung-Redaktion\",\"image\":{\"@type\":\"ImageObject\",\"inLanguage\":\"it-IT\",\"@id\":\"https:\\\/\\\/www.musikzeitung.ch\\\/wp-content\\\/uploads\\\/2022\\\/05\\\/usericon_musikzeitung-96x96.jpg\",\"url\":\"https:\\\/\\\/www.musikzeitung.ch\\\/wp-content\\\/uploads\\\/2022\\\/05\\\/usericon_musikzeitung-96x96.jpg\",\"contentUrl\":\"https:\\\/\\\/www.musikzeitung.ch\\\/wp-content\\\/uploads\\\/2022\\\/05\\\/usericon_musikzeitung-96x96.jpg\",\"caption\":\"Musikzeitung-Redaktion\"},\"url\":\"https:\\\/\\\/www.musikzeitung.ch\\\/it\\\/author\\\/admin\"}]}<\/script>\n<!-- \/ Yoast SEO plugin. -->","yoast_head_json":{"title":"Apprendimento selvaggio e organizzato - Schweizer Musikzeitung","description":"Il 2\u00b0 Simposio di Pedagogia Pop-Rock-Jazz (PRJ) si \u00e8 concentrato sulle diverse forme di apprendimento e ha sfatato i pregiudizi comuni.","robots":{"index":"index","follow":"follow","max-snippet":"max-snippet:-1","max-image-preview":"max-image-preview:large","max-video-preview":"max-video-preview:-1"},"canonical":"https:\/\/www.musikzeitung.ch\/it\/berichte\/2019\/02\/wildes-und-geordnetes-lernen\/","og_locale":"it_IT","og_type":"article","og_title":"Wildes und geordnetes Lernen - Schweizer Musikzeitung","og_description":"Das 2. Symposium f\u00fcr Pop-Rock-Jazz-P\u00e4dagogik (PRJ) befasste sich mit verschiedenen Lernformen und entkr\u00e4ftete g\u00e4ngige Vorurteile.","og_url":"https:\/\/www.musikzeitung.ch\/it\/berichte\/2019\/02\/wildes-und-geordnetes-lernen\/","og_site_name":"Schweizer Musikzeitung","article_publisher":"https:\/\/www.facebook.com\/SchweizerMusikzeitung\/","article_published_time":"2019-02-05T23:00:00+00:00","article_modified_time":"2025-08-07T08:46:20+00:00","og_image":[{"width":554,"height":374,"url":"https:\/\/www.musikzeitung.ch\/wp-content\/uploads\/2023\/01\/pt-3.jpg","type":"image\/jpeg"}],"author":"Musikzeitung-Redaktion","twitter_card":"summary_large_image","twitter_creator":"@smusikzeitung","twitter_site":"@smusikzeitung","twitter_misc":{"Scritto da":"Musikzeitung-Redaktion","Tempo di lettura stimato":"5 minuti"},"schema":{"@context":"https:\/\/schema.org","@graph":[{"@type":"Article","@id":"https:\/\/www.musikzeitung.ch\/berichte\/2019\/02\/wildes-und-geordnetes-lernen#article","isPartOf":{"@id":"https:\/\/www.musikzeitung.ch\/berichte\/2019\/02\/wildes-und-geordnetes-lernen"},"author":{"name":"Musikzeitung-Redaktion","@id":"https:\/\/www.musikzeitung.ch\/#\/schema\/person\/b2fd892c800856270b9dcc6001265712"},"headline":"Wildes und geordnetes Lernen","datePublished":"2019-02-05T23:00:00+00:00","dateModified":"2025-08-07T08:46:20+00:00","mainEntityOfPage":{"@id":"https:\/\/www.musikzeitung.ch\/berichte\/2019\/02\/wildes-und-geordnetes-lernen"},"wordCount":778,"publisher":{"@id":"https:\/\/www.musikzeitung.ch\/#organization"},"image":{"@id":"https:\/\/www.musikzeitung.ch\/berichte\/2019\/02\/wildes-und-geordnetes-lernen#primaryimage"},"thumbnailUrl":"https:\/\/www.musikzeitung.ch\/wp-content\/uploads\/2023\/01\/pt-3.jpg","keywords":["Symposium f\u00fcr Pop-Rock-Jazz-P\u00e4dagogik"],"articleSection":["Berichte","Tagungen"],"inLanguage":"it-IT"},{"@type":"WebPage","@id":"https:\/\/www.musikzeitung.ch\/berichte\/2019\/02\/wildes-und-geordnetes-lernen","url":"https:\/\/www.musikzeitung.ch\/berichte\/2019\/02\/wildes-und-geordnetes-lernen","name":"Apprendimento selvaggio e organizzato - Schweizer Musikzeitung","isPartOf":{"@id":"https:\/\/www.musikzeitung.ch\/#website"},"primaryImageOfPage":{"@id":"https:\/\/www.musikzeitung.ch\/berichte\/2019\/02\/wildes-und-geordnetes-lernen#primaryimage"},"image":{"@id":"https:\/\/www.musikzeitung.ch\/berichte\/2019\/02\/wildes-und-geordnetes-lernen#primaryimage"},"thumbnailUrl":"https:\/\/www.musikzeitung.ch\/wp-content\/uploads\/2023\/01\/pt-3.jpg","datePublished":"2019-02-05T23:00:00+00:00","dateModified":"2025-08-07T08:46:20+00:00","description":"Il 2\u00b0 Simposio di Pedagogia Pop-Rock-Jazz (PRJ) si \u00e8 concentrato sulle diverse forme di apprendimento e ha sfatato i pregiudizi comuni.","breadcrumb":{"@id":"https:\/\/www.musikzeitung.ch\/berichte\/2019\/02\/wildes-und-geordnetes-lernen#breadcrumb"},"inLanguage":"it-IT","potentialAction":[{"@type":"ReadAction","target":["https:\/\/www.musikzeitung.ch\/berichte\/2019\/02\/wildes-und-geordnetes-lernen"]}]},{"@type":"ImageObject","inLanguage":"it-IT","@id":"https:\/\/www.musikzeitung.ch\/berichte\/2019\/02\/wildes-und-geordnetes-lernen#primaryimage","url":"https:\/\/www.musikzeitung.ch\/wp-content\/uploads\/2023\/01\/pt-3.jpg","contentUrl":"https:\/\/www.musikzeitung.ch\/wp-content\/uploads\/2023\/01\/pt-3.jpg","width":554,"height":374},{"@type":"BreadcrumbList","@id":"https:\/\/www.musikzeitung.ch\/berichte\/2019\/02\/wildes-und-geordnetes-lernen#breadcrumb","itemListElement":[{"@type":"ListItem","position":1,"name":"Home","item":"https:\/\/www.musikzeitung.ch\/"},{"@type":"ListItem","position":2,"name":"Wildes und geordnetes Lernen"}]},{"@type":"WebSite","@id":"https:\/\/www.musikzeitung.ch\/#website","url":"https:\/\/www.musikzeitung.ch\/","name":"Giornale musicale svizzero","description":"Il principale mensile interdisciplinare della Svizzera per le questioni musicali.","publisher":{"@id":"https:\/\/www.musikzeitung.ch\/#organization"},"potentialAction":[{"@type":"SearchAction","target":{"@type":"EntryPoint","urlTemplate":"https:\/\/www.musikzeitung.ch\/?s={search_term_string}"},"query-input":{"@type":"PropertyValueSpecification","valueRequired":true,"valueName":"search_term_string"}}],"inLanguage":"it-IT"},{"@type":"Organization","@id":"https:\/\/www.musikzeitung.ch\/#organization","name":"Giornale musicale svizzero","url":"https:\/\/www.musikzeitung.ch\/","logo":{"@type":"ImageObject","inLanguage":"it-IT","@id":"https:\/\/www.musikzeitung.ch\/#\/schema\/logo\/image\/","url":"https:\/\/www.musikzeitung.ch\/wp-content\/uploads\/2023\/01\/SMZ_Schriftzug_Sprache.png","contentUrl":"https:\/\/www.musikzeitung.ch\/wp-content\/uploads\/2023\/01\/SMZ_Schriftzug_Sprache.png","width":1400,"height":279,"caption":"Schweizer Musikzeitung"},"image":{"@id":"https:\/\/www.musikzeitung.ch\/#\/schema\/logo\/image\/"},"sameAs":["https:\/\/www.facebook.com\/SchweizerMusikzeitung\/","https:\/\/x.com\/smusikzeitung","https:\/\/www.instagram.com\/musikzeitung.ch\/"]},{"@type":"Person","@id":"https:\/\/www.musikzeitung.ch\/#\/schema\/person\/b2fd892c800856270b9dcc6001265712","name":"Redazione Musikzeitung","image":{"@type":"ImageObject","inLanguage":"it-IT","@id":"https:\/\/www.musikzeitung.ch\/wp-content\/uploads\/2022\/05\/usericon_musikzeitung-96x96.jpg","url":"https:\/\/www.musikzeitung.ch\/wp-content\/uploads\/2022\/05\/usericon_musikzeitung-96x96.jpg","contentUrl":"https:\/\/www.musikzeitung.ch\/wp-content\/uploads\/2022\/05\/usericon_musikzeitung-96x96.jpg","caption":"Musikzeitung-Redaktion"},"url":"https:\/\/www.musikzeitung.ch\/it\/author\/admin"}]}},"publishpress_future_workflow_manual_trigger":{"enabledWorkflows":[]},"_links":{"self":[{"href":"https:\/\/www.musikzeitung.ch\/it\/wp-json\/wp\/v2\/posts\/8956","targetHints":{"allow":["GET"]}}],"collection":[{"href":"https:\/\/www.musikzeitung.ch\/it\/wp-json\/wp\/v2\/posts"}],"about":[{"href":"https:\/\/www.musikzeitung.ch\/it\/wp-json\/wp\/v2\/types\/post"}],"author":[{"embeddable":true,"href":"https:\/\/www.musikzeitung.ch\/it\/wp-json\/wp\/v2\/users\/1"}],"replies":[{"embeddable":true,"href":"https:\/\/www.musikzeitung.ch\/it\/wp-json\/wp\/v2\/comments?post=8956"}],"version-history":[{"count":2,"href":"https:\/\/www.musikzeitung.ch\/it\/wp-json\/wp\/v2\/posts\/8956\/revisions"}],"predecessor-version":[{"id":66760,"href":"https:\/\/www.musikzeitung.ch\/it\/wp-json\/wp\/v2\/posts\/8956\/revisions\/66760"}],"wp:featuredmedia":[{"embeddable":true,"href":"https:\/\/www.musikzeitung.ch\/it\/wp-json\/wp\/v2\/media\/8957"}],"wp:attachment":[{"href":"https:\/\/www.musikzeitung.ch\/it\/wp-json\/wp\/v2\/media?parent=8956"}],"wp:term":[{"taxonomy":"category","embeddable":true,"href":"https:\/\/www.musikzeitung.ch\/it\/wp-json\/wp\/v2\/categories?post=8956"},{"taxonomy":"post_tag","embeddable":true,"href":"https:\/\/www.musikzeitung.ch\/it\/wp-json\/wp\/v2\/tags?post=8956"}],"curies":[{"name":"wp","href":"https:\/\/api.w.org\/{rel}","templated":true}]}}