{"id":9022,"date":"2014-07-03T00:00:00","date_gmt":"2014-07-02T23:00:00","guid":{"rendered":"https:\/\/www.musikzeitung.ch\/allgemein\/die-kontinuitaet-der-tonalitaet\/"},"modified":"2025-07-09T15:50:26","modified_gmt":"2025-07-09T13:50:26","slug":"die-kontinuitaet-der-tonalitaet","status":"publish","type":"post","link":"https:\/\/www.musikzeitung.ch\/it\/berichte\/2014\/07\/die-kontinuitaet-der-tonalitaet","title":{"rendered":"La continuit\u00e0 della tonalit\u00e0"},"content":{"rendered":"<figure style=\"width: 554px\" class=\"wp-caption alignnone\"><img loading=\"lazy\" decoding=\"async\" src=\"https:\/\/www.musikzeitung.ch\/wp-content\/uploads\/2023\/01\/tb-1.jpg\" alt=\"\" width=\"554\" height=\"356\" \/><figcaption class=\"wp-caption-text\">Dettaglio del volantino della conferenza. Immagine: Annette Ahrend, wortbildbuero.de<\/figcaption><\/figure>\n<div class=\"text-section\">\n<p>La tonalit\u00e0 \u00e8 una parola d'ordine centrale nei dibattiti sul modernismo musicale. Diverse parti discutono sulla valutazione della tonalit\u00e0 per la pratica compositiva della fine del XX e dell'inizio del XXI secolo - le posizioni vanno da un aggiornamento a un concetto di lotta a una visione del mondo fino alla completa negazione della sua rilevanza.<\/p>\n<h3>Analizzare i processi<\/h3>\n<p>Alla fine di maggio, un convegno internazionale presso l'Istituto di Musicologia dell'Universit\u00e0 di Basilea ha affrontato quest'area di tensione; si trattava della continuazione del convegno tenutosi in North Carolina nel 2010 sul tema della tonalit\u00e0 prima del 1950 (gli atti del convegno sono stati pubblicati nel 2012 col titolo <em>Tonalit\u00e0 1900-1950. Concetto e pratica<\/em> pubblicato da Franz Steiner, Stoccarda). A Basilea non si \u00e8 parlato solo del concetto e della pratica della tonalit\u00e0, ma anche del sistema tonale, della tonalit\u00e0 come metafora, della tonalit\u00e0 come utopia, come ha affermato Wolfgang Rathert nella sua conferenza di apertura. La tonalit\u00e0 appare sempre come il risultato di processi di appropriazione e trasformazione culturalmente modellati e allo stesso tempo altamente individuali; e la conferenza si \u00e8 posta l'obiettivo di analizzare questi processi.<\/p>\n<p>Ulrich Scheideler, ad esempio, ha spiegato come la tonalit\u00e0 sia intrinseca alle composizioni di Hans-Werner Henze, come le isole tonali (o citazioni) nell'ambiente atonale siano concepite come blocchi isolati o coperti da un doppio strato. Wolfgang Rathert ha utilizzato l'esempio dell'opera di Hindemith <em>L'armonia del mondo<\/em> una tonalit\u00e0 di relazioni. Hindemith non specifica una qualit\u00e0 intervallare, ma solo blocchi tonali che possono essere utilizzati per costruire diverse tonalit\u00e0. Hindemith intende la tonalit\u00e0 come funzionalit\u00e0. La tonalit\u00e0 \u00e8 qualsiasi sistema che sia autosufficiente; l'atonalit\u00e0 \u00e8 indicata quando si rinuncia alla funzionalit\u00e0 - o non \u00e8 possibile crearla.<\/p>\n<p>I processi di appropriazione di compositori ben noti come Luigi Nono (file di tutti gli intervalli a imbuto e divergenti), Gy\u00f6rgy Ligeti (diatonismo non tonale) e Leonard Bernstein (tonalit\u00e0 integrale) sono stati oggetto di discussione tanto quanto singoli compositori statunitensi che hanno ricevuto poca attenzione in questo Paese. George Rochberg (1918-2005), ad esempio, dopo una fase atonale e anche strettamente dodecafonica, nel suo terzo quartetto d'archi pass\u00f2 a una tonalit\u00e0 totale, quasi schubertiana, tra movimenti polistilistici nel terzo movimento - e si guadagn\u00f2 cos\u00ec l'accusa di aver tradito gli ideali del modernismo, come ha riferito Felix Meyer. Felix W\u00f6rner utilizz\u00f2 il testo di Thomas Ad\u00e9s <em>Quintetto per pianoforte<\/em> op. 20 del 2000 mostra che la tonalit\u00e0 \u00e8 presente anche nella musica pi\u00f9 recente, in particolare attraverso costellazioni e relazioni tra poli armonici di nuova concezione.<\/p>\n<h3>Tonalit\u00e0 - Atonalit\u00e0<\/h3>\n<p>Markus B\u00f6ggemann ha illustrato quanto combattiva sia stata a volte la lotta per la tonalit\u00e0 e l'atonalit\u00e0, fino alle pagine di cronaca. Ha citato il musicologo Friedrich Blume, che nel 1958 considerava ancora la tonalit\u00e0 come una caratteristica elementare della musica basata sul comune patrimonio naturale di toni.<\/p>\n<p>Nella musica pop, la tonalit\u00e0 \u00e8 la base, l'atonalit\u00e0 l'aberrazione; tuttavia, entrambe possono essere trovate e non sempre possono essere chiaramente classificate. Simon Obert ha riflettuto su cosa significhi effettivamente tonalit\u00e0 quando nessuna cadenza, nessun tono principale pu\u00f2 essere correlato a una tonalit\u00e0 maggiore-minore, quando la tonalit\u00e0 consiste nella natura ciclica di schemi di accordi che non seguono alcuna logica armonica, ma si limitano a disporre gli accordi in una struttura metrica (per esempio in<em> Non dimenticarmi<\/em> dei Red Hot Chili Peppers del 2002), in breve: se sia concepibile una \"tonalit\u00e0 senza centro\".<\/p>\n<p>Ulrich Mosch ha affermato che la tonalit\u00e0 richiede fondamentalmente un centro come sistema di riferimento; solo cos\u00ec l'armonia tonale \u00e8 in grado di costruire contesti molto pi\u00f9 ampi rispetto alla musica atonale e seriale. Tuttavia, l'onnipresente ondata di tonalit\u00e0 maggiore-minore rende quasi impossibile decidere se questo tipo di tonalit\u00e0 sia una base naturale o una trasformazione culturale - il che suggerisce gi\u00e0 un possibile tema della prossima conferenza.\n<\/p><\/div>","protected":false},"excerpt":{"rendered":"<p><strong>Una conferenza internazionale presso l'Istituto di Musicologia dell'Universit\u00e0 di Basilea si \u00e8 concentrata sul fenomeno della tonalit\u00e0 dopo il 1950. <\/strong><\/p>","protected":false},"author":1,"featured_media":9023,"comment_status":"closed","ping_status":"closed","sticky":false,"template":"","format":"standard","meta":{"_acf_changed":false,"_relevanssi_hide_post":"","_relevanssi_hide_content":"","_relevanssi_pin_for_all":"","_relevanssi_pin_keywords":"","_relevanssi_unpin_keywords":"","_relevanssi_related_keywords":"","_relevanssi_related_include_ids":"","_relevanssi_related_exclude_ids":"","_relevanssi_related_no_append":"","_relevanssi_related_not_related":"","_relevanssi_related_posts":"","_relevanssi_noindex_reason":"","pgc_sgb_lightbox_settings":"","footnotes":""},"categories":[28,1540],"tags":[5112,5111,5110],"class_list":["post-9022","post","type-post","status-publish","format-standard","has-post-thumbnail","hentry","category-berichte","category-tagungen","tag-atonalitaet","tag-musikalische-moderne","tag-tonalitaet"],"acf":[],"yoast_head":"<!-- This site is optimized with the Yoast SEO plugin v27.4 - https:\/\/yoast.com\/product\/yoast-seo-wordpress\/ -->\n<title>Die Kontinuit\u00e4t der Tonalit\u00e4t - Schweizer Musikzeitung<\/title>\n<meta name=\"description\" content=\"Eine internationale Konferenz am Musikwissenschaftlichen Institut der Universit\u00e4t Basel besch\u00e4ftigte sich mit dem Ph\u00e4nomen der Tonalit\u00e4t nach 1950.\" \/>\n<meta name=\"robots\" content=\"index, follow, max-snippet:-1, max-image-preview:large, max-video-preview:-1\" \/>\n<link rel=\"canonical\" href=\"https:\/\/www.musikzeitung.ch\/it\/berichte\/2014\/07\/die-kontinuitaet-der-tonalitaet\/\" \/>\n<meta property=\"og:locale\" content=\"it_IT\" \/>\n<meta property=\"og:type\" content=\"article\" \/>\n<meta property=\"og:title\" content=\"Die Kontinuit\u00e4t der Tonalit\u00e4t - Schweizer Musikzeitung\" \/>\n<meta property=\"og:description\" content=\"Eine internationale Konferenz am Musikwissenschaftlichen Institut der Universit\u00e4t Basel besch\u00e4ftigte sich mit dem Ph\u00e4nomen der Tonalit\u00e4t nach 1950.\" \/>\n<meta property=\"og:url\" content=\"https:\/\/www.musikzeitung.ch\/it\/berichte\/2014\/07\/die-kontinuitaet-der-tonalitaet\/\" \/>\n<meta property=\"og:site_name\" content=\"Schweizer Musikzeitung\" \/>\n<meta property=\"article:publisher\" content=\"https:\/\/www.facebook.com\/SchweizerMusikzeitung\/\" \/>\n<meta property=\"article:published_time\" content=\"2014-07-02T23:00:00+00:00\" \/>\n<meta property=\"article:modified_time\" content=\"2025-07-09T13:50:26+00:00\" \/>\n<meta property=\"og:image\" content=\"https:\/\/www.musikzeitung.ch\/wp-content\/uploads\/2023\/01\/tb-1.jpg\" \/>\n\t<meta property=\"og:image:width\" content=\"554\" \/>\n\t<meta property=\"og:image:height\" content=\"356\" \/>\n\t<meta property=\"og:image:type\" content=\"image\/jpeg\" \/>\n<meta name=\"author\" content=\"Musikzeitung-Redaktion\" \/>\n<meta name=\"twitter:card\" content=\"summary_large_image\" \/>\n<meta name=\"twitter:creator\" content=\"@smusikzeitung\" \/>\n<meta name=\"twitter:site\" content=\"@smusikzeitung\" \/>\n<meta name=\"twitter:label1\" content=\"Scritto da\" \/>\n\t<meta name=\"twitter:data1\" content=\"Musikzeitung-Redaktion\" \/>\n\t<meta name=\"twitter:label2\" content=\"Tempo di lettura stimato\" \/>\n\t<meta name=\"twitter:data2\" content=\"4 minuti\" \/>\n<script type=\"application\/ld+json\" class=\"yoast-schema-graph\">{\"@context\":\"https:\\\/\\\/schema.org\",\"@graph\":[{\"@type\":\"Article\",\"@id\":\"https:\\\/\\\/www.musikzeitung.ch\\\/berichte\\\/2014\\\/07\\\/die-kontinuitaet-der-tonalitaet#article\",\"isPartOf\":{\"@id\":\"https:\\\/\\\/www.musikzeitung.ch\\\/berichte\\\/2014\\\/07\\\/die-kontinuitaet-der-tonalitaet\"},\"author\":{\"name\":\"Musikzeitung-Redaktion\",\"@id\":\"https:\\\/\\\/www.musikzeitung.ch\\\/#\\\/schema\\\/person\\\/b2fd892c800856270b9dcc6001265712\"},\"headline\":\"Die Kontinuit\u00e4t der Tonalit\u00e4t\",\"datePublished\":\"2014-07-02T23:00:00+00:00\",\"dateModified\":\"2025-07-09T13:50:26+00:00\",\"mainEntityOfPage\":{\"@id\":\"https:\\\/\\\/www.musikzeitung.ch\\\/berichte\\\/2014\\\/07\\\/die-kontinuitaet-der-tonalitaet\"},\"wordCount\":635,\"publisher\":{\"@id\":\"https:\\\/\\\/www.musikzeitung.ch\\\/#organization\"},\"image\":{\"@id\":\"https:\\\/\\\/www.musikzeitung.ch\\\/berichte\\\/2014\\\/07\\\/die-kontinuitaet-der-tonalitaet#primaryimage\"},\"thumbnailUrl\":\"https:\\\/\\\/www.musikzeitung.ch\\\/wp-content\\\/uploads\\\/2023\\\/01\\\/tb-1.jpg\",\"keywords\":[\"Atonalit\u00e4t\",\"musikalische Moderne\",\"Tonalit\u00e4t\"],\"articleSection\":[\"Berichte\",\"Tagungen\"],\"inLanguage\":\"it-IT\"},{\"@type\":\"WebPage\",\"@id\":\"https:\\\/\\\/www.musikzeitung.ch\\\/berichte\\\/2014\\\/07\\\/die-kontinuitaet-der-tonalitaet\",\"url\":\"https:\\\/\\\/www.musikzeitung.ch\\\/berichte\\\/2014\\\/07\\\/die-kontinuitaet-der-tonalitaet\",\"name\":\"Die Kontinuit\u00e4t der Tonalit\u00e4t - Schweizer Musikzeitung\",\"isPartOf\":{\"@id\":\"https:\\\/\\\/www.musikzeitung.ch\\\/#website\"},\"primaryImageOfPage\":{\"@id\":\"https:\\\/\\\/www.musikzeitung.ch\\\/berichte\\\/2014\\\/07\\\/die-kontinuitaet-der-tonalitaet#primaryimage\"},\"image\":{\"@id\":\"https:\\\/\\\/www.musikzeitung.ch\\\/berichte\\\/2014\\\/07\\\/die-kontinuitaet-der-tonalitaet#primaryimage\"},\"thumbnailUrl\":\"https:\\\/\\\/www.musikzeitung.ch\\\/wp-content\\\/uploads\\\/2023\\\/01\\\/tb-1.jpg\",\"datePublished\":\"2014-07-02T23:00:00+00:00\",\"dateModified\":\"2025-07-09T13:50:26+00:00\",\"description\":\"Eine internationale Konferenz am Musikwissenschaftlichen Institut der Universit\u00e4t Basel besch\u00e4ftigte sich mit dem Ph\u00e4nomen der Tonalit\u00e4t nach 1950.\",\"breadcrumb\":{\"@id\":\"https:\\\/\\\/www.musikzeitung.ch\\\/berichte\\\/2014\\\/07\\\/die-kontinuitaet-der-tonalitaet#breadcrumb\"},\"inLanguage\":\"it-IT\",\"potentialAction\":[{\"@type\":\"ReadAction\",\"target\":[\"https:\\\/\\\/www.musikzeitung.ch\\\/berichte\\\/2014\\\/07\\\/die-kontinuitaet-der-tonalitaet\"]}]},{\"@type\":\"ImageObject\",\"inLanguage\":\"it-IT\",\"@id\":\"https:\\\/\\\/www.musikzeitung.ch\\\/berichte\\\/2014\\\/07\\\/die-kontinuitaet-der-tonalitaet#primaryimage\",\"url\":\"https:\\\/\\\/www.musikzeitung.ch\\\/wp-content\\\/uploads\\\/2023\\\/01\\\/tb-1.jpg\",\"contentUrl\":\"https:\\\/\\\/www.musikzeitung.ch\\\/wp-content\\\/uploads\\\/2023\\\/01\\\/tb-1.jpg\",\"width\":554,\"height\":356},{\"@type\":\"BreadcrumbList\",\"@id\":\"https:\\\/\\\/www.musikzeitung.ch\\\/berichte\\\/2014\\\/07\\\/die-kontinuitaet-der-tonalitaet#breadcrumb\",\"itemListElement\":[{\"@type\":\"ListItem\",\"position\":1,\"name\":\"Home\",\"item\":\"https:\\\/\\\/www.musikzeitung.ch\\\/\"},{\"@type\":\"ListItem\",\"position\":2,\"name\":\"Die Kontinuit\u00e4t der Tonalit\u00e4t\"}]},{\"@type\":\"WebSite\",\"@id\":\"https:\\\/\\\/www.musikzeitung.ch\\\/#website\",\"url\":\"https:\\\/\\\/www.musikzeitung.ch\\\/\",\"name\":\"Schweizer Musikzeitung\",\"description\":\"Die f\u00fchrende sparten\u00fcbergreifende Monatszeitung in der Schweiz f\u00fcr musikalische Fragen.\",\"publisher\":{\"@id\":\"https:\\\/\\\/www.musikzeitung.ch\\\/#organization\"},\"potentialAction\":[{\"@type\":\"SearchAction\",\"target\":{\"@type\":\"EntryPoint\",\"urlTemplate\":\"https:\\\/\\\/www.musikzeitung.ch\\\/?s={search_term_string}\"},\"query-input\":{\"@type\":\"PropertyValueSpecification\",\"valueRequired\":true,\"valueName\":\"search_term_string\"}}],\"inLanguage\":\"it-IT\"},{\"@type\":\"Organization\",\"@id\":\"https:\\\/\\\/www.musikzeitung.ch\\\/#organization\",\"name\":\"Schweizer Musikzeitung\",\"url\":\"https:\\\/\\\/www.musikzeitung.ch\\\/\",\"logo\":{\"@type\":\"ImageObject\",\"inLanguage\":\"it-IT\",\"@id\":\"https:\\\/\\\/www.musikzeitung.ch\\\/#\\\/schema\\\/logo\\\/image\\\/\",\"url\":\"https:\\\/\\\/www.musikzeitung.ch\\\/wp-content\\\/uploads\\\/2023\\\/01\\\/SMZ_Schriftzug_Sprache.png\",\"contentUrl\":\"https:\\\/\\\/www.musikzeitung.ch\\\/wp-content\\\/uploads\\\/2023\\\/01\\\/SMZ_Schriftzug_Sprache.png\",\"width\":1400,\"height\":279,\"caption\":\"Schweizer Musikzeitung\"},\"image\":{\"@id\":\"https:\\\/\\\/www.musikzeitung.ch\\\/#\\\/schema\\\/logo\\\/image\\\/\"},\"sameAs\":[\"https:\\\/\\\/www.facebook.com\\\/SchweizerMusikzeitung\\\/\",\"https:\\\/\\\/x.com\\\/smusikzeitung\",\"https:\\\/\\\/www.instagram.com\\\/musikzeitung.ch\\\/\"]},{\"@type\":\"Person\",\"@id\":\"https:\\\/\\\/www.musikzeitung.ch\\\/#\\\/schema\\\/person\\\/b2fd892c800856270b9dcc6001265712\",\"name\":\"Musikzeitung-Redaktion\",\"image\":{\"@type\":\"ImageObject\",\"inLanguage\":\"it-IT\",\"@id\":\"https:\\\/\\\/www.musikzeitung.ch\\\/wp-content\\\/uploads\\\/2022\\\/05\\\/usericon_musikzeitung-96x96.jpg\",\"url\":\"https:\\\/\\\/www.musikzeitung.ch\\\/wp-content\\\/uploads\\\/2022\\\/05\\\/usericon_musikzeitung-96x96.jpg\",\"contentUrl\":\"https:\\\/\\\/www.musikzeitung.ch\\\/wp-content\\\/uploads\\\/2022\\\/05\\\/usericon_musikzeitung-96x96.jpg\",\"caption\":\"Musikzeitung-Redaktion\"},\"url\":\"https:\\\/\\\/www.musikzeitung.ch\\\/it\\\/author\\\/admin\"}]}<\/script>\n<!-- \/ Yoast SEO plugin. -->","yoast_head_json":{"title":"La continuit\u00e0 della tonalit\u00e0 - Schweizer Musikzeitung","description":"Una conferenza internazionale presso l'Istituto di Musicologia dell'Universit\u00e0 di Basilea si \u00e8 concentrata sul fenomeno della tonalit\u00e0 dopo il 1950.","robots":{"index":"index","follow":"follow","max-snippet":"max-snippet:-1","max-image-preview":"max-image-preview:large","max-video-preview":"max-video-preview:-1"},"canonical":"https:\/\/www.musikzeitung.ch\/it\/berichte\/2014\/07\/die-kontinuitaet-der-tonalitaet\/","og_locale":"it_IT","og_type":"article","og_title":"Die Kontinuit\u00e4t der Tonalit\u00e4t - Schweizer Musikzeitung","og_description":"Eine internationale Konferenz am Musikwissenschaftlichen Institut der Universit\u00e4t Basel besch\u00e4ftigte sich mit dem Ph\u00e4nomen der Tonalit\u00e4t nach 1950.","og_url":"https:\/\/www.musikzeitung.ch\/it\/berichte\/2014\/07\/die-kontinuitaet-der-tonalitaet\/","og_site_name":"Schweizer Musikzeitung","article_publisher":"https:\/\/www.facebook.com\/SchweizerMusikzeitung\/","article_published_time":"2014-07-02T23:00:00+00:00","article_modified_time":"2025-07-09T13:50:26+00:00","og_image":[{"width":554,"height":356,"url":"https:\/\/www.musikzeitung.ch\/wp-content\/uploads\/2023\/01\/tb-1.jpg","type":"image\/jpeg"}],"author":"Musikzeitung-Redaktion","twitter_card":"summary_large_image","twitter_creator":"@smusikzeitung","twitter_site":"@smusikzeitung","twitter_misc":{"Scritto da":"Musikzeitung-Redaktion","Tempo di lettura stimato":"4 minuti"},"schema":{"@context":"https:\/\/schema.org","@graph":[{"@type":"Article","@id":"https:\/\/www.musikzeitung.ch\/berichte\/2014\/07\/die-kontinuitaet-der-tonalitaet#article","isPartOf":{"@id":"https:\/\/www.musikzeitung.ch\/berichte\/2014\/07\/die-kontinuitaet-der-tonalitaet"},"author":{"name":"Musikzeitung-Redaktion","@id":"https:\/\/www.musikzeitung.ch\/#\/schema\/person\/b2fd892c800856270b9dcc6001265712"},"headline":"Die Kontinuit\u00e4t der Tonalit\u00e4t","datePublished":"2014-07-02T23:00:00+00:00","dateModified":"2025-07-09T13:50:26+00:00","mainEntityOfPage":{"@id":"https:\/\/www.musikzeitung.ch\/berichte\/2014\/07\/die-kontinuitaet-der-tonalitaet"},"wordCount":635,"publisher":{"@id":"https:\/\/www.musikzeitung.ch\/#organization"},"image":{"@id":"https:\/\/www.musikzeitung.ch\/berichte\/2014\/07\/die-kontinuitaet-der-tonalitaet#primaryimage"},"thumbnailUrl":"https:\/\/www.musikzeitung.ch\/wp-content\/uploads\/2023\/01\/tb-1.jpg","keywords":["Atonalit\u00e4t","musikalische Moderne","Tonalit\u00e4t"],"articleSection":["Berichte","Tagungen"],"inLanguage":"it-IT"},{"@type":"WebPage","@id":"https:\/\/www.musikzeitung.ch\/berichte\/2014\/07\/die-kontinuitaet-der-tonalitaet","url":"https:\/\/www.musikzeitung.ch\/berichte\/2014\/07\/die-kontinuitaet-der-tonalitaet","name":"La continuit\u00e0 della tonalit\u00e0 - Schweizer Musikzeitung","isPartOf":{"@id":"https:\/\/www.musikzeitung.ch\/#website"},"primaryImageOfPage":{"@id":"https:\/\/www.musikzeitung.ch\/berichte\/2014\/07\/die-kontinuitaet-der-tonalitaet#primaryimage"},"image":{"@id":"https:\/\/www.musikzeitung.ch\/berichte\/2014\/07\/die-kontinuitaet-der-tonalitaet#primaryimage"},"thumbnailUrl":"https:\/\/www.musikzeitung.ch\/wp-content\/uploads\/2023\/01\/tb-1.jpg","datePublished":"2014-07-02T23:00:00+00:00","dateModified":"2025-07-09T13:50:26+00:00","description":"Una conferenza internazionale presso l'Istituto di Musicologia dell'Universit\u00e0 di Basilea si \u00e8 concentrata sul fenomeno della tonalit\u00e0 dopo il 1950.","breadcrumb":{"@id":"https:\/\/www.musikzeitung.ch\/berichte\/2014\/07\/die-kontinuitaet-der-tonalitaet#breadcrumb"},"inLanguage":"it-IT","potentialAction":[{"@type":"ReadAction","target":["https:\/\/www.musikzeitung.ch\/berichte\/2014\/07\/die-kontinuitaet-der-tonalitaet"]}]},{"@type":"ImageObject","inLanguage":"it-IT","@id":"https:\/\/www.musikzeitung.ch\/berichte\/2014\/07\/die-kontinuitaet-der-tonalitaet#primaryimage","url":"https:\/\/www.musikzeitung.ch\/wp-content\/uploads\/2023\/01\/tb-1.jpg","contentUrl":"https:\/\/www.musikzeitung.ch\/wp-content\/uploads\/2023\/01\/tb-1.jpg","width":554,"height":356},{"@type":"BreadcrumbList","@id":"https:\/\/www.musikzeitung.ch\/berichte\/2014\/07\/die-kontinuitaet-der-tonalitaet#breadcrumb","itemListElement":[{"@type":"ListItem","position":1,"name":"Home","item":"https:\/\/www.musikzeitung.ch\/"},{"@type":"ListItem","position":2,"name":"Die Kontinuit\u00e4t der Tonalit\u00e4t"}]},{"@type":"WebSite","@id":"https:\/\/www.musikzeitung.ch\/#website","url":"https:\/\/www.musikzeitung.ch\/","name":"Giornale musicale svizzero","description":"Il principale mensile interdisciplinare della Svizzera per le questioni musicali.","publisher":{"@id":"https:\/\/www.musikzeitung.ch\/#organization"},"potentialAction":[{"@type":"SearchAction","target":{"@type":"EntryPoint","urlTemplate":"https:\/\/www.musikzeitung.ch\/?s={search_term_string}"},"query-input":{"@type":"PropertyValueSpecification","valueRequired":true,"valueName":"search_term_string"}}],"inLanguage":"it-IT"},{"@type":"Organization","@id":"https:\/\/www.musikzeitung.ch\/#organization","name":"Giornale musicale svizzero","url":"https:\/\/www.musikzeitung.ch\/","logo":{"@type":"ImageObject","inLanguage":"it-IT","@id":"https:\/\/www.musikzeitung.ch\/#\/schema\/logo\/image\/","url":"https:\/\/www.musikzeitung.ch\/wp-content\/uploads\/2023\/01\/SMZ_Schriftzug_Sprache.png","contentUrl":"https:\/\/www.musikzeitung.ch\/wp-content\/uploads\/2023\/01\/SMZ_Schriftzug_Sprache.png","width":1400,"height":279,"caption":"Schweizer Musikzeitung"},"image":{"@id":"https:\/\/www.musikzeitung.ch\/#\/schema\/logo\/image\/"},"sameAs":["https:\/\/www.facebook.com\/SchweizerMusikzeitung\/","https:\/\/x.com\/smusikzeitung","https:\/\/www.instagram.com\/musikzeitung.ch\/"]},{"@type":"Person","@id":"https:\/\/www.musikzeitung.ch\/#\/schema\/person\/b2fd892c800856270b9dcc6001265712","name":"Redazione Musikzeitung","image":{"@type":"ImageObject","inLanguage":"it-IT","@id":"https:\/\/www.musikzeitung.ch\/wp-content\/uploads\/2022\/05\/usericon_musikzeitung-96x96.jpg","url":"https:\/\/www.musikzeitung.ch\/wp-content\/uploads\/2022\/05\/usericon_musikzeitung-96x96.jpg","contentUrl":"https:\/\/www.musikzeitung.ch\/wp-content\/uploads\/2022\/05\/usericon_musikzeitung-96x96.jpg","caption":"Musikzeitung-Redaktion"},"url":"https:\/\/www.musikzeitung.ch\/it\/author\/admin"}]}},"publishpress_future_workflow_manual_trigger":{"enabledWorkflows":[]},"_links":{"self":[{"href":"https:\/\/www.musikzeitung.ch\/it\/wp-json\/wp\/v2\/posts\/9022","targetHints":{"allow":["GET"]}}],"collection":[{"href":"https:\/\/www.musikzeitung.ch\/it\/wp-json\/wp\/v2\/posts"}],"about":[{"href":"https:\/\/www.musikzeitung.ch\/it\/wp-json\/wp\/v2\/types\/post"}],"author":[{"embeddable":true,"href":"https:\/\/www.musikzeitung.ch\/it\/wp-json\/wp\/v2\/users\/1"}],"replies":[{"embeddable":true,"href":"https:\/\/www.musikzeitung.ch\/it\/wp-json\/wp\/v2\/comments?post=9022"}],"version-history":[{"count":2,"href":"https:\/\/www.musikzeitung.ch\/it\/wp-json\/wp\/v2\/posts\/9022\/revisions"}],"predecessor-version":[{"id":66232,"href":"https:\/\/www.musikzeitung.ch\/it\/wp-json\/wp\/v2\/posts\/9022\/revisions\/66232"}],"wp:featuredmedia":[{"embeddable":true,"href":"https:\/\/www.musikzeitung.ch\/it\/wp-json\/wp\/v2\/media\/9023"}],"wp:attachment":[{"href":"https:\/\/www.musikzeitung.ch\/it\/wp-json\/wp\/v2\/media?parent=9022"}],"wp:term":[{"taxonomy":"category","embeddable":true,"href":"https:\/\/www.musikzeitung.ch\/it\/wp-json\/wp\/v2\/categories?post=9022"},{"taxonomy":"post_tag","embeddable":true,"href":"https:\/\/www.musikzeitung.ch\/it\/wp-json\/wp\/v2\/tags?post=9022"}],"curies":[{"name":"wp","href":"https:\/\/api.w.org\/{rel}","templated":true}]}}