{"id":9039,"date":"2022-05-02T00:00:00","date_gmt":"2022-05-01T23:00:00","guid":{"rendered":"https:\/\/www.musikzeitung.ch\/allgemein\/auf-den-spuren-eines-scharfrichters\/"},"modified":"2023-10-23T16:48:39","modified_gmt":"2023-10-23T14:48:39","slug":"auf-den-spuren-eines-scharfrichters","status":"publish","type":"post","link":"https:\/\/www.musikzeitung.ch\/it\/berichte\/2022\/05\/auf-den-spuren-eines-scharfrichters","title":{"rendered":"Sulle tracce di un boia"},"content":{"rendered":"<figure style=\"width: 554px\" class=\"wp-caption alignnone\"><img loading=\"lazy\" decoding=\"async\" src=\"https:\/\/www.musikzeitung.ch\/wp-content\/uploads\/2023\/01\/06_res_Baltz_Mengis.jpg\" alt=\"\" width=\"554\" height=\"369\" \/><figcaption class=\"wp-caption-text\">Reto Baumgartner nel ruolo di Baltz Mengis; Anna Murphy e Thomas K. J. Meyer. Foto: Dominic Kesseli<\/figcaption><\/figure>\n<div class=\"text-section\">\n<p>Quando oggi ci sediamo sulle nostre comode poltrone televisive, indignati per le nazioni che usano la pena di morte per sbarazzarsi dei malfattori, dimentichiamo troppo facilmente che fino a poco tempo fa facevamo esattamente la stessa cosa. Eravamo quasi imbattibili in termini di crudelt\u00e0. In termini di storia culturale, solo pochi istanti fa il boia Baltz Mengis, per conto delle autorit\u00e0 di Lucerna, torturava in tutti i modi possibili le confessioni di colpevolezza e le puniva con la morte. Le possibilit\u00e0 di chiarire seriamente i reati erano ancora molto modeste. E gli alti signori non volevano spingersi a tanto per la colpevolezza o l'innocenza di un paio di mogli sfacciate o di compagni riccioluti. Ma per mantenere la legge e l'ordine (o il potere e i benefici?), avevano bisogno di esecuzioni pubblicizzate. Anche Baltz Mengis ne fu responsabile e pag\u00f2 un prezzo elevato. Il boia fu condannato a una vita fuori dalla societ\u00e0.<\/p>\n<\/div>\n<div>\n<h3 class=\"\">Le posizioni sono invariate<\/h3>\n<\/div>\n<div class=\"text-section\">\n<p>Gli edifici in cui si sono svolti questi orrori si trovano ancora nel centro storico, proprio come trecento anni fa. Le piazze in cui gli accusati venivano pubblicamente torturati e umiliati sono ancora gli stessi luoghi in cui passeggiamo oggi con un gelato in mano. E anche il potere e la ricchezza che allora venivano brutalmente difesi sono stati trasferiti pi\u00f9 o meno senza soluzione di continuit\u00e0 ai giorni nostri. Oggi fanno parte della nostra prosperit\u00e0. La \"passeggiata sonora teatrale nelle viscere del XVII secolo\" offre una sorta di ricordo rispettoso delle innumerevoli persone torturate e giustiziate a Lucerna.<\/p>\n<p>Inizia nel Museo Storico, dove sta per iniziare un processo per determinare la colpevolezza o l'innocenza di Baltz Mengis, l'ultimo boia della citt\u00e0. Quando viene interrogato sul suo lavoro, vengono i brividi, anche senza tortura. Ma le domande portano su un terreno emotivamente scivoloso: \u00e8 un macellaio spregevole o una vittima pietosa di autorit\u00e0 senza scrupoli?<\/p>\n<p>Una melodia malinconica ci accompagna attraverso il ponte Spreuer, sul quale gli accusati entravano e uscivano dalla citt\u00e0 ogni giorno. Sui frontoni sono appesi gli stessi quadri di allora, che mostrano ci\u00f2 che \u00e8 buono e giusto e chi vale quanto. Pensando a questo, ci dileguiamo nei vicoli e seguiamo il boia nei suoi luoghi di lavoro. I suoni misteriosi ci attirano sempre di pi\u00f9 dietro gli angoli delle case, su per le scale buie e nei cortili. Sempre pi\u00f9 a fondo nelle viscere della citt\u00e0 vecchia, della storia e della nostra stessa coscienza. Lo spettacolo impressionante e la musica profondamente toccante riportano in vita il mondo di allora. E una sensazione sempre pi\u00f9 opprimente si diffonde man mano che ci rendiamo conto di ci\u00f2 che \u00e8 accaduto su questi sampietrini.\n<\/p><\/div>\n<div>\n<h3 class=\"\">Commemorazione multimediale<\/h3>\n<\/div>\n<div class=\"text-section\">\n<p>Infine, ci dirigiamo verso la Cappella di San Pietro, in memoria dei tanti uomini e donne che hanno percorso questo cammino prima di noi in un orrore inimmaginabile. Musica, teatro e proiezioni video si fondono in un'opera d'arte impressionante. Anna Murphy ci affascina con la sua ghironda e la sua voce magica e Thomas K. J. Meyer ci arriva dritto nelle viscere con un sassofono pi\u00f9 grande di lui. John Wolf Brennan ha composto questo oratorio e intreccia il tutto con vari strumenti a tastiera per creare un mondo sonoro ammaliante.<\/p>\n<p>Franziska Senn, Reto Baumgartner e Finn Krummenacher incarnano i loro personaggi in modo molto tangibile e vivido e padroneggiano i cambi di ruolo al volo con sorprendente facilit\u00e0. Con mezzi minimi, si trasformano da accusatore a imputato o da boia a chirurgo. Purtroppo, la magnifica produzione video di Susanne Hofer non pu\u00f2 dispiegare appieno la sua potenza, poich\u00e9 \u00e8 in qualche modo ostacolata dall'architettura della Cappella di San Pietro. Tuttavia, contribuisce molto all'esperienza impressionante. Ueli Blum e Dunja Bulinsky sono responsabili dell'idea, del concetto e del testo, Buschi Luginb\u00fchl della regia e Mariana Coviello della coreografia. Un grande team di collaboratori creativi li ha supportati nella realizzazione.\n<\/p><\/div>","protected":false},"excerpt":{"rendered":"<p><strong>La questione della colpa e dell'espiazione \u00e8 antica quanto l'umanit\u00e0 stessa. Cosa \u00e8 permesso fare a una persona e cosa no? E come dovrebbe essere punito chi fa ci\u00f2 che non gli \u00e8 permesso? La passeggiata panoramica \"Baltz Mengis\" attraverso il centro storico di Lucerna esplora queste domande.<\/strong><\/p>","protected":false},"author":1,"featured_media":9040,"comment_status":"closed","ping_status":"closed","sticky":false,"template":"","format":"standard","meta":{"_acf_changed":false,"_relevanssi_hide_post":"","_relevanssi_hide_content":"","_relevanssi_pin_for_all":"","_relevanssi_pin_keywords":"","_relevanssi_unpin_keywords":"","_relevanssi_related_keywords":"","_relevanssi_related_include_ids":"","_relevanssi_related_exclude_ids":"","_relevanssi_related_no_append":"","_relevanssi_related_not_related":"","_relevanssi_related_posts":"","_relevanssi_noindex_reason":"","pgc_sgb_lightbox_settings":"","footnotes":""},"categories":[2,28],"tags":[3200,3201],"class_list":["post-9039","post","type-post","status-publish","format-standard","has-post-thumbnail","hentry","category-anlaesse","category-berichte","tag-baltz-mengis","tag-luzern"],"acf":[],"yoast_head":"<!-- This site is optimized with the Yoast SEO plugin v27.5 - https:\/\/yoast.com\/product\/yoast-seo-wordpress\/ -->\n<title>Auf den Spuren eines Scharfrichters - Schweizer Musikzeitung<\/title>\n<meta name=\"description\" content=\"Die Frage nach Schuld und S\u00fchne ist so alt wie die Menschheit. Solchen Fragen sp\u00fcrt der szenische Gang \u00abBaltz Mengis\u00bb durch die Luzerner Altstadt nach.\" \/>\n<meta name=\"robots\" content=\"index, follow, max-snippet:-1, max-image-preview:large, max-video-preview:-1\" \/>\n<link rel=\"canonical\" href=\"https:\/\/www.musikzeitung.ch\/it\/berichte\/2022\/05\/auf-den-spuren-eines-scharfrichters\/\" \/>\n<meta property=\"og:locale\" content=\"it_IT\" \/>\n<meta property=\"og:type\" content=\"article\" \/>\n<meta property=\"og:title\" content=\"Auf den Spuren eines Scharfrichters - Schweizer Musikzeitung\" \/>\n<meta property=\"og:description\" content=\"Die Frage nach Schuld und S\u00fchne ist so alt wie die Menschheit. Solchen Fragen sp\u00fcrt der szenische Gang \u00abBaltz Mengis\u00bb durch die Luzerner Altstadt nach.\" \/>\n<meta property=\"og:url\" content=\"https:\/\/www.musikzeitung.ch\/it\/berichte\/2022\/05\/auf-den-spuren-eines-scharfrichters\/\" \/>\n<meta property=\"og:site_name\" content=\"Schweizer Musikzeitung\" \/>\n<meta property=\"article:publisher\" content=\"https:\/\/www.facebook.com\/SchweizerMusikzeitung\/\" \/>\n<meta property=\"article:published_time\" content=\"2022-05-01T23:00:00+00:00\" \/>\n<meta property=\"article:modified_time\" content=\"2023-10-23T14:48:39+00:00\" \/>\n<meta property=\"og:image\" content=\"https:\/\/www.musikzeitung.ch\/wp-content\/uploads\/2023\/01\/06_res_Baltz_Mengis.jpg\" \/>\n\t<meta property=\"og:image:width\" content=\"554\" \/>\n\t<meta property=\"og:image:height\" content=\"369\" \/>\n\t<meta property=\"og:image:type\" content=\"image\/jpeg\" \/>\n<meta name=\"author\" content=\"Musikzeitung-Redaktion\" \/>\n<meta name=\"twitter:card\" content=\"summary_large_image\" \/>\n<meta name=\"twitter:creator\" content=\"@smusikzeitung\" \/>\n<meta name=\"twitter:site\" content=\"@smusikzeitung\" \/>\n<meta name=\"twitter:label1\" content=\"Scritto da\" \/>\n\t<meta name=\"twitter:data1\" content=\"Musikzeitung-Redaktion\" \/>\n\t<meta name=\"twitter:label2\" content=\"Tempo di lettura stimato\" \/>\n\t<meta name=\"twitter:data2\" content=\"4 minuti\" \/>\n<script type=\"application\/ld+json\" class=\"yoast-schema-graph\">{\"@context\":\"https:\\\/\\\/schema.org\",\"@graph\":[{\"@type\":\"Article\",\"@id\":\"https:\\\/\\\/www.musikzeitung.ch\\\/berichte\\\/2022\\\/05\\\/auf-den-spuren-eines-scharfrichters#article\",\"isPartOf\":{\"@id\":\"https:\\\/\\\/www.musikzeitung.ch\\\/berichte\\\/2022\\\/05\\\/auf-den-spuren-eines-scharfrichters\"},\"author\":{\"name\":\"Musikzeitung-Redaktion\",\"@id\":\"https:\\\/\\\/www.musikzeitung.ch\\\/#\\\/schema\\\/person\\\/b2fd892c800856270b9dcc6001265712\"},\"headline\":\"Auf den Spuren eines Scharfrichters\",\"datePublished\":\"2022-05-01T23:00:00+00:00\",\"dateModified\":\"2023-10-23T14:48:39+00:00\",\"mainEntityOfPage\":{\"@id\":\"https:\\\/\\\/www.musikzeitung.ch\\\/berichte\\\/2022\\\/05\\\/auf-den-spuren-eines-scharfrichters\"},\"wordCount\":683,\"publisher\":{\"@id\":\"https:\\\/\\\/www.musikzeitung.ch\\\/#organization\"},\"image\":{\"@id\":\"https:\\\/\\\/www.musikzeitung.ch\\\/berichte\\\/2022\\\/05\\\/auf-den-spuren-eines-scharfrichters#primaryimage\"},\"thumbnailUrl\":\"https:\\\/\\\/www.musikzeitung.ch\\\/wp-content\\\/uploads\\\/2023\\\/01\\\/06_res_Baltz_Mengis.jpg\",\"keywords\":[\"Baltz Mengis\",\"Luzern\"],\"articleSection\":[\"Anl\u00e4sse\",\"Berichte\"],\"inLanguage\":\"it-IT\"},{\"@type\":\"WebPage\",\"@id\":\"https:\\\/\\\/www.musikzeitung.ch\\\/berichte\\\/2022\\\/05\\\/auf-den-spuren-eines-scharfrichters\",\"url\":\"https:\\\/\\\/www.musikzeitung.ch\\\/berichte\\\/2022\\\/05\\\/auf-den-spuren-eines-scharfrichters\",\"name\":\"Auf den Spuren eines Scharfrichters - Schweizer Musikzeitung\",\"isPartOf\":{\"@id\":\"https:\\\/\\\/www.musikzeitung.ch\\\/#website\"},\"primaryImageOfPage\":{\"@id\":\"https:\\\/\\\/www.musikzeitung.ch\\\/berichte\\\/2022\\\/05\\\/auf-den-spuren-eines-scharfrichters#primaryimage\"},\"image\":{\"@id\":\"https:\\\/\\\/www.musikzeitung.ch\\\/berichte\\\/2022\\\/05\\\/auf-den-spuren-eines-scharfrichters#primaryimage\"},\"thumbnailUrl\":\"https:\\\/\\\/www.musikzeitung.ch\\\/wp-content\\\/uploads\\\/2023\\\/01\\\/06_res_Baltz_Mengis.jpg\",\"datePublished\":\"2022-05-01T23:00:00+00:00\",\"dateModified\":\"2023-10-23T14:48:39+00:00\",\"description\":\"Die Frage nach Schuld und S\u00fchne ist so alt wie die Menschheit. Solchen Fragen sp\u00fcrt der szenische Gang \u00abBaltz Mengis\u00bb durch die Luzerner Altstadt nach.\",\"breadcrumb\":{\"@id\":\"https:\\\/\\\/www.musikzeitung.ch\\\/berichte\\\/2022\\\/05\\\/auf-den-spuren-eines-scharfrichters#breadcrumb\"},\"inLanguage\":\"it-IT\",\"potentialAction\":[{\"@type\":\"ReadAction\",\"target\":[\"https:\\\/\\\/www.musikzeitung.ch\\\/berichte\\\/2022\\\/05\\\/auf-den-spuren-eines-scharfrichters\"]}]},{\"@type\":\"ImageObject\",\"inLanguage\":\"it-IT\",\"@id\":\"https:\\\/\\\/www.musikzeitung.ch\\\/berichte\\\/2022\\\/05\\\/auf-den-spuren-eines-scharfrichters#primaryimage\",\"url\":\"https:\\\/\\\/www.musikzeitung.ch\\\/wp-content\\\/uploads\\\/2023\\\/01\\\/06_res_Baltz_Mengis.jpg\",\"contentUrl\":\"https:\\\/\\\/www.musikzeitung.ch\\\/wp-content\\\/uploads\\\/2023\\\/01\\\/06_res_Baltz_Mengis.jpg\",\"width\":554,\"height\":369},{\"@type\":\"BreadcrumbList\",\"@id\":\"https:\\\/\\\/www.musikzeitung.ch\\\/berichte\\\/2022\\\/05\\\/auf-den-spuren-eines-scharfrichters#breadcrumb\",\"itemListElement\":[{\"@type\":\"ListItem\",\"position\":1,\"name\":\"Home\",\"item\":\"https:\\\/\\\/www.musikzeitung.ch\\\/\"},{\"@type\":\"ListItem\",\"position\":2,\"name\":\"Auf den Spuren eines Scharfrichters\"}]},{\"@type\":\"WebSite\",\"@id\":\"https:\\\/\\\/www.musikzeitung.ch\\\/#website\",\"url\":\"https:\\\/\\\/www.musikzeitung.ch\\\/\",\"name\":\"Schweizer Musikzeitung\",\"description\":\"Die f\u00fchrende sparten\u00fcbergreifende Monatszeitung in der Schweiz f\u00fcr musikalische Fragen.\",\"publisher\":{\"@id\":\"https:\\\/\\\/www.musikzeitung.ch\\\/#organization\"},\"potentialAction\":[{\"@type\":\"SearchAction\",\"target\":{\"@type\":\"EntryPoint\",\"urlTemplate\":\"https:\\\/\\\/www.musikzeitung.ch\\\/?s={search_term_string}\"},\"query-input\":{\"@type\":\"PropertyValueSpecification\",\"valueRequired\":true,\"valueName\":\"search_term_string\"}}],\"inLanguage\":\"it-IT\"},{\"@type\":\"Organization\",\"@id\":\"https:\\\/\\\/www.musikzeitung.ch\\\/#organization\",\"name\":\"Schweizer Musikzeitung\",\"url\":\"https:\\\/\\\/www.musikzeitung.ch\\\/\",\"logo\":{\"@type\":\"ImageObject\",\"inLanguage\":\"it-IT\",\"@id\":\"https:\\\/\\\/www.musikzeitung.ch\\\/#\\\/schema\\\/logo\\\/image\\\/\",\"url\":\"https:\\\/\\\/www.musikzeitung.ch\\\/wp-content\\\/uploads\\\/2023\\\/01\\\/SMZ_Schriftzug_Sprache.png\",\"contentUrl\":\"https:\\\/\\\/www.musikzeitung.ch\\\/wp-content\\\/uploads\\\/2023\\\/01\\\/SMZ_Schriftzug_Sprache.png\",\"width\":1400,\"height\":279,\"caption\":\"Schweizer Musikzeitung\"},\"image\":{\"@id\":\"https:\\\/\\\/www.musikzeitung.ch\\\/#\\\/schema\\\/logo\\\/image\\\/\"},\"sameAs\":[\"https:\\\/\\\/www.facebook.com\\\/SchweizerMusikzeitung\\\/\",\"https:\\\/\\\/x.com\\\/smusikzeitung\",\"https:\\\/\\\/www.instagram.com\\\/musikzeitung.ch\\\/\"]},{\"@type\":\"Person\",\"@id\":\"https:\\\/\\\/www.musikzeitung.ch\\\/#\\\/schema\\\/person\\\/b2fd892c800856270b9dcc6001265712\",\"name\":\"Musikzeitung-Redaktion\",\"image\":{\"@type\":\"ImageObject\",\"inLanguage\":\"it-IT\",\"@id\":\"https:\\\/\\\/www.musikzeitung.ch\\\/wp-content\\\/uploads\\\/2022\\\/05\\\/usericon_musikzeitung-96x96.jpg\",\"url\":\"https:\\\/\\\/www.musikzeitung.ch\\\/wp-content\\\/uploads\\\/2022\\\/05\\\/usericon_musikzeitung-96x96.jpg\",\"contentUrl\":\"https:\\\/\\\/www.musikzeitung.ch\\\/wp-content\\\/uploads\\\/2022\\\/05\\\/usericon_musikzeitung-96x96.jpg\",\"caption\":\"Musikzeitung-Redaktion\"},\"url\":\"https:\\\/\\\/www.musikzeitung.ch\\\/it\\\/author\\\/admin\"}]}<\/script>\n<!-- \/ Yoast SEO plugin. -->","yoast_head_json":{"title":"Sulle tracce di un boia - Schweizer Musikzeitung","description":"La questione della colpa e dell'espiazione \u00e8 antica quanto l'umanit\u00e0 stessa. La passeggiata panoramica \u00abBaltz Mengis\u00bb attraverso il centro storico di Lucerna esplora queste domande.","robots":{"index":"index","follow":"follow","max-snippet":"max-snippet:-1","max-image-preview":"max-image-preview:large","max-video-preview":"max-video-preview:-1"},"canonical":"https:\/\/www.musikzeitung.ch\/it\/berichte\/2022\/05\/auf-den-spuren-eines-scharfrichters\/","og_locale":"it_IT","og_type":"article","og_title":"Auf den Spuren eines Scharfrichters - Schweizer Musikzeitung","og_description":"Die Frage nach Schuld und S\u00fchne ist so alt wie die Menschheit. Solchen Fragen sp\u00fcrt der szenische Gang \u00abBaltz Mengis\u00bb durch die Luzerner Altstadt nach.","og_url":"https:\/\/www.musikzeitung.ch\/it\/berichte\/2022\/05\/auf-den-spuren-eines-scharfrichters\/","og_site_name":"Schweizer Musikzeitung","article_publisher":"https:\/\/www.facebook.com\/SchweizerMusikzeitung\/","article_published_time":"2022-05-01T23:00:00+00:00","article_modified_time":"2023-10-23T14:48:39+00:00","og_image":[{"width":554,"height":369,"url":"https:\/\/www.musikzeitung.ch\/wp-content\/uploads\/2023\/01\/06_res_Baltz_Mengis.jpg","type":"image\/jpeg"}],"author":"Musikzeitung-Redaktion","twitter_card":"summary_large_image","twitter_creator":"@smusikzeitung","twitter_site":"@smusikzeitung","twitter_misc":{"Scritto da":"Musikzeitung-Redaktion","Tempo di lettura stimato":"4 minuti"},"schema":{"@context":"https:\/\/schema.org","@graph":[{"@type":"Article","@id":"https:\/\/www.musikzeitung.ch\/berichte\/2022\/05\/auf-den-spuren-eines-scharfrichters#article","isPartOf":{"@id":"https:\/\/www.musikzeitung.ch\/berichte\/2022\/05\/auf-den-spuren-eines-scharfrichters"},"author":{"name":"Musikzeitung-Redaktion","@id":"https:\/\/www.musikzeitung.ch\/#\/schema\/person\/b2fd892c800856270b9dcc6001265712"},"headline":"Auf den Spuren eines Scharfrichters","datePublished":"2022-05-01T23:00:00+00:00","dateModified":"2023-10-23T14:48:39+00:00","mainEntityOfPage":{"@id":"https:\/\/www.musikzeitung.ch\/berichte\/2022\/05\/auf-den-spuren-eines-scharfrichters"},"wordCount":683,"publisher":{"@id":"https:\/\/www.musikzeitung.ch\/#organization"},"image":{"@id":"https:\/\/www.musikzeitung.ch\/berichte\/2022\/05\/auf-den-spuren-eines-scharfrichters#primaryimage"},"thumbnailUrl":"https:\/\/www.musikzeitung.ch\/wp-content\/uploads\/2023\/01\/06_res_Baltz_Mengis.jpg","keywords":["Baltz Mengis","Luzern"],"articleSection":["Anl\u00e4sse","Berichte"],"inLanguage":"it-IT"},{"@type":"WebPage","@id":"https:\/\/www.musikzeitung.ch\/berichte\/2022\/05\/auf-den-spuren-eines-scharfrichters","url":"https:\/\/www.musikzeitung.ch\/berichte\/2022\/05\/auf-den-spuren-eines-scharfrichters","name":"Sulle tracce di un boia - Schweizer Musikzeitung","isPartOf":{"@id":"https:\/\/www.musikzeitung.ch\/#website"},"primaryImageOfPage":{"@id":"https:\/\/www.musikzeitung.ch\/berichte\/2022\/05\/auf-den-spuren-eines-scharfrichters#primaryimage"},"image":{"@id":"https:\/\/www.musikzeitung.ch\/berichte\/2022\/05\/auf-den-spuren-eines-scharfrichters#primaryimage"},"thumbnailUrl":"https:\/\/www.musikzeitung.ch\/wp-content\/uploads\/2023\/01\/06_res_Baltz_Mengis.jpg","datePublished":"2022-05-01T23:00:00+00:00","dateModified":"2023-10-23T14:48:39+00:00","description":"La questione della colpa e dell'espiazione \u00e8 antica quanto l'umanit\u00e0 stessa. La passeggiata panoramica \u00abBaltz Mengis\u00bb attraverso il centro storico di Lucerna esplora queste domande.","breadcrumb":{"@id":"https:\/\/www.musikzeitung.ch\/berichte\/2022\/05\/auf-den-spuren-eines-scharfrichters#breadcrumb"},"inLanguage":"it-IT","potentialAction":[{"@type":"ReadAction","target":["https:\/\/www.musikzeitung.ch\/berichte\/2022\/05\/auf-den-spuren-eines-scharfrichters"]}]},{"@type":"ImageObject","inLanguage":"it-IT","@id":"https:\/\/www.musikzeitung.ch\/berichte\/2022\/05\/auf-den-spuren-eines-scharfrichters#primaryimage","url":"https:\/\/www.musikzeitung.ch\/wp-content\/uploads\/2023\/01\/06_res_Baltz_Mengis.jpg","contentUrl":"https:\/\/www.musikzeitung.ch\/wp-content\/uploads\/2023\/01\/06_res_Baltz_Mengis.jpg","width":554,"height":369},{"@type":"BreadcrumbList","@id":"https:\/\/www.musikzeitung.ch\/berichte\/2022\/05\/auf-den-spuren-eines-scharfrichters#breadcrumb","itemListElement":[{"@type":"ListItem","position":1,"name":"Home","item":"https:\/\/www.musikzeitung.ch\/"},{"@type":"ListItem","position":2,"name":"Auf den Spuren eines Scharfrichters"}]},{"@type":"WebSite","@id":"https:\/\/www.musikzeitung.ch\/#website","url":"https:\/\/www.musikzeitung.ch\/","name":"Giornale musicale svizzero","description":"Il principale mensile interdisciplinare della Svizzera per le questioni musicali.","publisher":{"@id":"https:\/\/www.musikzeitung.ch\/#organization"},"potentialAction":[{"@type":"SearchAction","target":{"@type":"EntryPoint","urlTemplate":"https:\/\/www.musikzeitung.ch\/?s={search_term_string}"},"query-input":{"@type":"PropertyValueSpecification","valueRequired":true,"valueName":"search_term_string"}}],"inLanguage":"it-IT"},{"@type":"Organization","@id":"https:\/\/www.musikzeitung.ch\/#organization","name":"Giornale musicale svizzero","url":"https:\/\/www.musikzeitung.ch\/","logo":{"@type":"ImageObject","inLanguage":"it-IT","@id":"https:\/\/www.musikzeitung.ch\/#\/schema\/logo\/image\/","url":"https:\/\/www.musikzeitung.ch\/wp-content\/uploads\/2023\/01\/SMZ_Schriftzug_Sprache.png","contentUrl":"https:\/\/www.musikzeitung.ch\/wp-content\/uploads\/2023\/01\/SMZ_Schriftzug_Sprache.png","width":1400,"height":279,"caption":"Schweizer Musikzeitung"},"image":{"@id":"https:\/\/www.musikzeitung.ch\/#\/schema\/logo\/image\/"},"sameAs":["https:\/\/www.facebook.com\/SchweizerMusikzeitung\/","https:\/\/x.com\/smusikzeitung","https:\/\/www.instagram.com\/musikzeitung.ch\/"]},{"@type":"Person","@id":"https:\/\/www.musikzeitung.ch\/#\/schema\/person\/b2fd892c800856270b9dcc6001265712","name":"Redazione Musikzeitung","image":{"@type":"ImageObject","inLanguage":"it-IT","@id":"https:\/\/www.musikzeitung.ch\/wp-content\/uploads\/2022\/05\/usericon_musikzeitung-96x96.jpg","url":"https:\/\/www.musikzeitung.ch\/wp-content\/uploads\/2022\/05\/usericon_musikzeitung-96x96.jpg","contentUrl":"https:\/\/www.musikzeitung.ch\/wp-content\/uploads\/2022\/05\/usericon_musikzeitung-96x96.jpg","caption":"Musikzeitung-Redaktion"},"url":"https:\/\/www.musikzeitung.ch\/it\/author\/admin"}]}},"publishpress_future_workflow_manual_trigger":{"enabledWorkflows":[]},"_links":{"self":[{"href":"https:\/\/www.musikzeitung.ch\/it\/wp-json\/wp\/v2\/posts\/9039","targetHints":{"allow":["GET"]}}],"collection":[{"href":"https:\/\/www.musikzeitung.ch\/it\/wp-json\/wp\/v2\/posts"}],"about":[{"href":"https:\/\/www.musikzeitung.ch\/it\/wp-json\/wp\/v2\/types\/post"}],"author":[{"embeddable":true,"href":"https:\/\/www.musikzeitung.ch\/it\/wp-json\/wp\/v2\/users\/1"}],"replies":[{"embeddable":true,"href":"https:\/\/www.musikzeitung.ch\/it\/wp-json\/wp\/v2\/comments?post=9039"}],"version-history":[{"count":2,"href":"https:\/\/www.musikzeitung.ch\/it\/wp-json\/wp\/v2\/posts\/9039\/revisions"}],"predecessor-version":[{"id":48523,"href":"https:\/\/www.musikzeitung.ch\/it\/wp-json\/wp\/v2\/posts\/9039\/revisions\/48523"}],"wp:featuredmedia":[{"embeddable":true,"href":"https:\/\/www.musikzeitung.ch\/it\/wp-json\/wp\/v2\/media\/9040"}],"wp:attachment":[{"href":"https:\/\/www.musikzeitung.ch\/it\/wp-json\/wp\/v2\/media?parent=9039"}],"wp:term":[{"taxonomy":"category","embeddable":true,"href":"https:\/\/www.musikzeitung.ch\/it\/wp-json\/wp\/v2\/categories?post=9039"},{"taxonomy":"post_tag","embeddable":true,"href":"https:\/\/www.musikzeitung.ch\/it\/wp-json\/wp\/v2\/tags?post=9039"}],"curies":[{"name":"wp","href":"https:\/\/api.w.org\/{rel}","templated":true}]}}