{"id":9085,"date":"2019-10-23T00:00:00","date_gmt":"2019-10-22T23:00:00","guid":{"rendered":"https:\/\/www.musikzeitung.ch\/allgemein\/20-jahre-lustvoll-verkleinern\/"},"modified":"2025-03-28T11:09:12","modified_gmt":"2025-03-28T10:09:12","slug":"20-jahre-lustvoll-verkleinern","status":"publish","type":"post","link":"https:\/\/www.musikzeitung.ch\/it\/berichte\/2019\/10\/20-jahre-lustvoll-verkleinern","title":{"rendered":"20 anni di piacevole ridimensionamento"},"content":{"rendered":"<figure style=\"width: 554px\" class=\"wp-caption alignnone\"><img loading=\"lazy\" decoding=\"async\" src=\"https:\/\/www.musikzeitung.ch\/wp-content\/uploads\/2023\/01\/k1-1.jpg\" alt=\"\" width=\"554\" height=\"368\" \/><figcaption class=\"wp-caption-text\">Scena della rappresentazione del 20 ottobre. Foto: Niklaus R\u00fcegg<\/figcaption><\/figure>\n<div class=\"text-section\">\n<p>Se ci fosse un premio per il pi\u00f9 piccolo teatro d'opera del mondo - il <a href=\"https:\/\/www.operimknopfloch.ch\/\">Opera all'occhiello <\/a>sarebbe una candidata ideale. Vent'anni fa, il mezzosoprano Rosina Zoppi voleva fare \"qualcosa di spagnolo\" con il suo pianista spagnolo e mise in scena una zarzuela di Jos\u00e9 Serrano alla Keller 62: \"Venne bene, poi abbiamo continuato\", riferisce laconicamente Zoppi. All'epoca, gli interpreti partecipavano per idealismo e per un piccolo compenso: \"Le fondazioni sono comprensibilmente caute all'inizio. Se funziona una o due volte, il denaro scorre pi\u00f9 facilmente\". Oggi Zoppi pu\u00f2 pagare compensi ragionevoli e assumere persone valide. Fin dall'inizio, il concetto \u00e8 stato \"piccolo ma potente\", anche se il lavoro originale non deve essere sempre piccolo e potente. Al contrario, il cantante spesso porta in scena la grande opera, anche se radicalmente ridimensionata.<\/p>\n<p>L'anno scorso, per esempio, ha scelto il Grand Op\u00e9ra <em>Marie Stuart<\/em> del compositore svizzero Louis Niedermeyer: un'opera romantica in cinque atti con quasi 20 solisti, balletto, coro e orchestra. Il Teatro Stok si \u00e8 ritrovato con una partitura fortemente ridotta, sei cantanti e un ensemble di fiati di quattro elementi (flauto, oboe, clarinetto e fagotto): \"Ha funzionato meravigliosamente\", afferma la direttrice artistica, pur ammettendo che un ridimensionamento cos\u00ec radicale non \u00e8 possibile per tutti i compositori: \"Adoro Ravel, per esempio, ma non so come si possa ridurre questa musica a pochi strumenti\".<\/p>\n<\/div>\n<div>\n<h3 class=\"\">Scavi sotto la matita rossa<\/h3>\n<\/div>\n<div class=\"text-section\">\n<p>\"Quando cerco dei pezzi, mi interessano innanzitutto i temi. Poi cerco le ambientazioni adatte. Molte biblioteche ti propongono i loro tesori su internet\", dice Zoppi. In Italia \u00e8 pi\u00f9 difficile: \"Per la partitura della nostra produzione del prossimo anno, l'Amleto di Saverio Mercadante, abbiamo dovuto rivolgerci all'editore. Ma avevano solo le prime due pagine dell'opera\". Alla fine hanno trovato quello che cercavano nella biblioteca della Scala. C'era una partitura manoscritta, che prima doveva essere digitalizzata.<br \/>\nTra i compositori che sono venuti alla ribalta negli ultimi due decenni ci sono nomi noti; meno noti, invece, sono i pezzi come <em>Lo zoo <\/em>(Arthur Sullivan), <em>Marc'Antonio e Cleopatra<\/em> (Johann Adolf Hasse), <em>Bunbury<\/em> (Paul Burkhard), <em>Prestami tua moglie<\/em> (Ruggero Leoncavallo), <em>L'orso<\/em> (Willam Walton),<em> \u00d4 mon bel inconnu<\/em> (Reynaldo Hahn), <em>L'importanza di essere Franco<\/em> (Mario Castelnuovo-Tedesco), <em>Genevi\u00e8ve de Brabant<\/em> (Jacques Offenbach).<\/p>\n<p>La regista \u00e8 personalmente responsabile della drammaturgia. Non lesina sulla matita rossa, taglia intere parti, ne accorpa altre, fa cantare ruoli da pantaloni a uomini e viceversa. Spesso i cori vengono omessi del tutto o affidati ai solisti dell'ensemble. E poi c'\u00e8 l'orchestra: chiunque sia in grado di ridurre un'orchestra romantica a quattro strumenti a fiato pu\u00f2 arrangiare un'opera barocca per flauto, liuto, contrabbasso e clavicembalo, come nel caso della produzione di quest'anno.<\/p>\n<\/div>\n<div>\n<h3 class=\"\">Il cavaliere travestito \u00e8 una pop star<\/h3>\n<\/div>\n<div class=\"text-section\">\n<p>La produzione per l'anniversario dell'occhiello, l'opera in cinque atti e originariamente di cinque ore <em>Angelica, vincitrice di Alcina<\/em> fu composta da Johann Joseph Fux nel 1716 per celebrare la nascita del principe Leopoldo a Vienna. La prima dell'opera, sottotitolata \"Festa teatrale\", ebbe luogo all'aperto su due isole del parco Augarten di Vienna. La storia \u00e8 tratta da<em> L'eccesso di velocit\u00e0 Roland<\/em> (Italiano:<em> Orlando Paladino<\/em>), l'epopea eroica del 1516 di Ludovico Ariost, che ha costituito la base per una serie di opere sceniche musicali.<\/p>\n<p>Le pi\u00f9 note sono forse le opere di Handel <em>Alcina<\/em> e l'opera di Haydn <em>Orlando Paladino<\/em>. Nell'adattamento di Fux manca Rolando, ma compare la benevola principessa Angelica, che alla fine della commedia si caratterizza per la sua magnanima misericordia nei confronti dell'ingannevole Alcina. Alcina ama sia Medoro che Ruggero, che tiene entrambi su una delle sue isole. Medoro ama Angelica e Angelica ama Medoro. La donna parte quindi per il regno dell'isola di Alcina per liberare il suo amante. Nel frattempo, Ruggero, che in realt\u00e0 ama Bradamante, cade temporaneamente nel fascino di Alcina. Bradamante, travestita da cavaliere, e Angelica, che sta riducendo i poteri magici di Alcina, hanno infine la meglio e possono riabbracciare la loro amata.<\/p>\n<p>La realizzazione cameristica del brano da parte di Oper im Knopfloch si concentra sugli aspetti vocali finemente interpretati e talvolta virtuosi, nonch\u00e9 sulle interazioni intime tra i personaggi. Gli oggetti di scena e le scenografie sono quasi del tutto assenti. Gli intermezzi recitati permettono di classificare le scene. L'espediente drammaturgico di affiancare a Bradamante una cantante pop traduce in modo immediato il mondo sensoriale barocco nel presente.<\/p>\n<\/div>\n<div class=\"text-section\">\n<dl class=\"picture media photo large\">\n<dt>\n<figure style=\"width: 554px\" class=\"wp-caption alignnone\"><img loading=\"lazy\" decoding=\"async\" class=\"media photo large\" src=\"https:\/\/www.musikzeitung.ch\/wp-content\/uploads\/2023\/01\/k2.jpg\" alt=\" \" width=\"554\" height=\"475\" \/><figcaption class=\"wp-caption-text\">Il programma \u00e8 la vicinanza al pubblico. Foto: Niklaus R\u00fcegg<\/figcaption><\/figure><\/dt>\n<dd class=\"caption\"><\/dd>\n<\/dl>\n<\/div>","protected":false},"excerpt":{"rendered":"<p><strong>L'opera nell'occhiello \u00e8 nata come progetto unico. Oggi, il mini teatro dell'opera di Zurigo nel teatro Stok \u00e8 un'istituzione. <\/strong><\/p>","protected":false},"author":1,"featured_media":9086,"comment_status":"closed","ping_status":"closed","sticky":false,"template":"","format":"standard","meta":{"_acf_changed":false,"_relevanssi_hide_post":"","_relevanssi_hide_content":"","_relevanssi_pin_for_all":"","_relevanssi_pin_keywords":"","_relevanssi_unpin_keywords":"","_relevanssi_related_keywords":"","_relevanssi_related_include_ids":"","_relevanssi_related_exclude_ids":"","_relevanssi_related_no_append":"","_relevanssi_related_not_related":"","_relevanssi_related_posts":"","_relevanssi_noindex_reason":"","pgc_sgb_lightbox_settings":"","footnotes":""},"categories":[1531,28],"tags":[2277,2278],"class_list":["post-9085","post","type-post","status-publish","format-standard","has-post-thumbnail","hentry","category-auffuehrungen","category-berichte","tag-oper-im-knopfloch","tag-rosina-zoppi"],"acf":[],"yoast_head":"<!-- This site is optimized with the Yoast SEO plugin v27.4 - https:\/\/yoast.com\/product\/yoast-seo-wordpress\/ -->\n<title>20 Jahre lustvoll verkleinern - Schweizer Musikzeitung<\/title>\n<meta name=\"description\" content=\"Die Oper im Knopfloch begann als einmaliges Projekt. Heute ist das Z\u00fcrcher Mini-Opernhaus im Theater Stok eine Institution.\" \/>\n<meta name=\"robots\" content=\"index, follow, max-snippet:-1, max-image-preview:large, max-video-preview:-1\" \/>\n<link rel=\"canonical\" href=\"https:\/\/www.musikzeitung.ch\/it\/berichte\/2019\/10\/20-jahre-lustvoll-verkleinern\/\" \/>\n<meta property=\"og:locale\" content=\"it_IT\" \/>\n<meta property=\"og:type\" content=\"article\" \/>\n<meta property=\"og:title\" content=\"20 Jahre lustvoll verkleinern - Schweizer Musikzeitung\" \/>\n<meta property=\"og:description\" content=\"Die Oper im Knopfloch begann als einmaliges Projekt. Heute ist das Z\u00fcrcher Mini-Opernhaus im Theater Stok eine Institution.\" \/>\n<meta property=\"og:url\" content=\"https:\/\/www.musikzeitung.ch\/it\/berichte\/2019\/10\/20-jahre-lustvoll-verkleinern\/\" \/>\n<meta property=\"og:site_name\" content=\"Schweizer Musikzeitung\" \/>\n<meta property=\"article:publisher\" content=\"https:\/\/www.facebook.com\/SchweizerMusikzeitung\/\" \/>\n<meta property=\"article:published_time\" content=\"2019-10-22T23:00:00+00:00\" \/>\n<meta property=\"article:modified_time\" content=\"2025-03-28T10:09:12+00:00\" \/>\n<meta property=\"og:image\" content=\"https:\/\/www.musikzeitung.ch\/wp-content\/uploads\/2023\/01\/k1-1.jpg\" \/>\n\t<meta property=\"og:image:width\" content=\"554\" \/>\n\t<meta property=\"og:image:height\" content=\"368\" \/>\n\t<meta property=\"og:image:type\" content=\"image\/jpeg\" \/>\n<meta name=\"author\" content=\"Musikzeitung-Redaktion\" \/>\n<meta name=\"twitter:card\" content=\"summary_large_image\" \/>\n<meta name=\"twitter:creator\" content=\"@smusikzeitung\" \/>\n<meta name=\"twitter:site\" content=\"@smusikzeitung\" \/>\n<meta name=\"twitter:label1\" content=\"Scritto da\" \/>\n\t<meta name=\"twitter:data1\" content=\"Musikzeitung-Redaktion\" \/>\n\t<meta name=\"twitter:label2\" content=\"Tempo di lettura stimato\" \/>\n\t<meta name=\"twitter:data2\" content=\"5 minuti\" \/>\n<script type=\"application\/ld+json\" class=\"yoast-schema-graph\">{\"@context\":\"https:\\\/\\\/schema.org\",\"@graph\":[{\"@type\":\"Article\",\"@id\":\"https:\\\/\\\/www.musikzeitung.ch\\\/berichte\\\/2019\\\/10\\\/20-jahre-lustvoll-verkleinern#article\",\"isPartOf\":{\"@id\":\"https:\\\/\\\/www.musikzeitung.ch\\\/berichte\\\/2019\\\/10\\\/20-jahre-lustvoll-verkleinern\"},\"author\":{\"name\":\"Musikzeitung-Redaktion\",\"@id\":\"https:\\\/\\\/www.musikzeitung.ch\\\/#\\\/schema\\\/person\\\/b2fd892c800856270b9dcc6001265712\"},\"headline\":\"20 Jahre lustvoll verkleinern\",\"datePublished\":\"2019-10-22T23:00:00+00:00\",\"dateModified\":\"2025-03-28T10:09:12+00:00\",\"mainEntityOfPage\":{\"@id\":\"https:\\\/\\\/www.musikzeitung.ch\\\/berichte\\\/2019\\\/10\\\/20-jahre-lustvoll-verkleinern\"},\"wordCount\":791,\"publisher\":{\"@id\":\"https:\\\/\\\/www.musikzeitung.ch\\\/#organization\"},\"image\":{\"@id\":\"https:\\\/\\\/www.musikzeitung.ch\\\/berichte\\\/2019\\\/10\\\/20-jahre-lustvoll-verkleinern#primaryimage\"},\"thumbnailUrl\":\"https:\\\/\\\/www.musikzeitung.ch\\\/wp-content\\\/uploads\\\/2023\\\/01\\\/k1-1.jpg\",\"keywords\":[\"Oper im Knopfloch\",\"Rosina Zoppi\"],\"articleSection\":[\"Auff\u00fchrungen\",\"Berichte\"],\"inLanguage\":\"it-IT\"},{\"@type\":\"WebPage\",\"@id\":\"https:\\\/\\\/www.musikzeitung.ch\\\/berichte\\\/2019\\\/10\\\/20-jahre-lustvoll-verkleinern\",\"url\":\"https:\\\/\\\/www.musikzeitung.ch\\\/berichte\\\/2019\\\/10\\\/20-jahre-lustvoll-verkleinern\",\"name\":\"20 Jahre lustvoll verkleinern - Schweizer Musikzeitung\",\"isPartOf\":{\"@id\":\"https:\\\/\\\/www.musikzeitung.ch\\\/#website\"},\"primaryImageOfPage\":{\"@id\":\"https:\\\/\\\/www.musikzeitung.ch\\\/berichte\\\/2019\\\/10\\\/20-jahre-lustvoll-verkleinern#primaryimage\"},\"image\":{\"@id\":\"https:\\\/\\\/www.musikzeitung.ch\\\/berichte\\\/2019\\\/10\\\/20-jahre-lustvoll-verkleinern#primaryimage\"},\"thumbnailUrl\":\"https:\\\/\\\/www.musikzeitung.ch\\\/wp-content\\\/uploads\\\/2023\\\/01\\\/k1-1.jpg\",\"datePublished\":\"2019-10-22T23:00:00+00:00\",\"dateModified\":\"2025-03-28T10:09:12+00:00\",\"description\":\"Die Oper im Knopfloch begann als einmaliges Projekt. Heute ist das Z\u00fcrcher Mini-Opernhaus im Theater Stok eine Institution.\",\"breadcrumb\":{\"@id\":\"https:\\\/\\\/www.musikzeitung.ch\\\/berichte\\\/2019\\\/10\\\/20-jahre-lustvoll-verkleinern#breadcrumb\"},\"inLanguage\":\"it-IT\",\"potentialAction\":[{\"@type\":\"ReadAction\",\"target\":[\"https:\\\/\\\/www.musikzeitung.ch\\\/berichte\\\/2019\\\/10\\\/20-jahre-lustvoll-verkleinern\"]}]},{\"@type\":\"ImageObject\",\"inLanguage\":\"it-IT\",\"@id\":\"https:\\\/\\\/www.musikzeitung.ch\\\/berichte\\\/2019\\\/10\\\/20-jahre-lustvoll-verkleinern#primaryimage\",\"url\":\"https:\\\/\\\/www.musikzeitung.ch\\\/wp-content\\\/uploads\\\/2023\\\/01\\\/k1-1.jpg\",\"contentUrl\":\"https:\\\/\\\/www.musikzeitung.ch\\\/wp-content\\\/uploads\\\/2023\\\/01\\\/k1-1.jpg\",\"width\":554,\"height\":368},{\"@type\":\"BreadcrumbList\",\"@id\":\"https:\\\/\\\/www.musikzeitung.ch\\\/berichte\\\/2019\\\/10\\\/20-jahre-lustvoll-verkleinern#breadcrumb\",\"itemListElement\":[{\"@type\":\"ListItem\",\"position\":1,\"name\":\"Home\",\"item\":\"https:\\\/\\\/www.musikzeitung.ch\\\/\"},{\"@type\":\"ListItem\",\"position\":2,\"name\":\"20 Jahre lustvoll verkleinern\"}]},{\"@type\":\"WebSite\",\"@id\":\"https:\\\/\\\/www.musikzeitung.ch\\\/#website\",\"url\":\"https:\\\/\\\/www.musikzeitung.ch\\\/\",\"name\":\"Schweizer Musikzeitung\",\"description\":\"Die f\u00fchrende sparten\u00fcbergreifende Monatszeitung in der Schweiz f\u00fcr musikalische Fragen.\",\"publisher\":{\"@id\":\"https:\\\/\\\/www.musikzeitung.ch\\\/#organization\"},\"potentialAction\":[{\"@type\":\"SearchAction\",\"target\":{\"@type\":\"EntryPoint\",\"urlTemplate\":\"https:\\\/\\\/www.musikzeitung.ch\\\/?s={search_term_string}\"},\"query-input\":{\"@type\":\"PropertyValueSpecification\",\"valueRequired\":true,\"valueName\":\"search_term_string\"}}],\"inLanguage\":\"it-IT\"},{\"@type\":\"Organization\",\"@id\":\"https:\\\/\\\/www.musikzeitung.ch\\\/#organization\",\"name\":\"Schweizer Musikzeitung\",\"url\":\"https:\\\/\\\/www.musikzeitung.ch\\\/\",\"logo\":{\"@type\":\"ImageObject\",\"inLanguage\":\"it-IT\",\"@id\":\"https:\\\/\\\/www.musikzeitung.ch\\\/#\\\/schema\\\/logo\\\/image\\\/\",\"url\":\"https:\\\/\\\/www.musikzeitung.ch\\\/wp-content\\\/uploads\\\/2023\\\/01\\\/SMZ_Schriftzug_Sprache.png\",\"contentUrl\":\"https:\\\/\\\/www.musikzeitung.ch\\\/wp-content\\\/uploads\\\/2023\\\/01\\\/SMZ_Schriftzug_Sprache.png\",\"width\":1400,\"height\":279,\"caption\":\"Schweizer Musikzeitung\"},\"image\":{\"@id\":\"https:\\\/\\\/www.musikzeitung.ch\\\/#\\\/schema\\\/logo\\\/image\\\/\"},\"sameAs\":[\"https:\\\/\\\/www.facebook.com\\\/SchweizerMusikzeitung\\\/\",\"https:\\\/\\\/x.com\\\/smusikzeitung\",\"https:\\\/\\\/www.instagram.com\\\/musikzeitung.ch\\\/\"]},{\"@type\":\"Person\",\"@id\":\"https:\\\/\\\/www.musikzeitung.ch\\\/#\\\/schema\\\/person\\\/b2fd892c800856270b9dcc6001265712\",\"name\":\"Musikzeitung-Redaktion\",\"image\":{\"@type\":\"ImageObject\",\"inLanguage\":\"it-IT\",\"@id\":\"https:\\\/\\\/www.musikzeitung.ch\\\/wp-content\\\/uploads\\\/2022\\\/05\\\/usericon_musikzeitung-96x96.jpg\",\"url\":\"https:\\\/\\\/www.musikzeitung.ch\\\/wp-content\\\/uploads\\\/2022\\\/05\\\/usericon_musikzeitung-96x96.jpg\",\"contentUrl\":\"https:\\\/\\\/www.musikzeitung.ch\\\/wp-content\\\/uploads\\\/2022\\\/05\\\/usericon_musikzeitung-96x96.jpg\",\"caption\":\"Musikzeitung-Redaktion\"},\"url\":\"https:\\\/\\\/www.musikzeitung.ch\\\/it\\\/author\\\/admin\"}]}<\/script>\n<!-- \/ Yoast SEO plugin. -->","yoast_head_json":{"title":"20 Jahre lustvoll verkleinern - Schweizer Musikzeitung","description":"L'opera nell'occhiello \u00e8 nata come progetto unico. Oggi, il mini teatro dell'opera di Zurigo nel teatro Stok \u00e8 un'istituzione.","robots":{"index":"index","follow":"follow","max-snippet":"max-snippet:-1","max-image-preview":"max-image-preview:large","max-video-preview":"max-video-preview:-1"},"canonical":"https:\/\/www.musikzeitung.ch\/it\/berichte\/2019\/10\/20-jahre-lustvoll-verkleinern\/","og_locale":"it_IT","og_type":"article","og_title":"20 Jahre lustvoll verkleinern - Schweizer Musikzeitung","og_description":"Die Oper im Knopfloch begann als einmaliges Projekt. Heute ist das Z\u00fcrcher Mini-Opernhaus im Theater Stok eine Institution.","og_url":"https:\/\/www.musikzeitung.ch\/it\/berichte\/2019\/10\/20-jahre-lustvoll-verkleinern\/","og_site_name":"Schweizer Musikzeitung","article_publisher":"https:\/\/www.facebook.com\/SchweizerMusikzeitung\/","article_published_time":"2019-10-22T23:00:00+00:00","article_modified_time":"2025-03-28T10:09:12+00:00","og_image":[{"width":554,"height":368,"url":"https:\/\/www.musikzeitung.ch\/wp-content\/uploads\/2023\/01\/k1-1.jpg","type":"image\/jpeg"}],"author":"Musikzeitung-Redaktion","twitter_card":"summary_large_image","twitter_creator":"@smusikzeitung","twitter_site":"@smusikzeitung","twitter_misc":{"Scritto da":"Musikzeitung-Redaktion","Tempo di lettura stimato":"5 minuti"},"schema":{"@context":"https:\/\/schema.org","@graph":[{"@type":"Article","@id":"https:\/\/www.musikzeitung.ch\/berichte\/2019\/10\/20-jahre-lustvoll-verkleinern#article","isPartOf":{"@id":"https:\/\/www.musikzeitung.ch\/berichte\/2019\/10\/20-jahre-lustvoll-verkleinern"},"author":{"name":"Musikzeitung-Redaktion","@id":"https:\/\/www.musikzeitung.ch\/#\/schema\/person\/b2fd892c800856270b9dcc6001265712"},"headline":"20 Jahre lustvoll verkleinern","datePublished":"2019-10-22T23:00:00+00:00","dateModified":"2025-03-28T10:09:12+00:00","mainEntityOfPage":{"@id":"https:\/\/www.musikzeitung.ch\/berichte\/2019\/10\/20-jahre-lustvoll-verkleinern"},"wordCount":791,"publisher":{"@id":"https:\/\/www.musikzeitung.ch\/#organization"},"image":{"@id":"https:\/\/www.musikzeitung.ch\/berichte\/2019\/10\/20-jahre-lustvoll-verkleinern#primaryimage"},"thumbnailUrl":"https:\/\/www.musikzeitung.ch\/wp-content\/uploads\/2023\/01\/k1-1.jpg","keywords":["Oper im Knopfloch","Rosina Zoppi"],"articleSection":["Auff\u00fchrungen","Berichte"],"inLanguage":"it-IT"},{"@type":"WebPage","@id":"https:\/\/www.musikzeitung.ch\/berichte\/2019\/10\/20-jahre-lustvoll-verkleinern","url":"https:\/\/www.musikzeitung.ch\/berichte\/2019\/10\/20-jahre-lustvoll-verkleinern","name":"20 Jahre lustvoll verkleinern - Schweizer Musikzeitung","isPartOf":{"@id":"https:\/\/www.musikzeitung.ch\/#website"},"primaryImageOfPage":{"@id":"https:\/\/www.musikzeitung.ch\/berichte\/2019\/10\/20-jahre-lustvoll-verkleinern#primaryimage"},"image":{"@id":"https:\/\/www.musikzeitung.ch\/berichte\/2019\/10\/20-jahre-lustvoll-verkleinern#primaryimage"},"thumbnailUrl":"https:\/\/www.musikzeitung.ch\/wp-content\/uploads\/2023\/01\/k1-1.jpg","datePublished":"2019-10-22T23:00:00+00:00","dateModified":"2025-03-28T10:09:12+00:00","description":"L'opera nell'occhiello \u00e8 nata come progetto unico. Oggi, il mini teatro dell'opera di Zurigo nel teatro Stok \u00e8 un'istituzione.","breadcrumb":{"@id":"https:\/\/www.musikzeitung.ch\/berichte\/2019\/10\/20-jahre-lustvoll-verkleinern#breadcrumb"},"inLanguage":"it-IT","potentialAction":[{"@type":"ReadAction","target":["https:\/\/www.musikzeitung.ch\/berichte\/2019\/10\/20-jahre-lustvoll-verkleinern"]}]},{"@type":"ImageObject","inLanguage":"it-IT","@id":"https:\/\/www.musikzeitung.ch\/berichte\/2019\/10\/20-jahre-lustvoll-verkleinern#primaryimage","url":"https:\/\/www.musikzeitung.ch\/wp-content\/uploads\/2023\/01\/k1-1.jpg","contentUrl":"https:\/\/www.musikzeitung.ch\/wp-content\/uploads\/2023\/01\/k1-1.jpg","width":554,"height":368},{"@type":"BreadcrumbList","@id":"https:\/\/www.musikzeitung.ch\/berichte\/2019\/10\/20-jahre-lustvoll-verkleinern#breadcrumb","itemListElement":[{"@type":"ListItem","position":1,"name":"Home","item":"https:\/\/www.musikzeitung.ch\/"},{"@type":"ListItem","position":2,"name":"20 Jahre lustvoll verkleinern"}]},{"@type":"WebSite","@id":"https:\/\/www.musikzeitung.ch\/#website","url":"https:\/\/www.musikzeitung.ch\/","name":"Giornale musicale svizzero","description":"Il principale mensile interdisciplinare della Svizzera per le questioni musicali.","publisher":{"@id":"https:\/\/www.musikzeitung.ch\/#organization"},"potentialAction":[{"@type":"SearchAction","target":{"@type":"EntryPoint","urlTemplate":"https:\/\/www.musikzeitung.ch\/?s={search_term_string}"},"query-input":{"@type":"PropertyValueSpecification","valueRequired":true,"valueName":"search_term_string"}}],"inLanguage":"it-IT"},{"@type":"Organization","@id":"https:\/\/www.musikzeitung.ch\/#organization","name":"Giornale musicale svizzero","url":"https:\/\/www.musikzeitung.ch\/","logo":{"@type":"ImageObject","inLanguage":"it-IT","@id":"https:\/\/www.musikzeitung.ch\/#\/schema\/logo\/image\/","url":"https:\/\/www.musikzeitung.ch\/wp-content\/uploads\/2023\/01\/SMZ_Schriftzug_Sprache.png","contentUrl":"https:\/\/www.musikzeitung.ch\/wp-content\/uploads\/2023\/01\/SMZ_Schriftzug_Sprache.png","width":1400,"height":279,"caption":"Schweizer Musikzeitung"},"image":{"@id":"https:\/\/www.musikzeitung.ch\/#\/schema\/logo\/image\/"},"sameAs":["https:\/\/www.facebook.com\/SchweizerMusikzeitung\/","https:\/\/x.com\/smusikzeitung","https:\/\/www.instagram.com\/musikzeitung.ch\/"]},{"@type":"Person","@id":"https:\/\/www.musikzeitung.ch\/#\/schema\/person\/b2fd892c800856270b9dcc6001265712","name":"Redazione Musikzeitung","image":{"@type":"ImageObject","inLanguage":"it-IT","@id":"https:\/\/www.musikzeitung.ch\/wp-content\/uploads\/2022\/05\/usericon_musikzeitung-96x96.jpg","url":"https:\/\/www.musikzeitung.ch\/wp-content\/uploads\/2022\/05\/usericon_musikzeitung-96x96.jpg","contentUrl":"https:\/\/www.musikzeitung.ch\/wp-content\/uploads\/2022\/05\/usericon_musikzeitung-96x96.jpg","caption":"Musikzeitung-Redaktion"},"url":"https:\/\/www.musikzeitung.ch\/it\/author\/admin"}]}},"publishpress_future_workflow_manual_trigger":{"enabledWorkflows":[]},"_links":{"self":[{"href":"https:\/\/www.musikzeitung.ch\/it\/wp-json\/wp\/v2\/posts\/9085","targetHints":{"allow":["GET"]}}],"collection":[{"href":"https:\/\/www.musikzeitung.ch\/it\/wp-json\/wp\/v2\/posts"}],"about":[{"href":"https:\/\/www.musikzeitung.ch\/it\/wp-json\/wp\/v2\/types\/post"}],"author":[{"embeddable":true,"href":"https:\/\/www.musikzeitung.ch\/it\/wp-json\/wp\/v2\/users\/1"}],"replies":[{"embeddable":true,"href":"https:\/\/www.musikzeitung.ch\/it\/wp-json\/wp\/v2\/comments?post=9085"}],"version-history":[{"count":4,"href":"https:\/\/www.musikzeitung.ch\/it\/wp-json\/wp\/v2\/posts\/9085\/revisions"}],"predecessor-version":[{"id":64101,"href":"https:\/\/www.musikzeitung.ch\/it\/wp-json\/wp\/v2\/posts\/9085\/revisions\/64101"}],"wp:featuredmedia":[{"embeddable":true,"href":"https:\/\/www.musikzeitung.ch\/it\/wp-json\/wp\/v2\/media\/9086"}],"wp:attachment":[{"href":"https:\/\/www.musikzeitung.ch\/it\/wp-json\/wp\/v2\/media?parent=9085"}],"wp:term":[{"taxonomy":"category","embeddable":true,"href":"https:\/\/www.musikzeitung.ch\/it\/wp-json\/wp\/v2\/categories?post=9085"},{"taxonomy":"post_tag","embeddable":true,"href":"https:\/\/www.musikzeitung.ch\/it\/wp-json\/wp\/v2\/tags?post=9085"}],"curies":[{"name":"wp","href":"https:\/\/api.w.org\/{rel}","templated":true}]}}