{"id":9100,"date":"2019-04-15T00:00:00","date_gmt":"2019-04-14T23:00:00","guid":{"rendered":"https:\/\/www.musikzeitung.ch\/allgemein\/indiana-jones-und-beethoven\/"},"modified":"2024-10-11T15:00:47","modified_gmt":"2024-10-11T13:00:47","slug":"indiana-jones-und-beethoven","status":"publish","type":"post","link":"https:\/\/www.musikzeitung.ch\/it\/berichte\/2019\/04\/indiana-jones-und-beethoven","title":{"rendered":"Indiana Jones e Beethoven"},"content":{"rendered":"<figure style=\"width: 554px\" class=\"wp-caption alignnone\"><img loading=\"lazy\" decoding=\"async\" src=\"https:\/\/www.musikzeitung.ch\/wp-content\/uploads\/2023\/01\/mm-5.jpg\" alt=\"\" width=\"554\" height=\"369\" \/><figcaption class=\"wp-caption-text\">Foto: Messe Frankfurt Exhibition GmbH \/ Petra Welzel<\/figcaption><\/figure>\n<div class=\"text-section\">\n<p>Non ero mai stato nella Hall 12 prima d'ora. La prima cosa che faccio qui \u00e8 entrare in un mondo alla Indiana Jones. Una giungla sovrasta rovine in rovina, si sentono i suoni degli animali e dell'acqua, la nebbia attraversa lo scenario: un'azienda specializzata in proiezioni ed effetti mostra le sue capacit\u00e0 su larga scala. Anche dopo aver attraversato la natura selvaggia, l'intero padiglione \u00e8 dedicato alle tecnologie per eventi e media, dalla pavimentazione per la danza al controllo laser. Fa parte della fiera partner prolight + sound, che si svolge contemporaneamente alla Musikmesse.<\/p>\n<p>Mentre qui si affollano molti visitatori (almeno 90 uomini %), nei padiglioni della Musikmesse la situazione \u00e8 pi\u00f9 tranquilla. Almeno nel padiglione 3.1, dove ho un appuntamento con i rappresentanti degli editori musicali. L'anno scorso, i loro stand si trovavano in una sala rumorosa, in mezzo a una banda di ottoni della Bundeswehr, tra gli altri. Gli strumenti a corda e le fisarmoniche con cui condividono lo spazio quest'anno sono molto pi\u00f9 adatti a discussioni sulle ultime edizioni di spartiti e libri musicali. Tuttavia, la sala ha ora un angolo vuoto.\n<\/p><\/div>\n<div>\n<h3 class=\"\">L'analogico \u00e8 anche digitale<\/h3>\n<\/div>\n<div class=\"text-section\">\n<p>Gli espositori delle case editrici sono in effetti meno numerosi, gli editori pi\u00f9 piccoli sono spesso presenti solo in stand collettivi e i rappresentanti nazionali delle rispettive industrie musicali sono ormai pochissimi. \u00c8 una conseguenza della digitalizzazione? Un programma editoriale pu\u00f2 essere facilmente visualizzato e consultato online. Gli strumenti musicali, invece, vogliono ancora essere visti e suonati in forma analogica, anche se molti di essi sono stati da tempo dotati di funzioni digitali. Ad esempio, i pianoforti che possono essere trasformati in pianoforti digitali con la semplice pressione di un tasto, con il suono proveniente dalle cuffie, o le batterie compatibili con la casa. Verranno presentati materiali per la costruzione di strumenti, modellati sul legno ma migliorati, come si suol dire; e violini dalla stampante 3D. Un'innovazione che ha gi\u00e0 ottenuto diversi riconoscimenti \u00e8 il lettore musicale Gvido, che si apre come un taccuino ed \u00e8 composto da due pagine o schermi in formato verticale su cui si possono scrivere e salvare appunti. Inoltre, gli stand che offrono legno sonoro coltivato o strumenti terapeutici, come la culla sonora per adulti in cui ci si pu\u00f2 sdraiare e lasciarsi trasportare dai suoni delle corde, sembrano allontanarsi deliberatamente dalla tecnica.<\/p>\n<\/div>\n<div>\n<h3 class=\"\">Fiera o esposizione pubblica<\/h3>\n<\/div>\n<div class=\"text-section\">\n<p>La crescente popolarit\u00e0 della Fiera del Libro di Lipsia gioca probabilmente anche un ruolo nella riduzione dell'elenco degli espositori per quanto riguarda gli editori musicali. Si tratta di una fiera per il grande pubblico. A Francoforte, l'attenzione \u00e8 rivolta alla tendenza opposta. Nel catalogo ufficiale della fiera, Detlef Braun, CEO di Messe Frankfurt, spiega il nuovo concetto, secondo il quale la fiera vera e propria non dura pi\u00f9 fino al sabato: \"Prima gli affari! (...) Per la prima volta, l'evento si aprir\u00e0 in quattro giorni lavorativi (...), enfatizzando l'attenzione per i visitatori professionali\". Il pubblico in generale e gli abitanti della citt\u00e0 sono invitati al Musikmesse Festival, con concerti nell'area espositiva e nei locali cittadini, e al Plaza Saturday, un misto di mercato musicale e festa popolare. Le scolaresche sono invitate al Centro Congressi, dove possono provare strumenti musicali di ogni tipo.<\/p>\n<p>La fiera per gli esperti, lo spettacolo per il pubblico: tutto ci\u00f2 ha senso. Tuttavia, gli editori, i cui contatti professionali, cio\u00e8 i commercianti di musica, sono sempre meno, probabilmente non sono serviti da questo. \u00c8 quindi comprensibile che guardino a Lipsia. Si pensa addirittura di organizzare una propria fiera musicale in autunno. Per il momento, tuttavia, si trovano a Francoforte e stanno anche chiarendo su cosa si concentrer\u00e0 l'industria della musica classica l'anno prossimo: Beethoven! Il 250\u00b0 anniversario della sua nascita si svolge giustamente gi\u00e0 qui, perch\u00e9 ci\u00f2 che verr\u00e0 suonato e discusso nel 2020 \u00e8 gi\u00e0 disponibile in edizioni di spartiti e libri.\n<\/p><\/div>","protected":false},"excerpt":{"rendered":"<p><strong>Musikmesse e prolight + sound si sono svolti a Francoforte dal 2 al 5 aprile 2019. Il grande evento non \u00e8 (o non \u00e8 pi\u00f9) ugualmente attraente per tutti. <\/strong><\/p>","protected":false},"author":1,"featured_media":9101,"comment_status":"closed","ping_status":"closed","sticky":false,"template":"","format":"standard","meta":{"_acf_changed":false,"_relevanssi_hide_post":"","_relevanssi_hide_content":"","_relevanssi_pin_for_all":"","_relevanssi_pin_keywords":"","_relevanssi_unpin_keywords":"","_relevanssi_related_keywords":"","_relevanssi_related_include_ids":"","_relevanssi_related_exclude_ids":"","_relevanssi_related_no_append":"","_relevanssi_related_not_related":"","_relevanssi_related_posts":"","_relevanssi_noindex_reason":"","pgc_sgb_lightbox_settings":"","footnotes":""},"categories":[1550,28],"tags":[4373],"class_list":["post-9100","post","type-post","status-publish","format-standard","has-post-thumbnail","hentry","category-ausstellungen","category-berichte","tag-musikmesse-frankfurt"],"acf":[],"yoast_head":"<!-- This site is optimized with the Yoast SEO plugin v27.4 - https:\/\/yoast.com\/product\/yoast-seo-wordpress\/ -->\n<title>Indiana Jones und Beethoven - Schweizer Musikzeitung<\/title>\n<meta name=\"robots\" content=\"index, follow, max-snippet:-1, max-image-preview:large, max-video-preview:-1\" \/>\n<link rel=\"canonical\" href=\"https:\/\/www.musikzeitung.ch\/it\/berichte\/2019\/04\/indiana-jones-und-beethoven\/\" \/>\n<meta property=\"og:locale\" content=\"it_IT\" \/>\n<meta property=\"og:type\" content=\"article\" \/>\n<meta property=\"og:title\" content=\"Indiana Jones und Beethoven - Schweizer Musikzeitung\" \/>\n<meta property=\"og:description\" content=\"Vom 2. bis 5. April 2019 fanden in Frankfurt die Musikmesse und prolight + sound statt. Der Grossanlass ist nicht (mehr) f\u00fcr alle gleich attraktiv.\" \/>\n<meta property=\"og:url\" content=\"https:\/\/www.musikzeitung.ch\/it\/berichte\/2019\/04\/indiana-jones-und-beethoven\/\" \/>\n<meta property=\"og:site_name\" content=\"Schweizer Musikzeitung\" \/>\n<meta property=\"article:publisher\" content=\"https:\/\/www.facebook.com\/SchweizerMusikzeitung\/\" \/>\n<meta property=\"article:published_time\" content=\"2019-04-14T23:00:00+00:00\" \/>\n<meta property=\"article:modified_time\" content=\"2024-10-11T13:00:47+00:00\" \/>\n<meta property=\"og:image\" content=\"https:\/\/www.musikzeitung.ch\/wp-content\/uploads\/2023\/01\/mm-5.jpg\" \/>\n\t<meta property=\"og:image:width\" content=\"554\" \/>\n\t<meta property=\"og:image:height\" content=\"369\" \/>\n\t<meta property=\"og:image:type\" content=\"image\/jpeg\" \/>\n<meta name=\"author\" content=\"Musikzeitung-Redaktion\" \/>\n<meta name=\"twitter:card\" content=\"summary_large_image\" \/>\n<meta name=\"twitter:creator\" content=\"@smusikzeitung\" \/>\n<meta name=\"twitter:site\" content=\"@smusikzeitung\" \/>\n<meta name=\"twitter:label1\" content=\"Scritto da\" \/>\n\t<meta name=\"twitter:data1\" content=\"Musikzeitung-Redaktion\" \/>\n\t<meta name=\"twitter:label2\" content=\"Tempo di lettura stimato\" \/>\n\t<meta name=\"twitter:data2\" content=\"4 minuti\" \/>\n<script type=\"application\/ld+json\" class=\"yoast-schema-graph\">{\"@context\":\"https:\\\/\\\/schema.org\",\"@graph\":[{\"@type\":\"Article\",\"@id\":\"https:\\\/\\\/www.musikzeitung.ch\\\/berichte\\\/2019\\\/04\\\/indiana-jones-und-beethoven#article\",\"isPartOf\":{\"@id\":\"https:\\\/\\\/www.musikzeitung.ch\\\/berichte\\\/2019\\\/04\\\/indiana-jones-und-beethoven\"},\"author\":{\"name\":\"Musikzeitung-Redaktion\",\"@id\":\"https:\\\/\\\/www.musikzeitung.ch\\\/#\\\/schema\\\/person\\\/b2fd892c800856270b9dcc6001265712\"},\"headline\":\"Indiana Jones und Beethoven\",\"datePublished\":\"2019-04-14T23:00:00+00:00\",\"dateModified\":\"2024-10-11T13:00:47+00:00\",\"mainEntityOfPage\":{\"@id\":\"https:\\\/\\\/www.musikzeitung.ch\\\/berichte\\\/2019\\\/04\\\/indiana-jones-und-beethoven\"},\"wordCount\":610,\"publisher\":{\"@id\":\"https:\\\/\\\/www.musikzeitung.ch\\\/#organization\"},\"image\":{\"@id\":\"https:\\\/\\\/www.musikzeitung.ch\\\/berichte\\\/2019\\\/04\\\/indiana-jones-und-beethoven#primaryimage\"},\"thumbnailUrl\":\"https:\\\/\\\/www.musikzeitung.ch\\\/wp-content\\\/uploads\\\/2023\\\/01\\\/mm-5.jpg\",\"keywords\":[\"Musikmesse Frankfurt\"],\"articleSection\":[\"Ausstellungen\",\"Berichte\"],\"inLanguage\":\"it-IT\"},{\"@type\":\"WebPage\",\"@id\":\"https:\\\/\\\/www.musikzeitung.ch\\\/berichte\\\/2019\\\/04\\\/indiana-jones-und-beethoven\",\"url\":\"https:\\\/\\\/www.musikzeitung.ch\\\/berichte\\\/2019\\\/04\\\/indiana-jones-und-beethoven\",\"name\":\"Indiana Jones und Beethoven - Schweizer Musikzeitung\",\"isPartOf\":{\"@id\":\"https:\\\/\\\/www.musikzeitung.ch\\\/#website\"},\"primaryImageOfPage\":{\"@id\":\"https:\\\/\\\/www.musikzeitung.ch\\\/berichte\\\/2019\\\/04\\\/indiana-jones-und-beethoven#primaryimage\"},\"image\":{\"@id\":\"https:\\\/\\\/www.musikzeitung.ch\\\/berichte\\\/2019\\\/04\\\/indiana-jones-und-beethoven#primaryimage\"},\"thumbnailUrl\":\"https:\\\/\\\/www.musikzeitung.ch\\\/wp-content\\\/uploads\\\/2023\\\/01\\\/mm-5.jpg\",\"datePublished\":\"2019-04-14T23:00:00+00:00\",\"dateModified\":\"2024-10-11T13:00:47+00:00\",\"breadcrumb\":{\"@id\":\"https:\\\/\\\/www.musikzeitung.ch\\\/berichte\\\/2019\\\/04\\\/indiana-jones-und-beethoven#breadcrumb\"},\"inLanguage\":\"it-IT\",\"potentialAction\":[{\"@type\":\"ReadAction\",\"target\":[\"https:\\\/\\\/www.musikzeitung.ch\\\/berichte\\\/2019\\\/04\\\/indiana-jones-und-beethoven\"]}]},{\"@type\":\"ImageObject\",\"inLanguage\":\"it-IT\",\"@id\":\"https:\\\/\\\/www.musikzeitung.ch\\\/berichte\\\/2019\\\/04\\\/indiana-jones-und-beethoven#primaryimage\",\"url\":\"https:\\\/\\\/www.musikzeitung.ch\\\/wp-content\\\/uploads\\\/2023\\\/01\\\/mm-5.jpg\",\"contentUrl\":\"https:\\\/\\\/www.musikzeitung.ch\\\/wp-content\\\/uploads\\\/2023\\\/01\\\/mm-5.jpg\",\"width\":554,\"height\":369},{\"@type\":\"BreadcrumbList\",\"@id\":\"https:\\\/\\\/www.musikzeitung.ch\\\/berichte\\\/2019\\\/04\\\/indiana-jones-und-beethoven#breadcrumb\",\"itemListElement\":[{\"@type\":\"ListItem\",\"position\":1,\"name\":\"Home\",\"item\":\"https:\\\/\\\/www.musikzeitung.ch\\\/\"},{\"@type\":\"ListItem\",\"position\":2,\"name\":\"Indiana Jones und Beethoven\"}]},{\"@type\":\"WebSite\",\"@id\":\"https:\\\/\\\/www.musikzeitung.ch\\\/#website\",\"url\":\"https:\\\/\\\/www.musikzeitung.ch\\\/\",\"name\":\"Schweizer Musikzeitung\",\"description\":\"Die f\u00fchrende sparten\u00fcbergreifende Monatszeitung in der Schweiz f\u00fcr musikalische Fragen.\",\"publisher\":{\"@id\":\"https:\\\/\\\/www.musikzeitung.ch\\\/#organization\"},\"potentialAction\":[{\"@type\":\"SearchAction\",\"target\":{\"@type\":\"EntryPoint\",\"urlTemplate\":\"https:\\\/\\\/www.musikzeitung.ch\\\/?s={search_term_string}\"},\"query-input\":{\"@type\":\"PropertyValueSpecification\",\"valueRequired\":true,\"valueName\":\"search_term_string\"}}],\"inLanguage\":\"it-IT\"},{\"@type\":\"Organization\",\"@id\":\"https:\\\/\\\/www.musikzeitung.ch\\\/#organization\",\"name\":\"Schweizer Musikzeitung\",\"url\":\"https:\\\/\\\/www.musikzeitung.ch\\\/\",\"logo\":{\"@type\":\"ImageObject\",\"inLanguage\":\"it-IT\",\"@id\":\"https:\\\/\\\/www.musikzeitung.ch\\\/#\\\/schema\\\/logo\\\/image\\\/\",\"url\":\"https:\\\/\\\/www.musikzeitung.ch\\\/wp-content\\\/uploads\\\/2023\\\/01\\\/SMZ_Schriftzug_Sprache.png\",\"contentUrl\":\"https:\\\/\\\/www.musikzeitung.ch\\\/wp-content\\\/uploads\\\/2023\\\/01\\\/SMZ_Schriftzug_Sprache.png\",\"width\":1400,\"height\":279,\"caption\":\"Schweizer Musikzeitung\"},\"image\":{\"@id\":\"https:\\\/\\\/www.musikzeitung.ch\\\/#\\\/schema\\\/logo\\\/image\\\/\"},\"sameAs\":[\"https:\\\/\\\/www.facebook.com\\\/SchweizerMusikzeitung\\\/\",\"https:\\\/\\\/x.com\\\/smusikzeitung\",\"https:\\\/\\\/www.instagram.com\\\/musikzeitung.ch\\\/\"]},{\"@type\":\"Person\",\"@id\":\"https:\\\/\\\/www.musikzeitung.ch\\\/#\\\/schema\\\/person\\\/b2fd892c800856270b9dcc6001265712\",\"name\":\"Musikzeitung-Redaktion\",\"image\":{\"@type\":\"ImageObject\",\"inLanguage\":\"it-IT\",\"@id\":\"https:\\\/\\\/www.musikzeitung.ch\\\/wp-content\\\/uploads\\\/2022\\\/05\\\/usericon_musikzeitung-96x96.jpg\",\"url\":\"https:\\\/\\\/www.musikzeitung.ch\\\/wp-content\\\/uploads\\\/2022\\\/05\\\/usericon_musikzeitung-96x96.jpg\",\"contentUrl\":\"https:\\\/\\\/www.musikzeitung.ch\\\/wp-content\\\/uploads\\\/2022\\\/05\\\/usericon_musikzeitung-96x96.jpg\",\"caption\":\"Musikzeitung-Redaktion\"},\"url\":\"https:\\\/\\\/www.musikzeitung.ch\\\/it\\\/author\\\/admin\"}]}<\/script>\n<!-- \/ Yoast SEO plugin. -->","yoast_head_json":{"title":"Indiana Jones e Beethoven - Schweizer Musikzeitung","robots":{"index":"index","follow":"follow","max-snippet":"max-snippet:-1","max-image-preview":"max-image-preview:large","max-video-preview":"max-video-preview:-1"},"canonical":"https:\/\/www.musikzeitung.ch\/it\/berichte\/2019\/04\/indiana-jones-und-beethoven\/","og_locale":"it_IT","og_type":"article","og_title":"Indiana Jones und Beethoven - Schweizer Musikzeitung","og_description":"Vom 2. bis 5. April 2019 fanden in Frankfurt die Musikmesse und prolight + sound statt. Der Grossanlass ist nicht (mehr) f\u00fcr alle gleich attraktiv.","og_url":"https:\/\/www.musikzeitung.ch\/it\/berichte\/2019\/04\/indiana-jones-und-beethoven\/","og_site_name":"Schweizer Musikzeitung","article_publisher":"https:\/\/www.facebook.com\/SchweizerMusikzeitung\/","article_published_time":"2019-04-14T23:00:00+00:00","article_modified_time":"2024-10-11T13:00:47+00:00","og_image":[{"width":554,"height":369,"url":"https:\/\/www.musikzeitung.ch\/wp-content\/uploads\/2023\/01\/mm-5.jpg","type":"image\/jpeg"}],"author":"Musikzeitung-Redaktion","twitter_card":"summary_large_image","twitter_creator":"@smusikzeitung","twitter_site":"@smusikzeitung","twitter_misc":{"Scritto da":"Musikzeitung-Redaktion","Tempo di lettura stimato":"4 minuti"},"schema":{"@context":"https:\/\/schema.org","@graph":[{"@type":"Article","@id":"https:\/\/www.musikzeitung.ch\/berichte\/2019\/04\/indiana-jones-und-beethoven#article","isPartOf":{"@id":"https:\/\/www.musikzeitung.ch\/berichte\/2019\/04\/indiana-jones-und-beethoven"},"author":{"name":"Musikzeitung-Redaktion","@id":"https:\/\/www.musikzeitung.ch\/#\/schema\/person\/b2fd892c800856270b9dcc6001265712"},"headline":"Indiana Jones und Beethoven","datePublished":"2019-04-14T23:00:00+00:00","dateModified":"2024-10-11T13:00:47+00:00","mainEntityOfPage":{"@id":"https:\/\/www.musikzeitung.ch\/berichte\/2019\/04\/indiana-jones-und-beethoven"},"wordCount":610,"publisher":{"@id":"https:\/\/www.musikzeitung.ch\/#organization"},"image":{"@id":"https:\/\/www.musikzeitung.ch\/berichte\/2019\/04\/indiana-jones-und-beethoven#primaryimage"},"thumbnailUrl":"https:\/\/www.musikzeitung.ch\/wp-content\/uploads\/2023\/01\/mm-5.jpg","keywords":["Musikmesse Frankfurt"],"articleSection":["Ausstellungen","Berichte"],"inLanguage":"it-IT"},{"@type":"WebPage","@id":"https:\/\/www.musikzeitung.ch\/berichte\/2019\/04\/indiana-jones-und-beethoven","url":"https:\/\/www.musikzeitung.ch\/berichte\/2019\/04\/indiana-jones-und-beethoven","name":"Indiana Jones e Beethoven - Schweizer Musikzeitung","isPartOf":{"@id":"https:\/\/www.musikzeitung.ch\/#website"},"primaryImageOfPage":{"@id":"https:\/\/www.musikzeitung.ch\/berichte\/2019\/04\/indiana-jones-und-beethoven#primaryimage"},"image":{"@id":"https:\/\/www.musikzeitung.ch\/berichte\/2019\/04\/indiana-jones-und-beethoven#primaryimage"},"thumbnailUrl":"https:\/\/www.musikzeitung.ch\/wp-content\/uploads\/2023\/01\/mm-5.jpg","datePublished":"2019-04-14T23:00:00+00:00","dateModified":"2024-10-11T13:00:47+00:00","breadcrumb":{"@id":"https:\/\/www.musikzeitung.ch\/berichte\/2019\/04\/indiana-jones-und-beethoven#breadcrumb"},"inLanguage":"it-IT","potentialAction":[{"@type":"ReadAction","target":["https:\/\/www.musikzeitung.ch\/berichte\/2019\/04\/indiana-jones-und-beethoven"]}]},{"@type":"ImageObject","inLanguage":"it-IT","@id":"https:\/\/www.musikzeitung.ch\/berichte\/2019\/04\/indiana-jones-und-beethoven#primaryimage","url":"https:\/\/www.musikzeitung.ch\/wp-content\/uploads\/2023\/01\/mm-5.jpg","contentUrl":"https:\/\/www.musikzeitung.ch\/wp-content\/uploads\/2023\/01\/mm-5.jpg","width":554,"height":369},{"@type":"BreadcrumbList","@id":"https:\/\/www.musikzeitung.ch\/berichte\/2019\/04\/indiana-jones-und-beethoven#breadcrumb","itemListElement":[{"@type":"ListItem","position":1,"name":"Home","item":"https:\/\/www.musikzeitung.ch\/"},{"@type":"ListItem","position":2,"name":"Indiana Jones und Beethoven"}]},{"@type":"WebSite","@id":"https:\/\/www.musikzeitung.ch\/#website","url":"https:\/\/www.musikzeitung.ch\/","name":"Giornale musicale svizzero","description":"Il principale mensile interdisciplinare della Svizzera per le questioni musicali.","publisher":{"@id":"https:\/\/www.musikzeitung.ch\/#organization"},"potentialAction":[{"@type":"SearchAction","target":{"@type":"EntryPoint","urlTemplate":"https:\/\/www.musikzeitung.ch\/?s={search_term_string}"},"query-input":{"@type":"PropertyValueSpecification","valueRequired":true,"valueName":"search_term_string"}}],"inLanguage":"it-IT"},{"@type":"Organization","@id":"https:\/\/www.musikzeitung.ch\/#organization","name":"Giornale musicale svizzero","url":"https:\/\/www.musikzeitung.ch\/","logo":{"@type":"ImageObject","inLanguage":"it-IT","@id":"https:\/\/www.musikzeitung.ch\/#\/schema\/logo\/image\/","url":"https:\/\/www.musikzeitung.ch\/wp-content\/uploads\/2023\/01\/SMZ_Schriftzug_Sprache.png","contentUrl":"https:\/\/www.musikzeitung.ch\/wp-content\/uploads\/2023\/01\/SMZ_Schriftzug_Sprache.png","width":1400,"height":279,"caption":"Schweizer Musikzeitung"},"image":{"@id":"https:\/\/www.musikzeitung.ch\/#\/schema\/logo\/image\/"},"sameAs":["https:\/\/www.facebook.com\/SchweizerMusikzeitung\/","https:\/\/x.com\/smusikzeitung","https:\/\/www.instagram.com\/musikzeitung.ch\/"]},{"@type":"Person","@id":"https:\/\/www.musikzeitung.ch\/#\/schema\/person\/b2fd892c800856270b9dcc6001265712","name":"Redazione Musikzeitung","image":{"@type":"ImageObject","inLanguage":"it-IT","@id":"https:\/\/www.musikzeitung.ch\/wp-content\/uploads\/2022\/05\/usericon_musikzeitung-96x96.jpg","url":"https:\/\/www.musikzeitung.ch\/wp-content\/uploads\/2022\/05\/usericon_musikzeitung-96x96.jpg","contentUrl":"https:\/\/www.musikzeitung.ch\/wp-content\/uploads\/2022\/05\/usericon_musikzeitung-96x96.jpg","caption":"Musikzeitung-Redaktion"},"url":"https:\/\/www.musikzeitung.ch\/it\/author\/admin"}]}},"publishpress_future_workflow_manual_trigger":{"enabledWorkflows":[]},"_links":{"self":[{"href":"https:\/\/www.musikzeitung.ch\/it\/wp-json\/wp\/v2\/posts\/9100","targetHints":{"allow":["GET"]}}],"collection":[{"href":"https:\/\/www.musikzeitung.ch\/it\/wp-json\/wp\/v2\/posts"}],"about":[{"href":"https:\/\/www.musikzeitung.ch\/it\/wp-json\/wp\/v2\/types\/post"}],"author":[{"embeddable":true,"href":"https:\/\/www.musikzeitung.ch\/it\/wp-json\/wp\/v2\/users\/1"}],"replies":[{"embeddable":true,"href":"https:\/\/www.musikzeitung.ch\/it\/wp-json\/wp\/v2\/comments?post=9100"}],"version-history":[{"count":2,"href":"https:\/\/www.musikzeitung.ch\/it\/wp-json\/wp\/v2\/posts\/9100\/revisions"}],"predecessor-version":[{"id":59447,"href":"https:\/\/www.musikzeitung.ch\/it\/wp-json\/wp\/v2\/posts\/9100\/revisions\/59447"}],"wp:featuredmedia":[{"embeddable":true,"href":"https:\/\/www.musikzeitung.ch\/it\/wp-json\/wp\/v2\/media\/9101"}],"wp:attachment":[{"href":"https:\/\/www.musikzeitung.ch\/it\/wp-json\/wp\/v2\/media?parent=9100"}],"wp:term":[{"taxonomy":"category","embeddable":true,"href":"https:\/\/www.musikzeitung.ch\/it\/wp-json\/wp\/v2\/categories?post=9100"},{"taxonomy":"post_tag","embeddable":true,"href":"https:\/\/www.musikzeitung.ch\/it\/wp-json\/wp\/v2\/tags?post=9100"}],"curies":[{"name":"wp","href":"https:\/\/api.w.org\/{rel}","templated":true}]}}